{"id":9927,"date":"2024-07-26T08:25:14","date_gmt":"2024-07-26T05:25:14","guid":{"rendered":"https:\/\/www.greenpeace.org\/romania\/?p=9927"},"modified":"2025-03-13T12:47:17","modified_gmt":"2025-03-13T10:47:17","slug":"plangere-prealabila-impotriva-neptun-deep-greenpeace-cere-revocarea-acordului-de-mediu","status":"publish","type":"post","link":"https:\/\/www.greenpeace.org\/romania\/articol\/9927\/plangere-prealabila-impotriva-neptun-deep-greenpeace-cere-revocarea-acordului-de-mediu\/","title":{"rendered":"Pl\u00e2ngere prealabil\u0103 \u00eempotriva Neptun Deep, Greenpeace cere revocarea acordului de mediu"},"content":{"rendered":"\n<p><strong>26 iulie<\/strong> &#8211; Greenpeace Rom\u00e2nia a trimis o pl\u00e2ngere prealabil\u0103 c\u0103tre Agen\u021biei pentru Protec\u021bia Mediului Constan\u021ba, \u00een care cere revocarea acordului de mediu privind proiectul Neptun Deep. Acest fapt vine ca urmare a deciziei APM Constan\u021ba de a elibera acordul de mediu, \u00een ciuda problemelor semnalate de c\u0103tre Greenpeace. Printre acestea se num\u0103r\u0103:<\/p>\n\n<ul class=\"has-medium-font-size wp-block-list\">\n<li><strong>Lipsa unei evalu\u0103ri adecvate a impactului pe termen lung asupra apei: <\/strong>Autorit\u0103\u021bile rom\u00e2ne <strong>refuz\u0103 <\/strong>s\u0103 publice ce<strong> substan\u021be toxice vor fi deversate<\/strong> \u00een Marea Neagr\u0103;<\/li>\n<\/ul>\n\n<ul class=\"has-medium-font-size wp-block-list\">\n<li><strong>Lipsa unei evalu\u0103ri adecvate a impactului asupra schimb\u0103rilor climatice: <\/strong>Studiul de impact asupra mediului trebuia s\u0103 detalieze emisiile de gaze cu efect de ser\u0103 pe tipuri de emisii, nu s\u0103 le combine \u00eentr-un calcul total al poluan\u021bilor. Astfel, <strong>din cauza informa\u021biilor incomplete<\/strong>, acordul de mediu a concluzionat c\u0103 emisiile de gaze cu efect de ser\u0103 ar fi de mic\u0103 magnitudine, iar impactul acestora ar fi unul moderat.\u00a0<\/li>\n<\/ul>\n\n<ul class=\"has-medium-font-size wp-block-list\">\n<li><strong>Lipsa unei analize de risc prin raportarea la starea de r\u0103zboi din zon\u0103: <\/strong>Nu a fost luat\u0103 \u00een considerare problema prezen\u021bei minelor marine care, aflate \u00een apropierea proiectului, pot avea efecte dezastruoase. \u00cen Marea Neagr\u0103 au fost descoperite, de la \u00eenceputul r\u0103zboiului din Ucraina, peste 100 de mine marine.<\/li>\n<\/ul>\n\n<ul class=\"has-medium-font-size wp-block-list\">\n<li><strong>Lipsa unei analize din perspectiv\u0103 geologic\u0103: <\/strong>Este necesar\u0103 o analiz\u0103 \u00een detaliu a structurii geologice \u0219i a activit\u0103\u021bii de exploatare, care s\u0103 includ\u0103 riscurile erup\u021biilor necontrolate de gaze la ad\u00e2ncimi \u0219i presiuni mari. Aceste erup\u021bii pot genera emisii semnificative de <strong>metan, <\/strong>un gaz care contribuie major la schimb\u0103rile climatice.<\/li>\n<\/ul>\n\n<ul class=\"has-medium-font-size wp-block-list\">\n<li><strong>Lipsa unei consult\u0103ri efective a publicului cu privire la riscurile asociate acestui proiect: <\/strong>Nu s-a realizat o dezbatere efectiv\u0103 care s\u0103 presupun\u0103 aducerea la cuno\u0219tin\u021ba publicului, \u00eentr-un limbaj accesibil, a avantajelor, dar \u0219i a dezavantajelor proiectului pe termen scurt, mediu \u0219i lung, astfel \u00eenc\u00e2t s\u0103 se asigure informarea corect\u0103 \u0219i complet\u0103 pentru a participa la discu\u021bii \u00een deplin\u0103 cuno\u0219tin\u021b\u0103 de cauz\u0103.<\/li>\n<\/ul>\n\n<p><em>\u201cSuntem foarte curio\u0219i s\u0103 vedem cum reprezentan\u021bii Autorit\u0103\u021bii de Protec\u021bie a Mediului Constan\u021ba vor r\u0103spunde pl\u00e2ngerii formulate. Nu avem a\u0219tept\u0103ri foarte mari, c\u0103ci p\u00e2n\u0103 acum autorit\u0103\u021bile de mediu au dovedit c\u0103 mai mult sus\u021bin interesele private dec\u00e2t interesele cet\u0103\u021benilor \u0219i a mediului.&nbsp; Dac\u0103 r\u0103spunsul nu este unul pozitiv \u0219i nu vor revoca Acordul de Mediu&nbsp; nr. <\/em><em>14\/28.06.2024<\/em><em>, atunci urm\u0103torul pas firesc pe care o s\u0103 \u00eel facem, este s\u0103 mergem \u00een instan\u021b\u0103 \u0219i s\u0103 cerem suspendarea acordului de mediu pentru proiectul Neptun Deep. Acest proiect va bloca Rom\u00e2nia \u00een era combustibililor fosili \u0219i va accelera \u0219i mai mult efectele crizei climatice pe care deja le resim\u021bim puternic. Valurile de c\u0103ldur\u0103 pe care le-am experimentat s\u0103pt\u0103m\u00e2nile trecute, vor fi mai multe \u0219i mai intense. \u201d Vlad C\u0103tun\u0103, coordonator campanii Clim\u0103 \u0219i Energie.&nbsp;<\/em><\/p>\n\n<p>Greenpeace Rom\u00e2nia a ac\u021bionat \u00een instan\u021b\u0103 companiile OMV Petrom \u0219i Romgaz, Prim\u0103ria \u0219i Consiliul Local Tuzla, Administra\u021bia Bazinal\u0103 de Ap\u0103 Dobrogea Litoral \u0219i Institutul Na\u021bional de Cercetare-Dezvoltare Marin\u0103 \u201eGrigore Antipa\u201d pentru nereguli \u00een procesele de aprobare \u0219i lips\u0103 de transparen\u021b\u0103 \u00een leg\u0103tur\u0103 cu date cruciale ce vizeaz\u0103 substan\u021bele toxice ce vor fi deversate \u00een Marea Neagr\u0103. De asemenea, organiza\u021bia de mediu a lansat o peti\u021bie pentru protejarea M\u0103rii Negre \u0219i oprirea proiectului Neptun Deep: <a href=\"https:\/\/suport.greenpeace.ro\/salvammareaneagra\">https:\/\/suport.greenpeace.ro\/salvammareaneagra<\/a>&nbsp;<\/p>\n","protected":false},"excerpt":{"rendered":"<p>Greenpeace Rom\u00e2nia a trimis o pl\u00e2ngere prealabil\u0103 c\u0103tre Agen\u021biei pentru Protec\u021bia Mediului Constan\u021ba, \u00een care cere revocarea acordului de mediu privind proiectul Neptun Deep. Acest fapt vine ca urmare a deciziei APM Constan\u021ba de a elibera acordul de mediu, \u00een ciuda problemelor semnalate de c\u0103tre Greenpeace. <\/p>\n","protected":false},"author":34,"featured_media":9928,"comment_status":"open","ping_status":"closed","sticky":false,"template":"","format":"standard","meta":{"ep_exclude_from_search":false,"p4_og_title":"","p4_og_description":"","p4_og_image":"","p4_og_image_id":"","p4_seo_canonical_url":"","p4_campaign_name":"","p4_local_project":"","p4_basket_name":"","p4_department":"","footnotes":""},"categories":[2,31],"tags":[102,125],"p4-page-type":[],"class_list":["post-9927","post","type-post","status-publish","format-standard","has-post-thumbnail","hentry","category-clima-si-energie","category-greenpeace","tag-gaz-fosil-2","tag-marea-neagra-gaz-fosil"],"_links":{"self":[{"href":"https:\/\/www.greenpeace.org\/romania\/wp-json\/wp\/v2\/posts\/9927","targetHints":{"allow":["GET"]}}],"collection":[{"href":"https:\/\/www.greenpeace.org\/romania\/wp-json\/wp\/v2\/posts"}],"about":[{"href":"https:\/\/www.greenpeace.org\/romania\/wp-json\/wp\/v2\/types\/post"}],"author":[{"embeddable":true,"href":"https:\/\/www.greenpeace.org\/romania\/wp-json\/wp\/v2\/users\/34"}],"replies":[{"embeddable":true,"href":"https:\/\/www.greenpeace.org\/romania\/wp-json\/wp\/v2\/comments?post=9927"}],"version-history":[{"count":1,"href":"https:\/\/www.greenpeace.org\/romania\/wp-json\/wp\/v2\/posts\/9927\/revisions"}],"predecessor-version":[{"id":9929,"href":"https:\/\/www.greenpeace.org\/romania\/wp-json\/wp\/v2\/posts\/9927\/revisions\/9929"}],"wp:featuredmedia":[{"embeddable":true,"href":"https:\/\/www.greenpeace.org\/romania\/wp-json\/wp\/v2\/media\/9928"}],"wp:attachment":[{"href":"https:\/\/www.greenpeace.org\/romania\/wp-json\/wp\/v2\/media?parent=9927"}],"wp:term":[{"taxonomy":"category","embeddable":true,"href":"https:\/\/www.greenpeace.org\/romania\/wp-json\/wp\/v2\/categories?post=9927"},{"taxonomy":"post_tag","embeddable":true,"href":"https:\/\/www.greenpeace.org\/romania\/wp-json\/wp\/v2\/tags?post=9927"},{"taxonomy":"p4-page-type","embeddable":true,"href":"https:\/\/www.greenpeace.org\/romania\/wp-json\/wp\/v2\/p4-page-type?post=9927"}],"curies":[{"name":"wp","href":"https:\/\/api.w.org\/{rel}","templated":true}]}}