{"id":9931,"date":"2024-07-23T11:15:10","date_gmt":"2024-07-23T08:15:10","guid":{"rendered":"https:\/\/www.greenpeace.org\/romania\/?p=9931"},"modified":"2026-04-02T13:32:26","modified_gmt":"2026-04-02T10:32:26","slug":"cum-prevenim-conflictele-om-urs","status":"publish","type":"post","link":"https:\/\/www.greenpeace.org\/romania\/articol\/9931\/cum-prevenim-conflictele-om-urs\/","title":{"rendered":"Cum prevenim conflictele om-urs"},"content":{"rendered":"\n<p><strong>Avem legisla\u021bie pentru prevenirea conflictelor \u00eentre comunit\u0103\u021bi \u0219i ur\u0219i?<\/strong><\/p>\n\n<p><strong>Da. <\/strong><\/p>\n\n<p>Exist\u0103 Ordonan\u021ba de Urgen\u021b\u0103 a Guvernului nr. 81\/2021 privind aprobarea metodelor de interven\u021bie imediat\u0103 pentru prevenirea \u0219i combaterea atacurilor exemplarelor de urs brun. Exist\u0103 \u0219i un Ordin de Ministru prin care se acord\u0103 permisiunea de extragere\/\u00eempu\u0219care a ur\u0219ilor problematici, prin cote de preven\u021bie \u0219i interven\u021bie.<\/p>\n\n<p><strong>Se poate \u00eempu\u0219ca ursul care reprezint\u0103 un pericol?<\/strong><\/p>\n\n<p><strong>Da. <\/strong><\/p>\n\n<p>Conform legisla\u021biei, echipa de interven\u021bie analizeaz\u0103 \u0219i concluzioneaz\u0103 dac\u0103 ursul trebuie alungat, relocat sau eutanasiat prin \u00eempu\u0219care.<\/p>\n\n<p><strong>\u00cen cazul tragediei \u00een urma c\u0103reia Maria \u0219i-a pierdut via\u021ba, a fost aplicat\u0103 preven\u021bia?<\/strong><\/p>\n\n<p><strong>Nu. <\/strong><\/p>\n\n<p>Autorit\u0103\u021bile locale din Sinaia, \u00eempreun\u0103 cu gestionarul fondului de v\u00e2n\u0103toare, nu au cerut Ministerului Mediului acordul de a interveni \u0219i de a extrage niciun exemplar de urs, \u00een baza ordinului de ministru prin care se acord\u0103 derog\u0103ri de la protec\u021bia strict\u0103 a speciei, \u00een acord cu legisla\u021bia european\u0103. Asta, de\u0219i prezen\u021ba ur\u0219ilor a fost semnalat\u0103 de c\u0103tre turi\u0219ti \u0219i locuitorii zonei \u00een nenum\u0103rate r\u00e2nduri.<\/p>\n\n<p><strong>\u00cen cazul ur\u0219ilor de pe Transf\u0103g\u0103r\u0103\u0219an, se poate interveni acum?<\/strong><\/p>\n\n<p><strong>Da. <\/strong><\/p>\n\n<p>Majoritatea ONG-urilor de mediu au cerut \u00een repetate r\u00e2nduri, \u00een ultimii doi ani, Ministerului Mediului s\u0103 intervin\u0103 direct, deoarece autorit\u0103\u021bile locale nu sunt capabile s\u0103 implementeze legisla\u021bia aflat\u0103 \u00een vigoare.<\/p>\n\n<p><strong>Se poate v\u00e2na ursul \u00een partide de v\u00e2n\u0103toare de agrement, chiar \u0219i atunci c\u00e2nd ursul nu reprezint\u0103 un pericol pentru comunit\u0103\u021bi sau om?<\/strong><\/p>\n\n<p><strong>Nu. <\/strong><\/p>\n\n<p>\u0218i de aici \u00eencepe isteria provocat\u0103 de v\u00e2n\u0103tori zilele trecute.<\/p>\n\n<p>\u00cen 2015, legisla\u021bia european\u0103 care protejeaz\u0103 ursul a fost transpus\u0103 \u0219i \u00een legisla\u021bia na\u021bional\u0103 din Rom\u00e2nia. Ca urmare, v\u00e2n\u0103toarea de agrement nu a mai fost posibil\u0103 \u00een cazul ursului.<\/p>\n\n<p>Solu\u021bia propus\u0103 de v\u00e2n\u0103tori, cu foarte mult\u0103 energie zilele trecute, este redeschiderea v\u00e2n\u0103torii la trofeu. Asta \u00eenseamn\u0103 mic\u0219orarea num\u0103rului total de ur\u0219i, chiar \u0219i \u00een cele mai izolate zone din Carpa\u021bi, acolo unde habitatul este populat de cele mai viabile exemplare, acei ur\u0219i dominan\u021bi care reprezint\u0103 v\u00e2rful piramidei trofice \u0219i care au un rol de stabilizator al dinamicii demografice a speciei.<\/p>\n\n<p><strong>Care este problema cu v\u00e2n\u0103toarea la trofeu?<\/strong><\/p>\n\n<p>L\u0103s\u0103m deoparte problema etic\u0103 \u0219i cea juridic\u0103, deoarece aceasta ar aduce de la sine deschiderea procedurii de infringement pentru nerespectarea legisla\u021biei europene. V\u00e2n\u0103toarea la trofeu f\u0103r\u0103 un plan de gestionare a speciei poate produce efecte nocive pe termen lung, elimin\u00e2nd cele mai s\u0103n\u0103toase exemplare din punct de vedere genetic \u0219i, mai important, nu aduce beneficii \u00een cazul fenomenului ur\u0219ilor habituati. Cu alte cuvinte, nu ne ajut\u0103 cu nimic s\u0103 elimin\u0103m ur\u0219i care stau bine ascun\u0219i \u00een p\u0103duri, \u00een gestionarea conflictului cu ur\u0219ii care s-au obi\u0219nuit \u00een proximitatea comunit\u0103\u021bilor noastre.<\/p>\n\n<p><strong>Foarte important: nu \u0219tim c\u00e2\u021bi ur\u0219i avem \u00een Rom\u00e2nia!<\/strong><\/p>\n\n<p>Cifrele vehiculate \u00een spa\u021biul public sunt m\u0103sur\u0103tori \u201cbabesti\u201d ale administratorilor fondurilor de v\u00e2n\u0103toare. Ministerul Mediului a pl\u0103tit pentru un recens\u0103m\u00e2nt al popula\u021biei care trebuia s\u0103 fie finalizat \u00een aceast\u0103 prim\u0103var\u0103. Rezultatele finale \u00eent\u00e2rzie s\u0103 apar\u0103.<\/p>\n\n<p><strong>Ce \u0219tim?<\/strong><\/p>\n\n<p>C\u0103 avem o problem\u0103 cu ur\u0219ii habituati. Din cauza proastei gestiuni a de\u0219eurilor, din cauza comportamentului nostru iresponsabil atunci c\u00e2nd gener\u0103m surse de hran\u0103 u\u0219oar\u0103 pentru ei din ignoran\u021b\u0103 sau chiar cu inten\u021bie, c\u00e2nd \u00eei hr\u0103nim cu biscui\u021bi \u00een schimbul unui selfie. Din cauza activit\u0103\u021bii antropice din habitatul ursului: t\u0103ieri de p\u0103dure, ATV-uri etc.<\/p>\n\n<p>Studiile de specialitate \u0219i exper\u021bii din domeniu spun clar c\u0103 o popula\u021bie de ur\u0219i mai mic\u0103 nu se converte\u0219te de la sine \u00eentr-un num\u0103r mai mic de ur\u0219i habituati. Sunt dou\u0103 probleme distincte. De altfel, vedem cum num\u0103rul conflictelor urs-comunit\u0103\u021bi a crescut \u0219i \u00een \u021b\u0103ri cu o popula\u021bie a ur\u0219ilor insignifiant\u0103, vezi cazul Italiei cu o popula\u021bie total\u0103 de 70 de ur\u0219i \u0219i un turist decedat anul trecut.<\/p>\n\n<p><strong>Care este solu\u021bia?<\/strong><\/p>\n\n<ol class=\"wp-block-list\">\n<li>Preven\u021bie prin aplicarea legii existente. Acolo unde avem ur\u0219i habituati trebuie s\u0103 intervenim c\u00e2t mai urgent pentru mic\u0219orarea riscurilor.<\/li>\n\n\n\n<li>Dac\u0103 \u00eembun\u0103t\u0103\u021birea managementului de\u0219eurilor la nivel na\u021bional \u00eent\u00e2rzie s\u0103 se \u00eent\u00e2mple, \u00een cazul comunit\u0103\u021bilor din proximitatea p\u0103durilor este nevoie de implicare din partea autorit\u0103\u021bilor centrale pentru prioritizarea unor sisteme \u00eenchise pentru animalele s\u0103lbatice.<\/li>\n\n\n\n<li>Finalizarea recens\u0103m\u00e2ntului \u0219i crearea unui plan de management al speciei bazat pe dovezi \u0219tiin\u021bifice, \u0219i nu pe nevoile industriei de v\u00e2n\u0103toare.<\/li>\n<\/ol>\n","protected":false},"excerpt":{"rendered":"<p>Studiile de specialitate \u0219i exper\u021bii din domeniu spun clar c\u0103 o popula\u021bie de ur\u0219i mai mic\u0103 nu se converte\u0219te de la sine \u00eentr-un num\u0103r mai mic de ur\u0219i habituati. Sunt dou\u0103 probleme distincte. <\/p>\n","protected":false},"author":34,"featured_media":9932,"comment_status":"open","ping_status":"closed","sticky":false,"template":"","format":"standard","meta":{"ep_exclude_from_search":false,"p4_og_title":"","p4_og_description":"","p4_og_image":"","p4_og_image_id":"","p4_seo_canonical_url":"","p4_campaign_name":"","p4_local_project":"","p4_basket_name":"","p4_department":"","footnotes":""},"categories":[31,3],"tags":[60,26,45],"p4-page-type":[],"class_list":["post-9931","post","type-post","status-publish","format-standard","has-post-thumbnail","hentry","category-greenpeace","category-paduri","tag-natura","tag-activism","tag-paduri"],"_links":{"self":[{"href":"https:\/\/www.greenpeace.org\/romania\/wp-json\/wp\/v2\/posts\/9931","targetHints":{"allow":["GET"]}}],"collection":[{"href":"https:\/\/www.greenpeace.org\/romania\/wp-json\/wp\/v2\/posts"}],"about":[{"href":"https:\/\/www.greenpeace.org\/romania\/wp-json\/wp\/v2\/types\/post"}],"author":[{"embeddable":true,"href":"https:\/\/www.greenpeace.org\/romania\/wp-json\/wp\/v2\/users\/34"}],"replies":[{"embeddable":true,"href":"https:\/\/www.greenpeace.org\/romania\/wp-json\/wp\/v2\/comments?post=9931"}],"version-history":[{"count":1,"href":"https:\/\/www.greenpeace.org\/romania\/wp-json\/wp\/v2\/posts\/9931\/revisions"}],"predecessor-version":[{"id":9933,"href":"https:\/\/www.greenpeace.org\/romania\/wp-json\/wp\/v2\/posts\/9931\/revisions\/9933"}],"wp:featuredmedia":[{"embeddable":true,"href":"https:\/\/www.greenpeace.org\/romania\/wp-json\/wp\/v2\/media\/9932"}],"wp:attachment":[{"href":"https:\/\/www.greenpeace.org\/romania\/wp-json\/wp\/v2\/media?parent=9931"}],"wp:term":[{"taxonomy":"category","embeddable":true,"href":"https:\/\/www.greenpeace.org\/romania\/wp-json\/wp\/v2\/categories?post=9931"},{"taxonomy":"post_tag","embeddable":true,"href":"https:\/\/www.greenpeace.org\/romania\/wp-json\/wp\/v2\/tags?post=9931"},{"taxonomy":"p4-page-type","embeddable":true,"href":"https:\/\/www.greenpeace.org\/romania\/wp-json\/wp\/v2\/p4-page-type?post=9931"}],"curies":[{"name":"wp","href":"https:\/\/api.w.org\/{rel}","templated":true}]}}