{"id":9935,"date":"2024-07-26T12:01:30","date_gmt":"2024-07-26T09:01:30","guid":{"rendered":"https:\/\/www.greenpeace.org\/romania\/?p=9935"},"modified":"2025-03-13T12:46:45","modified_gmt":"2025-03-13T10:46:45","slug":"am-facut-urmatorii-pasi-pentru-oprirea-neptun-deep-ne-ajuti-si-tu","status":"publish","type":"post","link":"https:\/\/www.greenpeace.org\/romania\/articol\/9935\/am-facut-urmatorii-pasi-pentru-oprirea-neptun-deep-ne-ajuti-si-tu\/","title":{"rendered":"Am f\u0103cut urm\u0103torii pa\u0219i pentru oprirea Neptun Deep. Ne aju\u021bi \u0219i tu?"},"content":{"rendered":"\n<p><strong>\ud83d\udd25 Recorduri de temperatur\u0103 zdrobite zi de zi<\/strong><\/p>\n\n<p>Zi dup\u0103 zi dep\u0103\u0219im recorduri de temperatur\u0103. Duminic\u0103, 21 iulie, a fost declarat\u0103 cea mai c\u0103lduroas\u0103 zi \u00eenregistrat\u0103 vreodat\u0103 la nivel global. Asta p\u00e2n\u0103 a doua zi, c\u00e2nd, nici dup\u0103 24 de ore, recordul a fost dobor\u00e2t, potrivit datelor Serviciului Copernicus pentru schimb\u0103ri climatice.<\/p>\n\n<p>Din p\u0103cate, problema nu se rezum\u0103 doar la c\u00e2teva zile de iulie. Copernicus a indicat c\u0103 fiecare lun\u0103, \u00eencep\u00e2nd cu iunie 2023, adic\u0103 13 luni la r\u00e2nd, a fost cea mai c\u0103lduroas\u0103 de la \u00eenceputul \u00eenregistr\u0103rilor. Continu\u0103m s\u0103 fierbem \u00een aceast\u0103 oal\u0103 clocotit\u0103, iar fiecare zi care trece adaug\u0103 un nou nivel de disconfort termic. Dobor\u00e2m recorduri peste recorduri \u00een timp ce poluatorii stau la umbra profiturilor imense.<\/p>\n\n<figure class=\"wp-block-image size-full\"><img loading=\"lazy\" decoding=\"async\" width=\"1024\" height=\"684\" src=\"https:\/\/www.greenpeace.org\/static\/planet4-romania-stateless\/2024\/07\/73715f6d-450626638_10161657450526635_8661462168244272953_n.jpg\" alt=\"\" class=\"wp-image-9936\" srcset=\"https:\/\/www.greenpeace.org\/static\/planet4-romania-stateless\/2024\/07\/73715f6d-450626638_10161657450526635_8661462168244272953_n.jpg 1024w, https:\/\/www.greenpeace.org\/static\/planet4-romania-stateless\/2024\/07\/73715f6d-450626638_10161657450526635_8661462168244272953_n-300x200.jpg 300w, https:\/\/www.greenpeace.org\/static\/planet4-romania-stateless\/2024\/07\/73715f6d-450626638_10161657450526635_8661462168244272953_n-768x513.jpg 768w, https:\/\/www.greenpeace.org\/static\/planet4-romania-stateless\/2024\/07\/73715f6d-450626638_10161657450526635_8661462168244272953_n-510x340.jpg 510w\" sizes=\"auto, (max-width: 1024px) 100vw, 1024px\" \/><\/figure>\n\n<p><strong>\ud83c\udfed Combustibilii Fosili \u2013 Motorul Crizei Climatice<\/strong><\/p>\n\n<p>Arderea combustibililor fosili alimenteaz\u0103 motorul crizei climatice \u0219i ne \u00eencinge atmosfera. \u00cen urma acordului de la Paris, statele membre au c\u0103zut de acord c\u0103 vor reduce emisiile cu efect de ser\u0103 cu cel pu\u021bin 43% p\u00e2n\u0103 \u00een 2030. Cu toate acestea, proiecte noi de combustibili fosili nu \u00eenceteaz\u0103 s\u0103 apar\u0103. Deghizate sub scuze de genul \u201etrebuie s\u0103 asigur\u0103m independen\u021ba energetic\u0103\u201d sau \u201esunt necesare \u00een cadrul tranzi\u021biei energetice\u201d, aceste proiecte primesc investi\u021bii uria\u0219e \u0219i sunt promovate de autorit\u0103\u021bile care ar trebui s\u0103 implementeze solu\u021bii, nu s\u0103 ne afunde \u0219i mai tare \u00een criza climatic\u0103.<\/p>\n\n<p><strong>Efectele crizei climatice \u00een Rom\u00e2nia<\/strong><\/p>\n\n<p>\u00cen Rom\u00e2nia, efectele ultimului val de c\u0103ldur\u0103 sunt devastatoare. Aproape 500 de localit\u0103\u021bi nu au ap\u0103 sau dau ap\u0103 cu por\u021bia. Seceta extrem\u0103 a f\u0103cut ca rezervoarele de ap\u0103 s\u0103 sece, iar oamenii \u0219i animalele sufer\u0103 \u00een timp ce autorit\u0103\u021bile caut\u0103 solu\u021bii pe termen scurt. \u00cens\u0103, \u00een loc s\u0103 abordeze cauzele profunde ale acestor probleme, investi\u021biile \u00een noi combustibili fosili continu\u0103 s\u0103 ne agraveze situa\u021bia \u0219i s\u0103 ne amenin\u021be s\u0103n\u0103tatea.<\/p>\n\n<figure class=\"wp-block-image size-full\"><img loading=\"lazy\" decoding=\"async\" width=\"315\" height=\"224\" src=\"https:\/\/www.greenpeace.org\/static\/planet4-romania-stateless\/2024\/07\/aff3f26b-harta.svg_.png\" alt=\"\" class=\"wp-image-9937\" srcset=\"https:\/\/www.greenpeace.org\/static\/planet4-romania-stateless\/2024\/07\/aff3f26b-harta.svg_.png 315w, https:\/\/www.greenpeace.org\/static\/planet4-romania-stateless\/2024\/07\/aff3f26b-harta.svg_-300x213.png 300w\" sizes=\"auto, (max-width: 315px) 100vw, 315px\" \/><\/figure>\n\n<p><strong>Neptun Deep \u2013 O amenin\u021bare major\u0103 pentru viitorul nostru<\/strong><\/p>\n\n<p>Proiectul Neptun Deep reprezint\u0103 o amenin\u021bare alarmant\u0103 pentru mediul \u00eenconjur\u0103tor \u0219i pentru eforturile noastre de a combate schimb\u0103rile climatice. Acest proiect prevede extrac\u021bia gazelor fosile din Marea Neagr\u0103, dar cu pre\u021bul deterior\u0103rii ecosistemelor marine \u0219i al cre\u0219terii emisiilor de gaze cu efect de ser\u0103.<\/p>\n\n<p>Greenpeace Rom\u00e2nia se opune ferm acestui proiect din urm\u0103toarele motive:<\/p>\n\n<ul class=\"wp-block-list\">\n<li><strong>Impact Negativ Asupra Mediului:<\/strong> Lipsa unei evalu\u0103ri adecvate a impactului pe termen lung asupra apei \u0219i asupra schimb\u0103rilor climatice.<\/li>\n\n\n\n<li><strong>Riscuri de Securitate:<\/strong> Lipsa unei analize de risc \u00een contextul st\u0103rii de r\u0103zboi din zon\u0103 \u0219i a prezen\u021bei minelor marine.<\/li>\n\n\n\n<li><strong>Transparen\u021b\u0103 \u0219i Participare Public\u0103:<\/strong> Lipsa unei consult\u0103ri efective a publicului cu privire la riscurile asociate acestui proiect.<\/li>\n<\/ul>\n\n<p><strong>Azi avem nevoie de tine<\/strong><\/p>\n\n<p>Ast\u0103zi, 26 iulie, Greenpeace Rom\u00e2nia a trimis o pl\u00e2ngere prealabil\u0103 c\u0103tre Agen\u021bia pentru Protec\u021bia Mediului Constan\u021ba, cer\u00e2nd revocarea acordului de mediu pentru proiectul Neptun Deep. Aceasta vine ca urmare a deciziei APM Constan\u021ba de a elibera acordul de mediu, \u00een ciuda problemelor semnalate de c\u0103tre Greenpeace, celor 11.000 de emailuri trimise Ministerului Mediului, APM \u0219i celor peste 32.000 de semn\u0103turi pentru peti\u021bia care cere protejarea M\u0103rii Negre. Dac\u0103 r\u0103spunsul nu va fi unul pozitiv, urm\u0103torul pas este s\u0103 mergem \u00een instan\u021b\u0103 pentru a cere suspendarea acordului de mediu.<\/p>\n\n<p>Aici po\u021bi s\u0103 ne sus\u021bii \u0219i tu. Procesele pe care le avem \u00een derulare sunt extrem de costisitoare \u0219i pun o mare presiune pe resursele noastre. Cu ajutorul t\u0103u, printr-o dona\u021bie lunar\u0103, putem continua s\u0103 lupt\u0103m \u00eempotriva Neptun Deep \u0219i s\u0103 protej\u0103m mediul \u00eenconjur\u0103tor.&nbsp;<\/p>\n\n<p><a href=\"https:\/\/act.greenpeace.ro\/doneaza\/mareaneagra\" data-type=\"link\" data-id=\"https:\/\/act.greenpeace.ro\/doneaza\/mareaneagra\">Sus\u021bin printr-o dona\u021bie lunar\u0103\u00a0<\/a><\/p>\n\n<p><strong>\u270a Trebuie s\u0103 ne oprim!<\/strong><\/p>\n\n<p>Ne-am asumat o campanie mare cu oponen\u021bi puternici, dar dup\u0103 ultimele s\u0103pt\u0103m\u00e2ni cred c\u0103 vedem cu to\u021bii c\u0103 nu exist\u0103 alt\u0103 variant\u0103 dec\u00e2t s\u0103 facem tot ce putem pentru a opri noile proiecte de combustibili fosili \u0219i a ameliora efectele schimb\u0103rilor climatice: valurile de c\u0103ldur\u0103, seceta, de\u0219ertificarea, pierderea biodiversit\u0103\u021bii.&nbsp;<\/p>\n\n<p>Avem nevoie s\u0103 putem tr\u0103i \u00een continuare pe aceast\u0103 planet\u0103 f\u0103r\u0103 s\u0103 st\u0103m tot timpul \u00een alert\u0103 (fie ne ascundem de canicul\u0103, fie de furtunile care vin de nic\u0103ieri).<\/p>\n","protected":false},"excerpt":{"rendered":"<p>\ud83d\udd25 Recorduri de temperatur\u0103 zdrobite zi de zi. Duminic\u0103, 21 iulie, a fost declarat\u0103 cea mai c\u0103lduroas\u0103 zi \u00eenregistrat\u0103 vreodat\u0103 la nivel global. Asta p\u00e2n\u0103 a doua zi, c\u00e2nd, nici dup\u0103 24 de ore, recordul a fost dobor\u00e2t, potrivit datelor Serviciului Copernicus pentru schimb\u0103ri climatice.<\/p>\n","protected":false},"author":34,"featured_media":9936,"comment_status":"open","ping_status":"closed","sticky":false,"template":"","format":"standard","meta":{"ep_exclude_from_search":false,"p4_og_title":"","p4_og_description":"","p4_og_image":"","p4_og_image_id":"","p4_seo_canonical_url":"","p4_campaign_name":"","p4_local_project":"","p4_basket_name":"","p4_department":"","footnotes":""},"categories":[2,31],"tags":[125,102],"p4-page-type":[],"class_list":["post-9935","post","type-post","status-publish","format-standard","has-post-thumbnail","hentry","category-clima-si-energie","category-greenpeace","tag-marea-neagra-gaz-fosil","tag-gaz-fosil-2"],"_links":{"self":[{"href":"https:\/\/www.greenpeace.org\/romania\/wp-json\/wp\/v2\/posts\/9935","targetHints":{"allow":["GET"]}}],"collection":[{"href":"https:\/\/www.greenpeace.org\/romania\/wp-json\/wp\/v2\/posts"}],"about":[{"href":"https:\/\/www.greenpeace.org\/romania\/wp-json\/wp\/v2\/types\/post"}],"author":[{"embeddable":true,"href":"https:\/\/www.greenpeace.org\/romania\/wp-json\/wp\/v2\/users\/34"}],"replies":[{"embeddable":true,"href":"https:\/\/www.greenpeace.org\/romania\/wp-json\/wp\/v2\/comments?post=9935"}],"version-history":[{"count":1,"href":"https:\/\/www.greenpeace.org\/romania\/wp-json\/wp\/v2\/posts\/9935\/revisions"}],"predecessor-version":[{"id":9938,"href":"https:\/\/www.greenpeace.org\/romania\/wp-json\/wp\/v2\/posts\/9935\/revisions\/9938"}],"wp:featuredmedia":[{"embeddable":true,"href":"https:\/\/www.greenpeace.org\/romania\/wp-json\/wp\/v2\/media\/9936"}],"wp:attachment":[{"href":"https:\/\/www.greenpeace.org\/romania\/wp-json\/wp\/v2\/media?parent=9935"}],"wp:term":[{"taxonomy":"category","embeddable":true,"href":"https:\/\/www.greenpeace.org\/romania\/wp-json\/wp\/v2\/categories?post=9935"},{"taxonomy":"post_tag","embeddable":true,"href":"https:\/\/www.greenpeace.org\/romania\/wp-json\/wp\/v2\/tags?post=9935"},{"taxonomy":"p4-page-type","embeddable":true,"href":"https:\/\/www.greenpeace.org\/romania\/wp-json\/wp\/v2\/p4-page-type?post=9935"}],"curies":[{"name":"wp","href":"https:\/\/api.w.org\/{rel}","templated":true}]}}