{"id":9948,"date":"2024-08-13T15:43:28","date_gmt":"2024-08-13T12:43:28","guid":{"rendered":"https:\/\/www.greenpeace.org\/romania\/?p=9948"},"modified":"2025-07-02T10:35:09","modified_gmt":"2025-07-02T07:35:09","slug":"caldura-te-va-ucide-prima","status":"publish","type":"post","link":"https:\/\/www.greenpeace.org\/romania\/articol\/9948\/caldura-te-va-ucide-prima\/","title":{"rendered":"C\u0103ldura te va ucide prima"},"content":{"rendered":"\n<p>Imagineaz\u0103-\u021bi c\u0103 este miezul nop\u021bii \u0219i, \u00een lini\u0219tea camerei tale, \u00eencepe s\u0103 sune telefonul. Te ridici din pat \u0219i b\u00e2jb\u00e2i pe \u00eentuneric p\u00e2n\u0103 g\u0103se\u0219ti telefonul l\u0103sat strategic pe dulapul din partea cealalt\u0103 a camerei. Ai citit c\u0103 igiena somnului este foarte important\u0103, a\u0219a c\u0103 nu mai dormi cu telefonul \u00een pat, ca s\u0103 nu ai acces la ecran. Pe telefon apare num\u0103rul \u0219efului de echip\u0103, a\u0219a c\u0103 r\u0103spunzi. \u00cen zece minute nu mai sim\u021bi nici somn, nici oboseal\u0103. E\u0219ti pe drum spre munc\u0103, iar \u00een minte \u00ee\u021bi r\u0103sun\u0103 mesajele pe care le-ai primit: \u201e<em>Trebuie neap\u0103rat s\u0103 ajungi s\u0103 salvezi recoltele acum!<\/em>\u201d, altfel vei ajunge s\u0103 le vezi distruse m\u00e2ine, c\u00e2nd meteorologii au prognozat val de c\u0103ldur\u0103 extrem.<\/p>\n\n<p>Aceasta a fost realitatea lucr\u0103torilor de la livezile de cire\u0219i din Yakima Valley, statul Washington, \u00een 2021, c\u00e2nd au fost chema\u021bi la unu noaptea s\u0103 culeag\u0103 toate fructele. Era finalul lunii iunie c\u00e2nd un val de canicul\u0103 de o amploare f\u0103r\u0103 precedent a lovit regiunea Pacificului de Nord-Vest a Canadei \u0219i a Statelor Unite. <strong>Temperatura a ajuns atunci la 49.6 \u00b0C<\/strong> \u0219i a f\u0103cut victime pe toate fronturile. Oamenii vulnerabili, \u00een special b\u0103tr\u00e2nii, care nu \u0219i-au permis aer condi\u021bionat<strong> au fost g\u0103si\u021bi mor\u021bi \u00een case,<\/strong> <strong>somonii nu au mai urcat s\u0103-\u0219i depun\u0103 icrele,<\/strong> ci au naufragiat la mal lipsi\u021bi de via\u021b\u0103, <strong>zeci de trupuri zdrobite de p\u0103s\u0103ri au fost g\u0103site<\/strong> de c\u0103tre excursioni\u0219ti, iar <strong>copacii \u0219i-au \u00eencre\u021bit \u0219i pierdut frunzele.&nbsp;<\/strong><\/p>\n\n<p>P\u0103m\u00e2ntul pe care tr\u0103im continu\u0103 s\u0103 se \u00eenc\u0103lzeasc\u0103 sub picioarele noastre, iar noi, prin\u0219i \u00een vie\u021bi aglomerate \u0219i \u00een probleme, <strong>nu realiz\u0103m asta pe deplin<\/strong>. Arderea combustibililor fosili, mai ales \u00een aceast\u0103 perioad\u0103 \u00een care cererea de energie pentru a ne r\u0103ci casele este mult mai mare, reprezint\u0103 principalul factor care ne \u00eempinge tot mai mult spre a repeta ziua de iunie 2021 din Statele Unite.<strong> \u0218i nu doar o dat\u0103, ci la infinit.\u00a0 <\/strong>\u00a0<\/p>\n\n<p>Serviciului Copernicus pentru schimb\u0103ri climatice a indicat c\u0103 fiecare lun\u0103, \u00eencep\u00e2nd cu iunie 2023, adic\u0103 <strong>13 luni la r\u00e2nd, a fost cea mai c\u0103lduroas\u0103 de la \u00eenceputul \u00eenregistr\u0103rilor. <\/strong>Oamenii de \u0219tiin\u021b\u0103 spun c\u0103 lumea este la fel de fierbinte ca acum 125.000 de ani din cauza schimb\u0103rilor climatice.&nbsp;<\/p>\n\n<p>\u00ce\u021bi recomand cartea <strong>\u201eC\u0103ldura te va ucide prima: via\u021ba \u0219i moartea pe o planet\u0103 p\u00e2rjolit\u0103\u201d<\/strong>, de Jeff Goodell, tip\u0103rit\u0103 \u00een Rom\u00e2nia de editura ZYX Books. Acolo vei g\u0103si mai multe pove\u0219ti ca cea despre lucr\u0103torii din livezile de cire\u0219i \u0219i vei putea \u00een\u021belege de ce este at\u00e2t de important s\u0103 acord\u0103m aten\u021bie acestui fenomen pe care nu-l lu\u0103m suficient de mult \u00een serios &#8211; canicula. Chiar \u0219i Jeff Goodell afirm\u0103 \u00een carte c\u0103, poate, unul dintre motivele pentru care valurile de c\u0103ldur\u0103 nu sunt privite cu ochi alarman\u021bi este c\u0103 nu \u00een\u021belegem pe deplin ce ar \u00eensemna pentru planeta noastr\u0103 \u0219i pentru noi cre\u0219terea temperaturilor.\u00a0<\/p>\n\n<figure class=\"wp-block-image size-large is-resized\"><img loading=\"lazy\" decoding=\"async\" width=\"768\" height=\"1024\" src=\"https:\/\/www.greenpeace.org\/static\/planet4-romania-stateless\/2024\/08\/dbcbc2d1-455641960_908268837988570_6040484617779603658_n-1-768x1024.jpg\" alt=\"\" class=\"wp-image-9951\" style=\"width:742px;height:auto\" srcset=\"https:\/\/www.greenpeace.org\/static\/planet4-romania-stateless\/2024\/08\/dbcbc2d1-455641960_908268837988570_6040484617779603658_n-1-768x1024.jpg 768w, https:\/\/www.greenpeace.org\/static\/planet4-romania-stateless\/2024\/08\/dbcbc2d1-455641960_908268837988570_6040484617779603658_n-1-225x300.jpg 225w, https:\/\/www.greenpeace.org\/static\/planet4-romania-stateless\/2024\/08\/dbcbc2d1-455641960_908268837988570_6040484617779603658_n-1-1152x1536.jpg 1152w, https:\/\/www.greenpeace.org\/static\/planet4-romania-stateless\/2024\/08\/dbcbc2d1-455641960_908268837988570_6040484617779603658_n-1-1025x1366.jpg 1025w, https:\/\/www.greenpeace.org\/static\/planet4-romania-stateless\/2024\/08\/dbcbc2d1-455641960_908268837988570_6040484617779603658_n-1-255x340.jpg 255w, https:\/\/www.greenpeace.org\/static\/planet4-romania-stateless\/2024\/08\/dbcbc2d1-455641960_908268837988570_6040484617779603658_n-1.jpg 1536w\" sizes=\"auto, (max-width: 768px) 100vw, 768px\" \/><\/figure>\n\n<p style=\"font-style:normal;font-weight:200\">,,Citind cartea lui Goodell \u00een plin val de c\u0103ldur\u0103, cel mai lung \u0219i cel mai intens de vara asta \u2013 chiar al III-lea \u2013, nu pot dec\u00e2t s\u0103 zic c\u0103, \u00eentr-adev\u0103r, c\u0103ldura ne va ucide. Nu \u0219tiu dac\u0103 azi, dar \u0219tiu clar c\u0103 \u00eentr-un m\u00e2ine apropiat. <strong>E cea mai rece var\u0103 a vie\u021bii mele.<\/strong> Afar\u0103 sunt 45 de grade la umbr\u0103 \u0219i m\u0103 g\u00e2ndesc la cei care nu au luxul unui acoperi\u0219, la cei care au pene de curent sau au ap\u0103 cu por\u021bia.<\/p>\n\n<p style=\"font-style:normal;font-weight:200\">\u0218i nici m\u0103car nu este un scenariu distopic; este luna iulie 2024, \u00eentr-un an care a atins toate recordurile de temperatur\u0103 posibile \u00eenc\u0103 din luna ianuarie. M\u0103 sperie ce se \u00eent\u00e2mpl\u0103 cu clima mai mult dec\u00e2t m-a speriat cartea asta. M\u0103 sperie viitorul, dar cred c\u0103, at\u00e2ta timp c\u00e2t nu suntem con\u0219tien\u021bi de ceea ce ni se \u00eent\u00e2mpl\u0103 \u0219i ce ni se va \u00eent\u00e2mpla, nici nu vom fi capabili s\u0103 ac\u021bion\u0103m. \u0218i aici intervine aceast\u0103 carte: nu te las\u0103 s\u0103 nu \u0219tii. Se uit\u0103 drept \u00een ochii t\u0103i \u0219i \u00ee\u021bi toarn\u0103 adev\u0103rul. Fie c\u0103 e\u0219ti sau nu preg\u0103titx s\u0103-l prime\u0219ti.<\/p>\n\n<p style=\"font-style:normal;font-weight:200\">Ne-am obi\u0219nuit at\u00e2t de tare cu luxul nostru \u0219i dependen\u021ba de combustibili fosili \u00eenc\u00e2t prefer\u0103m s\u0103 nu facem leg\u0103tura \u00eentre temperaturile nebune \u0219i combustibilii fosili pe care \u00eei consum\u0103m ca s\u0103 reducem temperatura \u00een cas\u0103. Suntem ni\u0219te \u0219oareci care alearg\u0103 pe roti\u021ba infinit\u0103 a propriei distrugeri\u201d, spune Laura Bonciu, Digital Creative and Communications Officer la Greenpeace Rom\u00e2nia.<\/p>\n\t\t\t<section\n\t\t\tclass=\"boxout  \"\n\t\t\t\n\t\t>\n\t\t\t<a\n\t\t\t\tdata-ga-category=\"Take Action Boxout\"\n\t\t\t\tdata-ga-action=\"Image\"\n\t\t\t\tdata-ga-label=\"n\/a\"\n\t\t\t\tclass=\"cover-card-overlay\"\n\t\t\t\thref=\"https:\/\/zyxbooks.ro\/product\/caldura-te-va-ucide-prima-jeff-goodell-zyx-books\/?fbclid=IwY2xjawEW1ZtleHRuA2FlbQIxMAABHYlWq4Ub_HXqDNVs6iGs4xfHRZt2ad3J9KoP9WamyfKs9-r6XswZg-meCw_aem_o12hlCGQ088Tc1_ujC7aUw&amp;utm_campaign=Climate%20%26%20Energy&amp;utm_source=hs_email&amp;utm_medium=email&amp;_hsenc=p2ANqtz-_Rz6tbB7A96_q931HBwhUIpNTXiK2_AW1mXqGYO90a0YO-TnmvX8PzJwrTk8ZoFIsu3Uzv\" \n\t\t\t><\/a>\n\t\t\t\t\t\t\t<img\n\t\t\t\t\t\tsrc=\"https:\/\/www.greenpeace.org\/static\/planet4-romania-stateless\/2024\/08\/c96eacca-untitled-design-4-1024x1024.png\"\n\t\t\t\t\t\tsrcset=\"https:\/\/www.greenpeace.org\/static\/planet4-romania-stateless\/2024\/08\/c96eacca-untitled-design-4-300x300.png 300w, https:\/\/www.greenpeace.org\/static\/planet4-romania-stateless\/2024\/08\/c96eacca-untitled-design-4-1024x1024.png 1024w, https:\/\/www.greenpeace.org\/static\/planet4-romania-stateless\/2024\/08\/c96eacca-untitled-design-4-150x150.png 150w, https:\/\/www.greenpeace.org\/static\/planet4-romania-stateless\/2024\/08\/c96eacca-untitled-design-4-768x768.png 768w, https:\/\/www.greenpeace.org\/static\/planet4-romania-stateless\/2024\/08\/c96eacca-untitled-design-4-340x340.png 340w, https:\/\/www.greenpeace.org\/static\/planet4-romania-stateless\/2024\/08\/c96eacca-untitled-design-4.png 1080w\"\n\t\t\t\t\t\tsizes=\"(min-width: 1000px) 358px, (min-width: 780px) 313px, 88px\"\n\t\t\t\t\t\talt=\"\" title=\"\"\n\t\t\t\t\/>\n            \t\t\t<div class=\"boxout-content\">\n\t\t\t\t\t\t\t\t\t<a\n\t\t\t\t\t\tclass=\"boxout-heading medium\"\n\t\t\t\t\t\tdata-ga-category=\"Take Action Boxout\"\n\t\t\t\t\t\tdata-ga-action=\"Title\"\n\t\t\t\t\t\tdata-ga-label=\"n\/a\"\n\t\t\t\t\t\thref=\"https:\/\/zyxbooks.ro\/product\/caldura-te-va-ucide-prima-jeff-goodell-zyx-books\/?fbclid=IwY2xjawEW1ZtleHRuA2FlbQIxMAABHYlWq4Ub_HXqDNVs6iGs4xfHRZt2ad3J9KoP9WamyfKs9-r6XswZg-meCw_aem_o12hlCGQ088Tc1_ujC7aUw&amp;utm_campaign=Climate%20%26%20Energy&amp;utm_source=hs_email&amp;utm_medium=email&amp;_hsenc=p2ANqtz-_Rz6tbB7A96_q931HBwhUIpNTXiK2_AW1mXqGYO90a0YO-TnmvX8PzJwrTk8ZoFIsu3Uzv\"\n\t\t\t\t\t\t\n\t\t\t\t\t>\n\t\t\t\t\t\tC\u0103ldura te va ucide prima\n\t\t\t\t\t<\/a>\n\t\t\t\t\t\t\t\t                                    <a\n                        class=\"btn btn-primary\"\n                        data-ga-category=\"Take Action Boxout\"\n                        data-ga-action=\"Call to Action\"\n                        data-ga-label=\"n\/a\"\n                        href=\"https:\/\/zyxbooks.ro\/product\/caldura-te-va-ucide-prima-jeff-goodell-zyx-books\/?fbclid=IwY2xjawEW1ZtleHRuA2FlbQIxMAABHYlWq4Ub_HXqDNVs6iGs4xfHRZt2ad3J9KoP9WamyfKs9-r6XswZg-meCw_aem_o12hlCGQ088Tc1_ujC7aUw&amp;utm_campaign=Climate%20%26%20Energy&amp;utm_source=hs_email&amp;utm_medium=email&amp;_hsenc=p2ANqtz-_Rz6tbB7A96_q931HBwhUIpNTXiK2_AW1mXqGYO90a0YO-TnmvX8PzJwrTk8ZoFIsu3Uzv\"\n                        \n                    >\n                        Cump\u0103r\u0103 cartea\n                    <\/a>\n                \t\t\t<\/div>\n\t\t\t\t\t<\/section>\n\t","protected":false},"excerpt":{"rendered":"<p>Serviciului Copernicus pentru schimb\u0103ri climatice a indicat c\u0103 fiecare lun\u0103, \u00eencep\u00e2nd cu iunie 2023, adic\u0103 13 luni la r\u00e2nd, a fost cea mai c\u0103lduroas\u0103 de la \u00eenceputul \u00eenregistr\u0103rilor. Oamenii de \u0219tiin\u021b\u0103 spun c\u0103 lumea este la fel de fierbinte ca acum 125.000 de ani din cauza schimb\u0103rilor climatice.\u00a0<\/p>\n","protected":false},"author":34,"featured_media":9949,"comment_status":"open","ping_status":"closed","sticky":false,"template":"","format":"standard","meta":{"ep_exclude_from_search":false,"p4_og_title":"","p4_og_description":"","p4_og_image":"","p4_og_image_id":"","p4_seo_canonical_url":"","p4_campaign_name":"","p4_local_project":"","p4_basket_name":"","p4_department":"","footnotes":""},"categories":[2,31],"tags":[36,97],"p4-page-type":[],"class_list":["post-9948","post","type-post","status-publish","format-standard","has-post-thumbnail","hentry","category-clima-si-energie","category-greenpeace","tag-criza-climatica","tag-schimbari-climatice"],"_links":{"self":[{"href":"https:\/\/www.greenpeace.org\/romania\/wp-json\/wp\/v2\/posts\/9948","targetHints":{"allow":["GET"]}}],"collection":[{"href":"https:\/\/www.greenpeace.org\/romania\/wp-json\/wp\/v2\/posts"}],"about":[{"href":"https:\/\/www.greenpeace.org\/romania\/wp-json\/wp\/v2\/types\/post"}],"author":[{"embeddable":true,"href":"https:\/\/www.greenpeace.org\/romania\/wp-json\/wp\/v2\/users\/34"}],"replies":[{"embeddable":true,"href":"https:\/\/www.greenpeace.org\/romania\/wp-json\/wp\/v2\/comments?post=9948"}],"version-history":[{"count":8,"href":"https:\/\/www.greenpeace.org\/romania\/wp-json\/wp\/v2\/posts\/9948\/revisions"}],"predecessor-version":[{"id":11195,"href":"https:\/\/www.greenpeace.org\/romania\/wp-json\/wp\/v2\/posts\/9948\/revisions\/11195"}],"wp:featuredmedia":[{"embeddable":true,"href":"https:\/\/www.greenpeace.org\/romania\/wp-json\/wp\/v2\/media\/9949"}],"wp:attachment":[{"href":"https:\/\/www.greenpeace.org\/romania\/wp-json\/wp\/v2\/media?parent=9948"}],"wp:term":[{"taxonomy":"category","embeddable":true,"href":"https:\/\/www.greenpeace.org\/romania\/wp-json\/wp\/v2\/categories?post=9948"},{"taxonomy":"post_tag","embeddable":true,"href":"https:\/\/www.greenpeace.org\/romania\/wp-json\/wp\/v2\/tags?post=9948"},{"taxonomy":"p4-page-type","embeddable":true,"href":"https:\/\/www.greenpeace.org\/romania\/wp-json\/wp\/v2\/p4-page-type?post=9948"}],"curies":[{"name":"wp","href":"https:\/\/api.w.org\/{rel}","templated":true}]}}