{"id":10045,"date":"2025-10-01T14:09:23","date_gmt":"2025-10-01T12:09:23","guid":{"rendered":"https:\/\/www.greenpeace.org\/slovakia\/?p=10045"},"modified":"2025-10-01T14:09:26","modified_gmt":"2025-10-01T12:09:26","slug":"historicky-moment-prijatia-dohovoru-o-oceanoch-krajiny-musia-bezodkladne-zacat-vytvarat-chranene-oblasti-na-otvorenom-mori","status":"publish","type":"post","link":"https:\/\/www.greenpeace.org\/slovakia\/clanok\/10045\/historicky-moment-prijatia-dohovoru-o-oceanoch-krajiny-musia-bezodkladne-zacat-vytvarat-chranene-oblasti-na-otvorenom-mori\/","title":{"rendered":"Historick\u00fd moment prijatia Dohovoru o oce\u00e1noch: Krajiny musia bezodkladne za\u010da\u0165 vytv\u00e1ra\u0165 chr\u00e1nen\u00e9 oblasti na otvorenom mori"},"content":{"rendered":"\n<p>Oce\u00e1ny \u010dak\u00e1 historick\u00fd zlom: Glob\u00e1lny dohovor o oce\u00e1noch z\u00edskal 60. ratifik\u00e1ciu a m\u00f4\u017ee vst\u00fapi\u0165 do platnosti. Teraz je v\u0161ak na krajin\u00e1ch, aby okam\u017eite konali \u2013 \u010das sa kr\u00e1ti do prvej celosvetovej konferencie COP o oce\u00e1noch.\u201c<\/p>\n\n<p>Dnes je plne alebo pr\u00edsne chr\u00e1nen\u00fdch <a href=\"https:\/\/mpatlas.org\/countries\/HS\/\">len 0,9 % otvoren\u00e9ho mora<\/a>. Dohovor je preto k\u013e\u00fa\u010dov\u00fd \u2013 umo\u017en\u00ed vytv\u00e1ra\u0165 chr\u00e1nen\u00e9 oblasti, ktor\u00e9 pom\u00f4\u017eu zmier\u0148ova\u0165 klimatick\u00fa kr\u00edzu a z\u00e1rove\u0148 zabezpe\u010dia potraviny pre miliardy \u013eud\u00ed odk\u00e1zan\u00fdch na zdroje oce\u00e1nov. Nov\u00e1 anal\u00fdza Greenpeace International ukazuje, \u017ee ak m\u00e1 by\u0165 do roku 2030 chr\u00e1nen\u00fdch 30 % v\u00f4d, vl\u00e1dy bud\u00fa musie\u0165 ka\u017ed\u00fd rok po\u010das nasleduj\u00facich piatich rokov vyhl\u00e1si\u0165 ochranu pre viac ne\u017e 12 mili\u00f3nov km\u00b2. To je v\u00e4\u010d\u0161ia plocha, ne\u017e m\u00e1 cel\u00e9 Kanada.[1]<\/p>\n\n<p>\u201eToto je historick\u00fd okamih pre ochranu oce\u00e1nov a d\u00f4kaz, \u017ee krajiny dok\u00e1\u017eu spoji\u0165 sily na z\u00e1chranu na\u0161ej modrej plan\u00e9ty,\u201c vyhl\u00e1sil v\u00fdkonn\u00fd riadite\u013e Greenpeace International Mads Christensen. \u201e\u00c9ra vykoris\u0165ovania a ni\u010denia sa mus\u00ed skon\u010di\u0165 a Glob\u00e1lny dohovor o oce\u00e1noch je n\u00e1stroj, ktor\u00fd to m\u00f4\u017ee dosiahnu\u0165. No nesmieme zaspa\u0165 na vavr\u00ednoch. Vedci jasne hovoria, \u017ee do roku 2030 mus\u00edme chr\u00e1ni\u0165 aspo\u0148 30 % oce\u00e1nov \u2013 a \u010das sa kr\u00e1ti. Vl\u00e1dy na celom svete musia tento \u010das vyu\u017ei\u0165, aby sa prv\u00e1 historick\u00e1 konferencia COP o oce\u00e1noch stala zlomov\u00fdm bodom a aby za\u010dali pripravova\u0165 prv\u00e9 chr\u00e1nen\u00e9 \u00fazemia pod\u013ea Dohovoru. Na\u0161e oce\u00e1ny nem\u00f4\u017eu \u010daka\u0165 \u2013 a my tie\u017e nie.\u201c<\/p>\n\n<p>Ochran\u00e1ri upozor\u0148uj\u00fa, \u017ee krajiny musia okam\u017eite kona\u0165 a za\u010da\u0165 pripravova\u0165 pl\u00e1ny na vytv\u00e1ranie chr\u00e1nen\u00fdch oblast\u00ed na otvorenom mori. \u010cas na splnenie cie\u013ea \u2013 ochr\u00e1ni\u0165 do roku 2030 aspo\u0148 30 % oce\u00e1nov, ku ktor\u00e9mu sa vl\u00e1dy u\u017e zaviazali \u2013 sa ne\u00faprosne kr\u00e1ti:&nbsp;<\/p>\n\n<ul class=\"wp-block-list\">\n<li>V nasleduj\u00facich mesiacoch, e\u0161te pred prvou konferenciou COP o oce\u00e1noch, musia vl\u00e1dy vyu\u017ei\u0165 pr\u00edle\u017eitos\u0165 a pusti\u0165 sa do pr\u00e1ce na n\u00e1vrhoch nov\u00fdch rezerv\u00e1ci\u00ed na otvorenom mori. Tieto \u00fazemia musia by\u0165 plne alebo pr\u00edsne chr\u00e1nen\u00e9, aby sa v nich \u00faplne zak\u00e1zali \u0165a\u017eobn\u00e9 a de\u0161trukt\u00edvne \u013eudsk\u00e9 \u010dinnosti \u2013 na rozdiel od mnoh\u00fdch s\u00fa\u010dasn\u00fdch \u201echr\u00e1nen\u00fdch oblast\u00ed\u201c, ktor\u00e9 existuj\u00fa len na papieri.<\/li>\n\n\n\n<li>Z\u00e1rove\u0148 je nevyhnutn\u00e9, aby mal Dohovor pr\u00e1vomoc r\u00fdchlo zav\u00e1dza\u0165 konkr\u00e9tne opatrenia, bez zbyto\u010dn\u00fdch prie\u0165ahov a bez spoliehania sa na org\u00e1ny, ako s\u00fa region\u00e1lne ryb\u00e1rske organiz\u00e1cie, ktor\u00e9 <a href=\"https:\/\/www.greenpeace.org\/international\/press-release\/67569\/greenpeace-report-shocking-failures-global-fisheries-management\/?_gl=1*1ghbb4l*_up*MQ..*_ga*MTQ2MDkyODU1Ny4xNzU5MzE3MDU3*_ga_94MRTN8HG4*czE3NTkzMTcwNTYkbzEkZzAkdDE3NTkzMTcwNTYkajYwJGwwJGgyMDg2Njk2MTI4\">cel\u00e9 desa\u0165ro\u010dia prehliadali, ako sa oce\u00e1ny drancuj\u00fa<\/a>.[2]<\/li>\n\n\n\n<li>Vznik nov\u00fdch rezerv\u00e1ci\u00ed mus\u00ed st\u00e1\u0165 na pevnom vedeckom z\u00e1klade a z\u00e1rove\u0148 zah\u0155\u0148a\u0165 aj hlas p\u00f4vodn\u00fdch obyvate\u013eov a miestnych komun\u00edt. Len tak bude proces nielen vedecky podlo\u017een\u00fd, ale aj spravodliv\u00fd.<\/li>\n<\/ul>\n\n<p>Dohovor vst\u00fapi do platnosti o 120 dn\u00ed a otvor\u00ed tak cestu k prvej konferencii COP o oce\u00e1noch, ktor\u00e1 sa pravdepodobne uskuto\u010dn\u00ed v roku 2026. Greenpeace z\u00e1rove\u0148 vyz\u00fdva v\u0161etky zost\u00e1vaj\u00face krajiny, aby Dohovor r\u00fdchlo ratifikovali \u2013 e\u0161te pred prvou COP. Inak si pri rokovacom stole miesto nezasl\u00fa\u017eia.<\/p>\n\n<p>Greenpeace spolu<a href=\"https:\/\/www.greenpeace.org\/international\/act\/stop-deep-sea-mining\/?_gl=1*1sm86eo*_up*MQ..*_ga*MTc3OTY0OTgwNS4xNzU5MzE5NTk4*_ga_94MRTN8HG4*czE3NTkzMTk1OTgkbzEkZzAkdDE3NTkzMTk1OTgkajYwJGwwJGg0NzE4NjIyMDg.\"> s mili\u00f3nmi podporovate\u013eov<\/a> tie\u017e \u017eiada, aby krajiny uk\u00e1zali rovnak\u00e9 odhodlanie, ak\u00e9 preuk\u00e1zali pri Glob\u00e1lnom dohovore o oce\u00e1noch, a pripojili sa k morat\u00f3riu na hlbinn\u00fa \u0165a\u017ebu \u2013 nov\u00fa de\u0161trukt\u00edvnu formu ban\u00edctva, ktor\u00e1 by mohla nen\u00e1vratne po\u0161kodi\u0165 oce\u00e1ny.[3]&nbsp;<\/p>\n\n<p>Pozn\u00e1mky:<\/p>\n\n<p>[1] V\u00fdpo\u010det vych\u00e1dza z \u00fadajov <a href=\"https:\/\/mpatlas.org\/countries\/HS\/\">Marine Protection Atlas<\/a>. V s\u00fa\u010dasnosti je plne alebo pr\u00edsne chr\u00e1nen\u00fdch len 0,9 % rozlohy otvoren\u00e9ho mora. Aby sa do roku 2030 podarilo ochr\u00e1ni\u0165 30 %, ch\u00fdba e\u0161te 29,1 %. T\u00e1to hodnota sa rozdelila na p\u00e4\u0165 rokov, aby sa vypo\u010d\u00edtalo, ko\u013eko km\u00b2 otvoren\u00e9ho mora mus\u00ed by\u0165 ka\u017edoro\u010dne od roku 2026 do 2030 zaraden\u00fdch medzi plne alebo vysoko chr\u00e1nen\u00e9 oblasti.<\/p>\n\n<p>[2] <a href=\"https:\/\/www.greenpeace.org\/international\/press-release\/67569\/greenpeace-report-shocking-failures-global-fisheries-management\/?_gl=1*1ub1xks*_up*MQ..*_ga*MTc3OTY0OTgwNS4xNzU5MzE5NTk4*_ga_94MRTN8HG4*czE3NTkzMTk1OTgkbzEkZzAkdDE3NTkzMTk1OTgkajYwJGwwJGg0NzE4NjIyMDg.\">Spr\u00e1va<\/a> Greenpeace odhalila \u0161okuj\u00face zlyhania v glob\u00e1lnom riaden\u00ed rybolovu.<\/p>\n\n<p>[3] <a href=\"https:\/\/www.greenpeace.org\/international\/act\/stop-deep-sea-mining\/?_gl=1*ox6apr*_up*MQ..*_ga*MTc3OTY0OTgwNS4xNzU5MzE5NTk4*_ga_94MRTN8HG4*czE3NTkzMTk1OTgkbzEkZzAkdDE3NTkzMTk1OTgkajYwJGwwJGg0NzE4NjIyMDg.\">Pet\u00edcia<\/a> Greenpeace proti hlbinnej \u0165a\u017ebe.<\/p>\n","protected":false},"excerpt":{"rendered":"<p>Oce\u00e1ny \u010dak\u00e1 historick\u00fd zlom: Glob\u00e1lny dohovor o oce\u00e1noch z\u00edskal 60. ratifik\u00e1ciu a m\u00f4\u017ee vst\u00fapi\u0165 do platnosti. Teraz je v\u0161ak na krajin\u00e1ch, aby okam\u017eite konali \u2013 \u010das sa kr\u00e1ti do prvej&hellip;<\/p>\n","protected":false},"author":60,"featured_media":10046,"comment_status":"open","ping_status":"open","sticky":false,"template":"","format":"standard","meta":{"ep_exclude_from_search":false,"p4_og_title":"","p4_og_description":"","p4_og_image":"","p4_og_image_id":"","p4_seo_canonical_url":"","p4_campaign_name":"","p4_local_project":"","p4_basket_name":"","p4_department":"","footnotes":""},"categories":[2,21],"tags":[24,6],"p4-page-type":[16],"class_list":["post-10045","post","type-post","status-publish","format-standard","has-post-thumbnail","hentry","category-chran","category-greenpeace","tag-oceany","tag-klimatickakriza","p4-page-type-clanok"],"_links":{"self":[{"href":"https:\/\/www.greenpeace.org\/slovakia\/wp-json\/wp\/v2\/posts\/10045","targetHints":{"allow":["GET"]}}],"collection":[{"href":"https:\/\/www.greenpeace.org\/slovakia\/wp-json\/wp\/v2\/posts"}],"about":[{"href":"https:\/\/www.greenpeace.org\/slovakia\/wp-json\/wp\/v2\/types\/post"}],"author":[{"embeddable":true,"href":"https:\/\/www.greenpeace.org\/slovakia\/wp-json\/wp\/v2\/users\/60"}],"replies":[{"embeddable":true,"href":"https:\/\/www.greenpeace.org\/slovakia\/wp-json\/wp\/v2\/comments?post=10045"}],"version-history":[{"count":1,"href":"https:\/\/www.greenpeace.org\/slovakia\/wp-json\/wp\/v2\/posts\/10045\/revisions"}],"predecessor-version":[{"id":10047,"href":"https:\/\/www.greenpeace.org\/slovakia\/wp-json\/wp\/v2\/posts\/10045\/revisions\/10047"}],"wp:featuredmedia":[{"embeddable":true,"href":"https:\/\/www.greenpeace.org\/slovakia\/wp-json\/wp\/v2\/media\/10046"}],"wp:attachment":[{"href":"https:\/\/www.greenpeace.org\/slovakia\/wp-json\/wp\/v2\/media?parent=10045"}],"wp:term":[{"taxonomy":"category","embeddable":true,"href":"https:\/\/www.greenpeace.org\/slovakia\/wp-json\/wp\/v2\/categories?post=10045"},{"taxonomy":"post_tag","embeddable":true,"href":"https:\/\/www.greenpeace.org\/slovakia\/wp-json\/wp\/v2\/tags?post=10045"},{"taxonomy":"p4-page-type","embeddable":true,"href":"https:\/\/www.greenpeace.org\/slovakia\/wp-json\/wp\/v2\/p4-page-type?post=10045"}],"curies":[{"name":"wp","href":"https:\/\/api.w.org\/{rel}","templated":true}]}}