{"id":3766,"date":"2020-06-02T14:09:13","date_gmt":"2020-06-02T12:09:13","guid":{"rendered":"https:\/\/www.greenpeace.sk\/?p=3766"},"modified":"2020-06-02T14:12:36","modified_gmt":"2020-06-02T12:12:36","slug":"vlada-navrhuje-uvolnenie-kontroly-klimatickych-cielov-mimovladky-ziadaju-napravu","status":"publish","type":"post","link":"https:\/\/www.greenpeace.org\/slovakia\/tlacova-sprava\/3766\/vlada-navrhuje-uvolnenie-kontroly-klimatickych-cielov-mimovladky-ziadaju-napravu\/","title":{"rendered":"Vl\u00e1da navrhuje uvo\u013enenie kontroly klimatick\u00fdch cie\u013eov, mimovl\u00e1dky \u017eiadaj\u00fa n\u00e1pravu"},"content":{"rendered":"\n<figure class=\"wp-block-image size-large is-resized  caption-style-medium caption-alignment-center\"><img loading=\"lazy\" decoding=\"async\" src=\"https:\/\/www.greenpeace.org\/static\/planet4-slovakia-stateless\/2020\/06\/e4ecb421-gp0sttx8c_web_size_with_credit_line.jpg\" alt=\"\" class=\"wp-image-3768\" width=\"838\" height=\"559\" srcset=\"https:\/\/www.greenpeace.org\/static\/planet4-slovakia-stateless\/2020\/06\/e4ecb421-gp0sttx8c_web_size_with_credit_line.jpg 800w, https:\/\/www.greenpeace.org\/static\/planet4-slovakia-stateless\/2020\/06\/e4ecb421-gp0sttx8c_web_size_with_credit_line-300x200.jpg 300w, https:\/\/www.greenpeace.org\/static\/planet4-slovakia-stateless\/2020\/06\/e4ecb421-gp0sttx8c_web_size_with_credit_line-768x512.jpg 768w, https:\/\/www.greenpeace.org\/static\/planet4-slovakia-stateless\/2020\/06\/e4ecb421-gp0sttx8c_web_size_with_credit_line-510x340.jpg 510w\" sizes=\"auto, (max-width: 838px) 100vw, 838px\" \/><\/figure>\n\n<p>Klimatick\u00e9 ciele musia by\u0165 priebe\u017ene a zodpovedne kontrolovan\u00e9, inak sa nebud\u00fa plni\u0165. Tvrdia to mimovl\u00e1dne organiz\u00e1cie a iniciat\u00edvy venuj\u00face sa klimatickej zmene. Pod\u00e1vaj\u00fa preto z\u00e1sadn\u00e9 pripomienky a \u017eiadaj\u00fa opravu zverejnenej poz\u00edcie Slovenska k tzv. \u201cklimatick\u00e9mu z\u00e1konu\u201d, ktor\u00e9 m\u00e1 nastavi\u0165 r\u00e1mec pre krajiny Eur\u00f3pskej \u00fanie na ceste k uhl\u00edkovej neutralite. Pod\u00e1vaj\u00fa preto z\u00e1sadn\u00e9 pripomienky a \u017eiadaj\u00fa opravu zverejnenej poz\u00edcie Slovenska k tzv. \u201cklimatick\u00e9mu nariadeniu\u201d, ktor\u00e9 m\u00e1 nastavi\u0165 r\u00e1mec pre krajiny Eur\u00f3pskej \u00fanie na ceste k uhl\u00edkovej neutralite.<\/p>\n\n<p>Vl\u00e1da vo svojej poz\u00edcii toti\u017e odmieta priebe\u017en\u00fa kontrolu cie\u013eov, nezvy\u0161uje svoju amb\u00edciu k dosiahnutiu uhl\u00edkovej neutrality do roku 2040, ako avizovali vl\u00e1dne strany pred vo\u013ebami a dokonca obsahuje niektor\u00e9 zav\u00e1dzaj\u00face tvrdenia.<\/p>\n\n<p>\u201cKr\u00e1tkodob\u00e9 ciele s\u00fa z\u00e1kladom \u00faspechu na dosiahnutie uhl\u00edkovej neutrality. Na to, aby sme o dvadsa\u0165, a\u017e tridsa\u0165 rokov dosiahli tento cie\u013e, mus\u00edme urobi\u0165 \u010do najviac nasleduj\u00face desa\u0165ro\u010die. Sk\u00fasenosti hovoria, \u017ee \u0161t\u00e1ty \u00fanie sa s\u00edce \u010dasto k nie\u010domu zavia\u017eu, ale potom svoje z\u00e1v\u00e4zky nenap\u013a\u0148aj\u00fa, ak nemaj\u00fa adekv\u00e1tnu kontrolu. V tomto pr\u00edpade nejde len o dosiahnutie nejak\u00e9ho z\u00e1v\u00e4zku, ktor\u00fd, ak sa posunie, ni\u010d hrozn\u00e9 sa nestane. Tentokr\u00e1t bojujeme o \u010das a ka\u017ed\u00fd posun znamen\u00e1 zhor\u0161enie klimatickej kr\u00edzy a podmienok pre \u017eivot na Zemi. To si jednoducho nem\u00f4\u017eeme dovoli\u0165,\u201d povedala programov\u00e1 riadite\u013eka Greenpeace Slovensko Katar\u00edna Jur\u00edkov\u00e1.<\/p>\n\n<p>Pripomienkovanie poz\u00edcie Slovenska k N\u00e1vrhu nariadenia Eur\u00f3pskeho parlamentu a Rady, ktor\u00fdm sa stanovuje r\u00e1mec na dosiahnutie uhl\u00edkovej neutrality (tzv. eur\u00f3pske klimatick\u00e9 nariadenie) sa skon\u010dilo v\u010dera v noci. Hlavn\u00e9 pripomienky 10 organiz\u00e1ci\u00ed<a href=\"#_ftn1\"><sup>[1]<\/sup><\/a> smeruj\u00fa k tomu, aby si \u010dlensk\u00e9 krajiny E\u00da u\u017e teraz jasne stanovili aj kr\u00e1tkodobej\u0161ie ciele na zni\u017eovanie emisi\u00ed a aby \u010delili klimatickej kr\u00edze spolo\u010dn\u00fdmi a re\u00e1lne vykonate\u013en\u00fdmi pravidlami v r\u00e1mci E\u00da.<\/p>\n\n<p>\u201cJednotliv\u00e9 ciele sa st\u00e1le prezentuj\u00fa \u0161t\u00e1tmi, ako nie\u010do, o \u010dom sa vyjedn\u00e1va. Ale fyzika nevyjedn\u00e1va, klimatick\u00e1 zmena ne\u010dak\u00e1. Bez z\u00e1v\u00e4zn\u00e9ho a jednotn\u00e9ho cie\u013ea do roku 2030 sa ob\u00e1vam, \u017ee sa \u010das\u0165 \u0161t\u00e1tov E\u00da sa \u201ezobud\u00ed\u201c a\u017e ke\u010f bude neskoro \u2013 pre n\u00e1s aj bud\u00face gener\u00e1cie. O\u010dak\u00e1vame, \u017ee t\u00fato zodpovednos\u0165 uchop\u00ed aj slovensk\u00e1 vl\u00e1da. Aj na jej pleciach le\u017e\u00ed v\u00e1\u017ena \u00faloha, ktor\u00fa si nem\u00f4\u017ee dovoli\u0165 prehliadnu\u0165,\u201d povedala Liliana R\u00e1stock\u00e1 zo Slovenskej klimatickej iniciat\u00edvy.<\/p>\n\n<p>Pred febru\u00e1rov\u00fdmi vo\u013ebami teraz u\u017e vl\u00e1dne strany prezentovali svoju politiku ako pozit\u00edvne orientovan\u00fa na rie\u0161enie klimatickej kr\u00edzy. Tri z vl\u00e1dnych str\u00e1n podporili ambici\u00f3zne ciele uhl\u00edkovej neutrality do roku 2040 a 65 percentn\u00e9 zn\u00ed\u017eenie emisi\u00ed do roku 2030.&nbsp;<\/p>\n\n<p>Klimatick\u00fd z\u00e1kon Eur\u00f3pskej komisie (EK), ktor\u00fd tvor\u00ed z\u00e1klad Eur\u00f3pskej zelenej dohody (European Green Deal), m\u00e1 za cie\u013e zladi\u0165 v\u0161etky politiky E\u00da s cie\u013eom dosiahnu\u0165 uhl\u00edkov\u00fa neutralitu v s\u00falade s Par\u00ed\u017eskou dohodou. N\u00e1vrh nariadenia obsahuje opatrenia, ktor\u00e9 umo\u017enia pravideln\u00fa kontrolu dosahovania cie\u013eov na z\u00e1klade najnov\u0161ieho vedeck\u00e9ho v\u00fdskumu. D\u00f4le\u017eit\u00fdm prvkom je stanovenie cie\u013ea pre zn\u00ed\u017eenie emisi\u00ed do roku 2030, o ktorom rozhodn\u00fa eur\u00f3pske in\u0161tit\u00facie a \u010dlensk\u00e9 \u0161t\u00e1ty tento rok. Pokrok \u010dlensk\u00fdch \u0161t\u00e1tov pri dosahovan\u00ed klimatick\u00fdch cie\u013eov m\u00e1 by\u0165 monitorovan\u00fd ka\u017ed\u00fdch 5 rokov. V klimatickom z\u00e1kone EK zd\u00f4raz\u0148uje taktie\u017e d\u00f4le\u017eitos\u0165 spravodlivej transform\u00e1cie, adapta\u010dn\u00fdch opatren\u00ed a budovania odolnej\u0161ej spolo\u010dnosti. <\/p>\n\n<hr class=\"wp-block-separator\"\/>\n\n<p><a href=\"#_ftnref1\"><sup>[1]<\/sup><\/a> Budovy pre bud\u00facnos\u0165, Extinction Rebellion Slovakia, Fridays For Future Slovensko, Greenpeace Slovensko, Nestr\u00e1cajme \u010das, Priatelia Zeme-CEPA, Slovensk\u00e1 asoci\u00e1cia fotovoltick\u00e9ho priemyslu a OZE, Slovensk\u00e1 klimatick\u00e1 iniciat\u00edva, Znepokojen\u00e9 matky a WWF Slovensko<\/p>\n","protected":false},"excerpt":{"rendered":"<p>Klimatick\u00e9 ciele musia by\u0165 priebe\u017ene a zodpovedne kontrolovan\u00e9, inak sa nebud\u00fa plni\u0165. Tvrdia to mimovl\u00e1dne organiz\u00e1cie a iniciat\u00edvy venuj\u00face sa klimatickej zmene. Pod\u00e1vaj\u00fa preto z\u00e1sadn\u00e9 pripomienky a \u017eiadaj\u00fa opravu zverejnenej&hellip;<\/p>\n","protected":false},"author":30,"featured_media":3767,"comment_status":"open","ping_status":"open","sticky":false,"template":"","format":"standard","meta":{"ep_exclude_from_search":false,"p4_og_title":"","p4_og_description":"","p4_og_image":"","p4_og_image_id":"","p4_seo_canonical_url":"","p4_campaign_name":"not set","p4_local_project":"not set","p4_basket_name":"not set","p4_department":"","footnotes":""},"categories":[3],"tags":[6],"p4-page-type":[14],"class_list":["post-3766","post","type-post","status-publish","format-standard","has-post-thumbnail","hentry","category-zmen","tag-klimatickakriza","p4-page-type-tlacova-sprava"],"_links":{"self":[{"href":"https:\/\/www.greenpeace.org\/slovakia\/wp-json\/wp\/v2\/posts\/3766","targetHints":{"allow":["GET"]}}],"collection":[{"href":"https:\/\/www.greenpeace.org\/slovakia\/wp-json\/wp\/v2\/posts"}],"about":[{"href":"https:\/\/www.greenpeace.org\/slovakia\/wp-json\/wp\/v2\/types\/post"}],"author":[{"embeddable":true,"href":"https:\/\/www.greenpeace.org\/slovakia\/wp-json\/wp\/v2\/users\/30"}],"replies":[{"embeddable":true,"href":"https:\/\/www.greenpeace.org\/slovakia\/wp-json\/wp\/v2\/comments?post=3766"}],"version-history":[{"count":2,"href":"https:\/\/www.greenpeace.org\/slovakia\/wp-json\/wp\/v2\/posts\/3766\/revisions"}],"predecessor-version":[{"id":3770,"href":"https:\/\/www.greenpeace.org\/slovakia\/wp-json\/wp\/v2\/posts\/3766\/revisions\/3770"}],"wp:featuredmedia":[{"embeddable":true,"href":"https:\/\/www.greenpeace.org\/slovakia\/wp-json\/wp\/v2\/media\/3767"}],"wp:attachment":[{"href":"https:\/\/www.greenpeace.org\/slovakia\/wp-json\/wp\/v2\/media?parent=3766"}],"wp:term":[{"taxonomy":"category","embeddable":true,"href":"https:\/\/www.greenpeace.org\/slovakia\/wp-json\/wp\/v2\/categories?post=3766"},{"taxonomy":"post_tag","embeddable":true,"href":"https:\/\/www.greenpeace.org\/slovakia\/wp-json\/wp\/v2\/tags?post=3766"},{"taxonomy":"p4-page-type","embeddable":true,"href":"https:\/\/www.greenpeace.org\/slovakia\/wp-json\/wp\/v2\/p4-page-type?post=3766"}],"curies":[{"name":"wp","href":"https:\/\/api.w.org\/{rel}","templated":true}]}}