{"id":4110,"date":"2021-05-05T11:50:00","date_gmt":"2021-05-05T09:50:00","guid":{"rendered":"https:\/\/www.greenpeace.org\/slovakia\/?p=4110"},"modified":"2021-05-05T17:22:19","modified_gmt":"2021-05-05T15:22:19","slug":"udrzatelna-mobilita-v-bratislave-publikacia","status":"publish","type":"post","link":"https:\/\/www.greenpeace.org\/slovakia\/publikacia\/4110\/udrzatelna-mobilita-v-bratislave-publikacia\/","title":{"rendered":"Udr\u017eate\u013en\u00e1 mobilita v Bratislave &#8211; publik\u00e1cia"},"content":{"rendered":"\n<p class=\"has-text-align-left\"><strong><a href=\"https:\/\/www.greenpeace.org\/static\/planet4-slovakia-stateless\/2021\/05\/57a7532d-sprava-greenpeace-final-interaktiv-spreads-1-copy.pdf\" data-type=\"URL\" data-id=\"https:\/\/www.greenpeace.org\/static\/planet4-slovakia-stateless\/2021\/05\/57a7532d-sprava-greenpeace-final-interaktiv-spreads-1-copy.pdf\">Udr\u017eate\u013en\u00e1 mobilita v Bratislave<\/a><\/strong>  <\/p>\n\n<div class=\"wp-block-image caption-alignment-center\"><figure class=\"alignleft size-large is-resized\"><img loading=\"lazy\" decoding=\"async\" src=\"https:\/\/www.greenpeace.org\/static\/planet4-slovakia-stateless\/2021\/05\/b55292e9-cover-repor-udrzatelna-mobilita.png\" alt=\"\" class=\"wp-image-4111\" width=\"319\" height=\"451\"\/><\/figure><\/div>\n\n<p>Dopravn\u00e1 situ\u00e1cia v Bratislave a na Slovensku patr\u00ed dlhodobo medzi najhor\u0161ie v Eur\u00f3pskej \u00fanii. Hlavn\u00e9 mesto u\u017e roky tr\u00e1pi vysok\u00e1 \u00famrtnos\u0165 chodcov, zne\u010disten\u00e9 ovzdu\u0161ie a zvy\u0161uj\u00faci sa po\u010det \u00e1ut na cest\u00e1ch. Poh\u013ead na s\u00fa\u010dasn\u00fd nelichotiv\u00fd stav dopravy v Bratislave zdokumentoval aj report o Udr\u017eate\u013enej mobilite v Bratislave, ktor\u00fd vydala organiz\u00e1cia Greenpeace Slovensko v spolupr\u00e1ci so zahrani\u010dn\u00fdmi expertami z Wuppertal Institute. <\/p>\n\n<p><\/p>\n\n<p>Report poukazuje na nedostatok v\u00edzie a amb\u00edci\u00ed mesta v oblasti udr\u017eate\u013enej mobility, upokojovania individu\u00e1lnej automobilovej dopravy a zvy\u0161ovania bezpe\u010dnosti na cest\u00e1ch.<\/p>\n\n<p><\/p>\n\n<p><\/p>\n\n<p><\/p>\n\n<p><\/p>\n\n<p>S\u00e9ria infograf\u00edk k reportu<\/p>\n\n<figure class=\"wp-block-image size-large\"><img loading=\"lazy\" decoding=\"async\" width=\"819\" height=\"1024\" src=\"https:\/\/www.greenpeace.org\/static\/planet4-slovakia-stateless\/2021\/05\/8ea001da-text_greenpeace-mobility_1-819x1024.jpg\" alt=\"\" class=\"wp-image-4140\" srcset=\"https:\/\/www.greenpeace.org\/static\/planet4-slovakia-stateless\/2021\/05\/8ea001da-text_greenpeace-mobility_1-819x1024.jpg 819w, https:\/\/www.greenpeace.org\/static\/planet4-slovakia-stateless\/2021\/05\/8ea001da-text_greenpeace-mobility_1-240x300.jpg 240w, https:\/\/www.greenpeace.org\/static\/planet4-slovakia-stateless\/2021\/05\/8ea001da-text_greenpeace-mobility_1-768x960.jpg 768w, https:\/\/www.greenpeace.org\/static\/planet4-slovakia-stateless\/2021\/05\/8ea001da-text_greenpeace-mobility_1-272x340.jpg 272w, https:\/\/www.greenpeace.org\/static\/planet4-slovakia-stateless\/2021\/05\/8ea001da-text_greenpeace-mobility_1.jpg 1080w\" sizes=\"auto, (max-width: 819px) 100vw, 819px\" \/><\/figure>\n\n<figure class=\"wp-block-image size-large\"><img loading=\"lazy\" decoding=\"async\" width=\"819\" height=\"1024\" src=\"https:\/\/www.greenpeace.org\/static\/planet4-slovakia-stateless\/2021\/05\/12d20363-text_greenpeace-mobility_2-819x1024.jpg\" alt=\"\" class=\"wp-image-4141\" srcset=\"https:\/\/www.greenpeace.org\/static\/planet4-slovakia-stateless\/2021\/05\/12d20363-text_greenpeace-mobility_2-819x1024.jpg 819w, https:\/\/www.greenpeace.org\/static\/planet4-slovakia-stateless\/2021\/05\/12d20363-text_greenpeace-mobility_2-240x300.jpg 240w, https:\/\/www.greenpeace.org\/static\/planet4-slovakia-stateless\/2021\/05\/12d20363-text_greenpeace-mobility_2-768x960.jpg 768w, https:\/\/www.greenpeace.org\/static\/planet4-slovakia-stateless\/2021\/05\/12d20363-text_greenpeace-mobility_2-272x340.jpg 272w, https:\/\/www.greenpeace.org\/static\/planet4-slovakia-stateless\/2021\/05\/12d20363-text_greenpeace-mobility_2.jpg 1080w\" sizes=\"auto, (max-width: 819px) 100vw, 819px\" \/><\/figure>\n\n<figure class=\"wp-block-image size-large\"><img loading=\"lazy\" decoding=\"async\" width=\"819\" height=\"1024\" src=\"https:\/\/www.greenpeace.org\/static\/planet4-slovakia-stateless\/2021\/05\/595bc549-text_greenpeace-mobility_3-819x1024.jpg\" alt=\"\" class=\"wp-image-4142\" srcset=\"https:\/\/www.greenpeace.org\/static\/planet4-slovakia-stateless\/2021\/05\/595bc549-text_greenpeace-mobility_3-819x1024.jpg 819w, https:\/\/www.greenpeace.org\/static\/planet4-slovakia-stateless\/2021\/05\/595bc549-text_greenpeace-mobility_3-240x300.jpg 240w, https:\/\/www.greenpeace.org\/static\/planet4-slovakia-stateless\/2021\/05\/595bc549-text_greenpeace-mobility_3-768x960.jpg 768w, https:\/\/www.greenpeace.org\/static\/planet4-slovakia-stateless\/2021\/05\/595bc549-text_greenpeace-mobility_3-272x340.jpg 272w, https:\/\/www.greenpeace.org\/static\/planet4-slovakia-stateless\/2021\/05\/595bc549-text_greenpeace-mobility_3.jpg 1080w\" sizes=\"auto, (max-width: 819px) 100vw, 819px\" \/><\/figure>\n\n<figure class=\"wp-block-image size-large\"><img loading=\"lazy\" decoding=\"async\" width=\"819\" height=\"1024\" src=\"https:\/\/www.greenpeace.org\/static\/planet4-slovakia-stateless\/2021\/05\/b2f65812-nazov_greenpeace-mobility_4-819x1024.jpg\" alt=\"\" class=\"wp-image-4143\" srcset=\"https:\/\/www.greenpeace.org\/static\/planet4-slovakia-stateless\/2021\/05\/b2f65812-nazov_greenpeace-mobility_4-819x1024.jpg 819w, https:\/\/www.greenpeace.org\/static\/planet4-slovakia-stateless\/2021\/05\/b2f65812-nazov_greenpeace-mobility_4-240x300.jpg 240w, https:\/\/www.greenpeace.org\/static\/planet4-slovakia-stateless\/2021\/05\/b2f65812-nazov_greenpeace-mobility_4-768x960.jpg 768w, https:\/\/www.greenpeace.org\/static\/planet4-slovakia-stateless\/2021\/05\/b2f65812-nazov_greenpeace-mobility_4-272x340.jpg 272w, https:\/\/www.greenpeace.org\/static\/planet4-slovakia-stateless\/2021\/05\/b2f65812-nazov_greenpeace-mobility_4.jpg 1080w\" sizes=\"auto, (max-width: 819px) 100vw, 819px\" \/><\/figure>\n","protected":false},"excerpt":{"rendered":"<p>Udr\u017eate\u013en\u00e1 mobilita v Bratislave<\/p>\n","protected":false},"author":30,"featured_media":4111,"comment_status":"open","ping_status":"open","sticky":false,"template":"","format":"standard","meta":{"ep_exclude_from_search":false,"p4_og_title":"","p4_og_description":"","p4_og_image":"","p4_og_image_id":"","p4_seo_canonical_url":"","p4_campaign_name":"not set","p4_local_project":"not set","p4_basket_name":"not set","p4_department":"","footnotes":""},"categories":[21,3],"tags":[6],"p4-page-type":[15],"class_list":["post-4110","post","type-post","status-publish","format-standard","has-post-thumbnail","hentry","category-greenpeace","category-zmen","tag-klimatickakriza","p4-page-type-publikacia"],"_links":{"self":[{"href":"https:\/\/www.greenpeace.org\/slovakia\/wp-json\/wp\/v2\/posts\/4110","targetHints":{"allow":["GET"]}}],"collection":[{"href":"https:\/\/www.greenpeace.org\/slovakia\/wp-json\/wp\/v2\/posts"}],"about":[{"href":"https:\/\/www.greenpeace.org\/slovakia\/wp-json\/wp\/v2\/types\/post"}],"author":[{"embeddable":true,"href":"https:\/\/www.greenpeace.org\/slovakia\/wp-json\/wp\/v2\/users\/30"}],"replies":[{"embeddable":true,"href":"https:\/\/www.greenpeace.org\/slovakia\/wp-json\/wp\/v2\/comments?post=4110"}],"version-history":[{"count":20,"href":"https:\/\/www.greenpeace.org\/slovakia\/wp-json\/wp\/v2\/posts\/4110\/revisions"}],"predecessor-version":[{"id":4144,"href":"https:\/\/www.greenpeace.org\/slovakia\/wp-json\/wp\/v2\/posts\/4110\/revisions\/4144"}],"wp:featuredmedia":[{"embeddable":true,"href":"https:\/\/www.greenpeace.org\/slovakia\/wp-json\/wp\/v2\/media\/4111"}],"wp:attachment":[{"href":"https:\/\/www.greenpeace.org\/slovakia\/wp-json\/wp\/v2\/media?parent=4110"}],"wp:term":[{"taxonomy":"category","embeddable":true,"href":"https:\/\/www.greenpeace.org\/slovakia\/wp-json\/wp\/v2\/categories?post=4110"},{"taxonomy":"post_tag","embeddable":true,"href":"https:\/\/www.greenpeace.org\/slovakia\/wp-json\/wp\/v2\/tags?post=4110"},{"taxonomy":"p4-page-type","embeddable":true,"href":"https:\/\/www.greenpeace.org\/slovakia\/wp-json\/wp\/v2\/p4-page-type?post=4110"}],"curies":[{"name":"wp","href":"https:\/\/api.w.org\/{rel}","templated":true}]}}