{"id":4443,"date":"2021-10-19T12:44:31","date_gmt":"2021-10-19T10:44:31","guid":{"rendered":"https:\/\/www.greenpeace.org\/slovakia\/?p=4443"},"modified":"2021-10-19T12:52:26","modified_gmt":"2021-10-19T10:52:26","slug":"greenpeace-protestoval-na-chorvatskom-lng-terminali-proti-fosilnemu-plynu","status":"publish","type":"post","link":"https:\/\/www.greenpeace.org\/slovakia\/tlacova-sprava\/4443\/greenpeace-protestoval-na-chorvatskom-lng-terminali-proti-fosilnemu-plynu\/","title":{"rendered":"Greenpeace protestoval na chorv\u00e1tskom LNG termin\u00e1li proti fos\u00edlnemu plynu"},"content":{"rendered":"\n<p><strong>Aktivisti a aktivistky organiz\u00e1cie Greenpeace pre stredn\u00fa a v\u00fdchodn\u00fa Eur\u00f3pu (CEE), vr\u00e1tane slovensk\u00fdch, v\u010dera protestovali na ned\u00e1vno otvorenom plynovom LNG termin\u00e1li na ostrove Krk v Chorv\u00e1tsku, po\u010das ktor\u00e9ho vyzvali predstavite\u013eov E\u00da k \u00fatlmu vyu\u017e\u00edvania fos\u00edlneho plynu. Aktivisti na nafukovac\u00edch \u010dlnoch v\u010dera o 17 tej hodine nama\u013eovali na bo\u010dn\u00fa stranu LNG termin\u00e1lu n\u00e1pis &#8222;KLIMATICK\u00dd ZABIJ\u00c1K!\u201d, aby upozornili na rast\u00face klimatick\u00e9 hrozby roz\u0161irovania plynovej infra\u0161trukt\u00fary. Lo\u010f Greenpeace s n\u00e1zvom Arctic Sunrise nav\u0161t\u00edvila tieto dni Jadransk\u00e9 more, aby podporila <\/strong><a href=\"https:\/\/act.greenpeace.org\/page\/87212\/petition\/1\"><strong>Eur\u00f3psku ob\u010diansku iniciat\u00edvu (ECI)<\/strong><\/a><strong>, ktor\u00e1 po\u017eaduje z\u00e1kaz reklamy na fos\u00edlne paliv\u00e1.<\/strong><\/p>\n\n<figure class=\"wp-block-image size-large\"><img loading=\"lazy\" decoding=\"async\" width=\"1024\" height=\"768\" src=\"https:\/\/www.greenpeace.org\/static\/planet4-slovakia-stateless\/2021\/10\/3d7bc137-max-zielinski-@-greenpeace-2-1024x768.jpg\" alt=\"\" class=\"wp-image-4450\" srcset=\"https:\/\/www.greenpeace.org\/static\/planet4-slovakia-stateless\/2021\/10\/3d7bc137-max-zielinski-@-greenpeace-2-1024x768.jpg 1024w, https:\/\/www.greenpeace.org\/static\/planet4-slovakia-stateless\/2021\/10\/3d7bc137-max-zielinski-@-greenpeace-2-300x225.jpg 300w, https:\/\/www.greenpeace.org\/static\/planet4-slovakia-stateless\/2021\/10\/3d7bc137-max-zielinski-@-greenpeace-2-768x576.jpg 768w, https:\/\/www.greenpeace.org\/static\/planet4-slovakia-stateless\/2021\/10\/3d7bc137-max-zielinski-@-greenpeace-2-453x340.jpg 453w, https:\/\/www.greenpeace.org\/static\/planet4-slovakia-stateless\/2021\/10\/3d7bc137-max-zielinski-@-greenpeace-2.jpg 1489w\" sizes=\"auto, (max-width: 1024px) 100vw, 1024px\" \/><figcaption>Max Zielinski @ Greenpeace<\/figcaption><\/figure>\n\n<p>V \u010dase, kedy sa eur\u00f3pski l\u00eddri pripravuj\u00fa na stretnutie v Bruseli, <a href=\"https:\/\/www.consilium.europa.eu\/en\/meetings\/european-council\/2021\/10\/21-22\/\">kde bud\u00fa diskutova\u0165 o prudkom n\u00e1raste cien plynu<\/a>, upozornil Greenpeace CEE svojim protestom na to, \u017ee fos\u00edlny plyn je falo\u0161n\u00fdm rie\u0161en\u00edm zni\u017eovania emisi\u00ed a na\u0161a z\u00e1vislos\u0165 na plyne \u0161kod\u00ed nielen kl\u00edme, ale aj ekonomike E\u00da a dom\u00e1cnostiam. Novopostaven\u00fd LNG termin\u00e1l v Chorv\u00e1tsku, ktor\u00fd st\u00e1l 233,6 mili\u00f3na EUR a bol takmer v\u00fdlu\u010dne hraden\u00fd zo <a href=\"https:\/\/ec.europa.eu\/inea\/en\/news-events\/newsroom\/101.4-million-cef-energy-funding-to-improve-energy-security-croatia-and-region\">\u0161t\u00e1tnych prostriedkov a prostriedkov E\u00da <\/a>je uk\u00e1\u017ekov\u00fdm pr\u00edkladom toho, kam by verejn\u00e9 financie rozhodne nemali putova\u0165, ak sa chceme vyhn\u00fa\u0165 otepleniu o 1,5 \u00b0C. Najnov\u0161ie \u0161t\u00fadie potvrdzuj\u00fa spojitos\u0165 nekontrolovan\u00fdch emisi\u00ed met\u00e1nu s cel\u00fdm dod\u00e1vate\u013eskom re\u0165azcom fos\u00edlneho plynu. Met\u00e1n unik\u00e1 z plynovej infra\u0161trukt\u00fary po celej Eur\u00f3pe <a href=\"https:\/\/www.catf.us\/2021\/06\/massive-quantity-of-methane-leaks-documented-across-eu\">a ukazuje sa, \u017ee jeho d\u00f4sledky s\u00fa hor\u0161ie, ako sa predpokladalo<\/a>. Medzin\u00e1rodn\u00e9 in\u0161tit\u00facie a organiz\u00e1cie, vr\u00e1tane OSN, preto alarmuj\u00fa k nutnosti <a href=\"https:\/\/www.unep.org\/resources\/report\/global-methane-assessment-benefits-and-costs-mitigating-methane-emissions\">zni\u017eovania emisi\u00ed met\u00e1nu v boji proti klimatickej kr\u00edze<\/a>.<\/p>\n\n<figure class=\"wp-block-image size-large\"><img loading=\"lazy\" decoding=\"async\" width=\"1024\" height=\"684\" src=\"https:\/\/www.greenpeace.org\/static\/planet4-slovakia-stateless\/2021\/10\/61ae8fcc-gp1sw6he_medium_res_with_credit_line-1024x684.jpg\" alt=\"\" class=\"wp-image-4452\" srcset=\"https:\/\/www.greenpeace.org\/static\/planet4-slovakia-stateless\/2021\/10\/61ae8fcc-gp1sw6he_medium_res_with_credit_line-1024x684.jpg 1024w, https:\/\/www.greenpeace.org\/static\/planet4-slovakia-stateless\/2021\/10\/61ae8fcc-gp1sw6he_medium_res_with_credit_line-300x200.jpg 300w, https:\/\/www.greenpeace.org\/static\/planet4-slovakia-stateless\/2021\/10\/61ae8fcc-gp1sw6he_medium_res_with_credit_line-768x513.jpg 768w, https:\/\/www.greenpeace.org\/static\/planet4-slovakia-stateless\/2021\/10\/61ae8fcc-gp1sw6he_medium_res_with_credit_line-510x340.jpg 510w, https:\/\/www.greenpeace.org\/static\/planet4-slovakia-stateless\/2021\/10\/61ae8fcc-gp1sw6he_medium_res_with_credit_line.jpg 1200w\" sizes=\"auto, (max-width: 1024px) 100vw, 1024px\" \/><\/figure>\n\n<p>Protestu na chorv\u00e1tskom LNG termin\u00e1li sa z\u00fa\u010dastnili aj aktivisti a aktivistky zo Slovenska, ktor\u00ed upozornili na skuto\u010dnos\u0165, \u017ee podobn\u00e1 plynov\u00e1 infra\u0161trukt\u00fara sa pl\u00e1nuje postavi\u0165 aj na Slovensku. S bannerom &#8222;Fakt nie LNG! Ani v Chorv\u00e1tsku, ani v Bratislave,&#8220; odkazuj\u00fa slovenskej vl\u00e1de, \u017ee navrhovan\u00fd LNG termin\u00e1l v Bratislave je nielen v rozpore s rie\u0161en\u00edm klimatickej kr\u00edzy a klimatick\u00fdmi z\u00e1v\u00e4zkami Slovenska, ale aj absurdn\u00fdm mrhan\u00edm verejn\u00fdch financi\u00ed.<\/p>\n\n<blockquote class=\"wp-block-quote has-text-align-center is-layout-flow wp-block-quote-is-layout-flow\"><p><strong>&#8222;FAKT NIE LNG! Ani v Chorv\u00e1tsku, ani v Bratislave&#8220;<\/strong><\/p><\/blockquote>\n\n<p>,,Necel\u00e9 dva t\u00fd\u017edne pred klimatickou konferenciou COP26 sa Eur\u00f3pa zaober\u00e1 ot\u00e1zkou, ako \u010falej zv\u00fd\u0161i\u0165 na\u0161u z\u00e1vislos\u0165 od fos\u00edlneho plynu. T\u00e1to z\u00e1vislos\u0165 n\u00e1s prip\u00fatava k fosilnym paliv\u00e1m, k zvy\u0161uj\u00facim sa emisi\u00e1m a pos\u00fava n\u00e1s \u010doraz bli\u017e\u0161ie ku klimatickej katastrofe. My urgentne potrebujeme odklon od fos\u00edlnych pal\u00edv a nie LNG termin\u00e1ly, ktor\u00e9 n\u00e1s prip\u00fataj\u00fa k ich vyu\u017e\u00edvaniu na desa\u0165ro\u010dia. Je na\u010dase presta\u0165 vyu\u017e\u00edva\u0165 na\u0161e verejn\u00e9 financie na financovanie klimatickej kr\u00edzy cez projekty fos\u00edlnej infra\u0161trukt\u00fary. Chorv\u00e1tsky LNG termin\u00e1l u\u017e stoj\u00ed, ten n\u00e1\u0161 na Slovensku m\u00f4\u017eeme e\u0161te st\u00e1le zastavi\u0165. U\u017e naozaj nem\u00e1me \u010das na falo\u0161n\u00e9 rie\u0161enia. Plyn je jednou z pr\u00ed\u010din klimatickej kr\u00edzy a nie jej rie\u0161en\u00edm,\u201d komentuje Dorota Osvaldov\u00e1, koordin\u00e1torka klimatickej kampane Greenpeace Slovensko.<\/p>\n\n<figure class=\"wp-block-image size-large\"><img loading=\"lazy\" decoding=\"async\" width=\"1024\" height=\"869\" src=\"https:\/\/www.greenpeace.org\/static\/planet4-slovakia-stateless\/2021\/10\/4156af42-joanna-flissowska-\u00a9-greenpeace-1024x869.jpg\" alt=\"\" class=\"wp-image-4451\" srcset=\"https:\/\/www.greenpeace.org\/static\/planet4-slovakia-stateless\/2021\/10\/4156af42-joanna-flissowska-\u00a9-greenpeace-1024x869.jpg 1024w, https:\/\/www.greenpeace.org\/static\/planet4-slovakia-stateless\/2021\/10\/4156af42-joanna-flissowska-\u00a9-greenpeace-300x255.jpg 300w, https:\/\/www.greenpeace.org\/static\/planet4-slovakia-stateless\/2021\/10\/4156af42-joanna-flissowska-\u00a9-greenpeace-768x652.jpg 768w, https:\/\/www.greenpeace.org\/static\/planet4-slovakia-stateless\/2021\/10\/4156af42-joanna-flissowska-\u00a9-greenpeace-401x340.jpg 401w, https:\/\/www.greenpeace.org\/static\/planet4-slovakia-stateless\/2021\/10\/4156af42-joanna-flissowska-\u00a9-greenpeace.jpg 1178w\" sizes=\"auto, (max-width: 1024px) 100vw, 1024px\" \/><figcaption>Joanna Flissowska \u00a9 Greenpeace<\/figcaption><\/figure>\n\n<p>Pod\u013ea ned\u00e1vneho investigat\u00edvneho reportu Greenpeace Holandsko s n\u00e1zvom <a href=\"https:\/\/www.greenpeace.org\/nl\/klimaatverandering\/47999\/words-vs-actions\/\">Words vs. Actions: The truth behind fossil fuel advertising,<\/a> sa fos\u00edlny plyn \u010dasto sna\u017e\u00ed prezentova\u0165 ako \u201c\u010dist\u00e9\u201d, \u201cekologick\u00e9\u201d a \u201czelen\u00e9\u201d palivo zatia\u013e, \u010do v skuto\u010dnosti je prav\u00fdm opakom. Fos\u00edlny plyn je toti\u017e druh\u00fdm <a href=\"https:\/\/ourworldindata.org\/grapher\/per-capita-co2-by-fuel?country=Europe~OWID_WRL~Europe+%28excl.+EU-27%29\">najv\u00e4\u010d\u0161\u00edm zdrojom emisi\u00ed CO2 v E\u00da, ktor\u00fd dokonca predbehol aj uhlie<\/a>. A za\u010d\u00edna by\u0165 \u010doraz jasnej\u0161ie, \u017ee klimatick\u00e9 dezinform\u00e1cie v podobe reklamn\u00e9ho greenwashingu fos\u00edlnych spolo\u010dnost\u00ed n\u00e1s <a href=\"https:\/\/www.theguardian.com\/environment\/2021\/sep\/09\/big-oil-delay-tactics-new-climate-science-denial\">od\u010fa\u013euj\u00fa od rie\u0161en\u00ed klimatickej kr\u00edzy<\/a>. V tejto s\u00favislosti Greenpeace, spolu s 20 in\u00fdmi organiz\u00e1ciami spustil <a href=\"https:\/\/act.greenpeace.org\/page\/87212\/petition\/1\">Eur\u00f3psku ob\u010diansku iniciat\u00edvu za z\u00e1kaz reklamy a sponzorstva fos\u00edlneho biznisu<\/a>.<\/p>\n\n<p>\u201cPriemysel fos\u00edlneho plynu sa n\u00e1s st\u00e1le sna\u017e\u00ed presved\u010di\u0165 o tom, \u017ee plyn je bezpe\u010dn\u00e9 a zelen\u00e9 palivo. \u010cist\u00fd plyn je v\u0161ak iba \u010dist\u00e1 lo\u017e. Plyn je fos\u00edlne palivo a tak ako uhlie a ropa poh\u00e1\u0148a klimatick\u00fa kr\u00edzu. Plynov\u00fd priemysel propaguje falo\u0161n\u00e9 rie\u0161enia a reklamou zav\u00e1dza verejnos\u0165. T\u00fdm od\u010fa\u013euje spravodliv\u00fa transform\u00e1ciu energetiky a skuto\u010dn\u00e9 rie\u0161enia klimatickej kr\u00edzy.&nbsp; Namiesto t\u00fdchto falo\u0161n\u00fdch rie\u0161en\u00ed, ak\u00fdm je napr\u00edklad navrhovan\u00fd LNG termin\u00e1l v Bratislave, potrebujeme investova\u0165 do obnovite\u013en\u00fdch zdrojov energie, ich skladovania a energetick\u00fdch \u00faspor,\u201d dod\u00e1va Katar\u00edna Jur\u00edkov\u00e1, riadite\u013eka Greenpeace Slovensko.<\/p>\n\n<figure class=\"wp-block-image size-full is-resized\"><img loading=\"lazy\" decoding=\"async\" src=\"https:\/\/www.greenpeace.org\/static\/planet4-slovakia-stateless\/2021\/10\/c086c368-gregor-gobec-greenpeace-2.jpg\" alt=\"\" class=\"wp-image-4453\" width=\"1079\" height=\"719\" srcset=\"https:\/\/www.greenpeace.org\/static\/planet4-slovakia-stateless\/2021\/10\/c086c368-gregor-gobec-greenpeace-2.jpg 985w, https:\/\/www.greenpeace.org\/static\/planet4-slovakia-stateless\/2021\/10\/c086c368-gregor-gobec-greenpeace-2-300x200.jpg 300w, https:\/\/www.greenpeace.org\/static\/planet4-slovakia-stateless\/2021\/10\/c086c368-gregor-gobec-greenpeace-2-768x512.jpg 768w, https:\/\/www.greenpeace.org\/static\/planet4-slovakia-stateless\/2021\/10\/c086c368-gregor-gobec-greenpeace-2-510x340.jpg 510w\" sizes=\"auto, (max-width: 1079px) 100vw, 1079px\" \/><figcaption>Gregor Gobec \u00a9 Greenpeace<\/figcaption><\/figure>\n\n<p>Proti navrhovan\u00e9mu plynov\u00e9mu termin\u00e1lu na Dunaji st\u00e1le prebieha <a href=\"https:\/\/www.mojapeticia.sk\/campaign\/verejna-vyzva-proti-vystavbe-lng-terminalu-v-bratislave\/ff9b6690-1556-454b-bc3e-432919cadaf2\">verejn\u00e1 v\u00fdzva<\/a><strong>, <\/strong>do ktorej sa m\u00f4\u017eu ob\u010dania zapoji\u0165<strong> a vyjadri\u0165 tak svoj nes\u00fahlas s plynovou infra\u0161trukt\u00farou v Bratislavskom pr\u00edstave.<\/strong><\/p>\n\n<div class=\"wp-block-buttons is-content-justification-center is-layout-flex wp-block-buttons-is-layout-flex\">\n<div class=\"wp-block-button is-style-cta\"><a class=\"wp-block-button__link\" href=\"https:\/\/www.mojapeticia.sk\/campaign\/verejna-vyzva-proti-vystavbe-lng-terminalu-v-bratislave\/ff9b6690-1556-454b-bc3e-432919cadaf2\">POVEDZ NIE PLYNOV\u00c9MU LNG TERMIN\u00c1LU <\/a><\/div>\n<\/div>\n\n<p><\/p>\n","protected":false},"excerpt":{"rendered":"<p>Aktivisti a aktivistky organiz\u00e1cie Greenpeace pre stredn\u00fa a v\u00fdchodn\u00fa Eur\u00f3pu (CEE), vr\u00e1tane slovensk\u00fdch, v\u010dera protestovali na ned\u00e1vno otvorenom plynovom LNG termin\u00e1li na ostrove Krk v Chorv\u00e1tsku, po\u010das ktor\u00e9ho vyzvali predstavite\u013eov&hellip;<\/p>\n","protected":false},"author":30,"featured_media":4444,"comment_status":"open","ping_status":"open","sticky":false,"template":"","format":"standard","meta":{"ep_exclude_from_search":false,"p4_og_title":"","p4_og_description":"","p4_og_image":"","p4_og_image_id":"","p4_seo_canonical_url":"","p4_campaign_name":"not set","p4_local_project":"not set","p4_basket_name":"not set","p4_department":"","footnotes":""},"categories":[21,3],"tags":[6,18],"p4-page-type":[14],"class_list":["post-4443","post","type-post","status-publish","format-standard","has-post-thumbnail","hentry","category-greenpeace","category-zmen","tag-klimatickakriza","tag-energia","p4-page-type-tlacova-sprava"],"_links":{"self":[{"href":"https:\/\/www.greenpeace.org\/slovakia\/wp-json\/wp\/v2\/posts\/4443","targetHints":{"allow":["GET"]}}],"collection":[{"href":"https:\/\/www.greenpeace.org\/slovakia\/wp-json\/wp\/v2\/posts"}],"about":[{"href":"https:\/\/www.greenpeace.org\/slovakia\/wp-json\/wp\/v2\/types\/post"}],"author":[{"embeddable":true,"href":"https:\/\/www.greenpeace.org\/slovakia\/wp-json\/wp\/v2\/users\/30"}],"replies":[{"embeddable":true,"href":"https:\/\/www.greenpeace.org\/slovakia\/wp-json\/wp\/v2\/comments?post=4443"}],"version-history":[{"count":6,"href":"https:\/\/www.greenpeace.org\/slovakia\/wp-json\/wp\/v2\/posts\/4443\/revisions"}],"predecessor-version":[{"id":4455,"href":"https:\/\/www.greenpeace.org\/slovakia\/wp-json\/wp\/v2\/posts\/4443\/revisions\/4455"}],"wp:featuredmedia":[{"embeddable":true,"href":"https:\/\/www.greenpeace.org\/slovakia\/wp-json\/wp\/v2\/media\/4444"}],"wp:attachment":[{"href":"https:\/\/www.greenpeace.org\/slovakia\/wp-json\/wp\/v2\/media?parent=4443"}],"wp:term":[{"taxonomy":"category","embeddable":true,"href":"https:\/\/www.greenpeace.org\/slovakia\/wp-json\/wp\/v2\/categories?post=4443"},{"taxonomy":"post_tag","embeddable":true,"href":"https:\/\/www.greenpeace.org\/slovakia\/wp-json\/wp\/v2\/tags?post=4443"},{"taxonomy":"p4-page-type","embeddable":true,"href":"https:\/\/www.greenpeace.org\/slovakia\/wp-json\/wp\/v2\/p4-page-type?post=4443"}],"curies":[{"name":"wp","href":"https:\/\/api.w.org\/{rel}","templated":true}]}}