{"id":4456,"date":"2021-10-26T16:04:39","date_gmt":"2021-10-26T14:04:39","guid":{"rendered":"https:\/\/www.greenpeace.org\/slovakia\/?p=4456"},"modified":"2021-10-26T16:05:32","modified_gmt":"2021-10-26T14:05:32","slug":"bez-dostatocnej-podpory-institucii-akou-je-shmu-s-klimatickou-krizou-nezabojujeme","status":"publish","type":"post","link":"https:\/\/www.greenpeace.org\/slovakia\/tlacova-sprava\/4456\/bez-dostatocnej-podpory-institucii-akou-je-shmu-s-klimatickou-krizou-nezabojujeme\/","title":{"rendered":"Bez dostato\u010dnej podpory in\u0161tit\u00faci\u00ed akou je SHM\u00da s klimatickou kr\u00edzou nezabojujeme"},"content":{"rendered":"\n<p><strong>Bratislava, 22. okt\u00f3ber. 2021<\/strong><\/p>\n\n<figure class=\"wp-block-image size-full\"><img loading=\"lazy\" decoding=\"async\" width=\"800\" height=\"534\" src=\"https:\/\/www.greenpeace.org\/static\/planet4-slovakia-stateless\/2021\/10\/d6e4f052-gp1svdzx_web_size.jpg\" alt=\"\" class=\"wp-image-4459\" srcset=\"https:\/\/www.greenpeace.org\/static\/planet4-slovakia-stateless\/2021\/10\/d6e4f052-gp1svdzx_web_size.jpg 800w, https:\/\/www.greenpeace.org\/static\/planet4-slovakia-stateless\/2021\/10\/d6e4f052-gp1svdzx_web_size-300x200.jpg 300w, https:\/\/www.greenpeace.org\/static\/planet4-slovakia-stateless\/2021\/10\/d6e4f052-gp1svdzx_web_size-768x513.jpg 768w, https:\/\/www.greenpeace.org\/static\/planet4-slovakia-stateless\/2021\/10\/d6e4f052-gp1svdzx_web_size-510x340.jpg 510w\" sizes=\"auto, (max-width: 800px) 100vw, 800px\" \/><\/figure>\n\n<p><strong>V\u010deraj\u0161ie inform\u00e1cie o zni\u017eovan\u00ed rozpo\u010dtu pre SHM\u00da pouk\u00e1zali na dlhodob\u00fd probl\u00e9m poddimenzovania k\u013e\u00fa\u010dov\u00fdch vedeck\u00fdch in\u0161tit\u00faci\u00ed v oblasti ochrany \u017eivotn\u00e9ho prostredia. Organiz\u00e1cie zdru\u017een\u00e9 v Klimatickej koal\u00edcii spolu s Greenpeace Slovensko vyjadruj\u00fa svoje obavy z okres\u00e1vania v\u00fdskumu v oblasti kl\u00edmy. Bez vedeck\u00fdch poznatkov a d\u00e1t sa nedok\u00e1\u017eeme na zmenu kl\u00edmy spr\u00e1vne pripravi\u0165. V tejto s\u00favislosti poslali ministrovi \u017eivotn\u00e9ho prostredia a riadite\u013eovi SHM\u00da list.&nbsp;<\/strong><\/p>\n\n<p>\u201cSHM\u00da je d\u00f4le\u017eitou in\u0161it\u00faciou na z\u00edskavanie d\u00e1t a anal\u00fdz, ktor\u00e9 s\u00fa nevyhnutn\u00e9 na nastavovanie opatren\u00ed v oblasti rie\u0161enia klimatickej kr\u00edzy, obzvl\u00e1\u0161\u0165 v \u010dase,&nbsp;ke\u010f nastavujeme ve\u013ek\u00e9 mno\u017estvo opatren\u00ed v r\u00e1mci Pl\u00e1nu obnovy a odolnosti, Eurofondov \u010di nov\u00fdch pr\u00e1vnych aktov Fit for 55. Na dosiahnutie uhl\u00edkovej neutrality s\u00fa nevyhnutn\u00e9 spr\u00e1vne d\u00e1ta. Inak strielame naslepo,\u201d hovor\u00ed riadite\u013eka Greenpeace Slovensko Katar\u00edna Jur\u00edkov\u00e1.&nbsp;<\/p>\n\n<p>Pod\u013ea organiz\u00e1ci\u00ed na Slovensku dlhodobo&nbsp;ch\u00fdba jasn\u00fd a merate\u013en\u00fd pl\u00e1n na dosiahnutie uhl\u00edkovej neutrality. Bez pl\u00e1nu&nbsp; i&nbsp; dostato\u010dn\u00fdch d\u00e1t a anal\u00fdz nie je mo\u017en\u00e9 nastavova\u0165 jednotliv\u00e9 kroky, ale ani kontrolova\u0165 plnenie pl\u00e1nu.<\/p>\n\n<p>\u201cOp\u00e4\u0165 vn\u00edmame sign\u00e1l, \u017ee ochrana kl\u00edmy a \u017eivotn\u00e9ho prostredia nie s\u00fa prioritou.&nbsp;Dlhodobo upozor\u0148ujeme na nedostato\u010dn\u00fa nadrezortn\u00fa prioritiz\u00e1ciu rie\u0161enia environment\u00e1lnej kr\u00edzy v podobe klimatickej kr\u00edzy a mas\u00edvneho \u00fabytku biodiverzity. Bez posilnenia poz\u00edcie organiz\u00e1ci\u00ed a ministerstva \u017eivotn\u00e9ho prostredia, ktor\u00e9 rie\u0161i tak z\u00e1va\u017en\u00e9 existen\u010dn\u00e9 t\u00e9my, ktor\u00e9 sa dotkn\u00fa ka\u017ed\u00e9ho aspektu \u017eivota obyvate\u013eov Slovenska, nem\u00f4\u017eeme efekt\u00edvne \u010deli\u0165 ich hrozb\u00e1m,\u201d dod\u00e1va Lucia Szabov\u00e1, koordin\u00e1torka Klimatickej Koal\u00edcie.<\/p>\n\n<p><\/p>\n","protected":false},"excerpt":{"rendered":"<p>Zni\u017eovanie rozpo\u010dtu pre SHM\u00da poukazuje na dlhodob\u00fd probl\u00e9m poddimenzovania vedeck\u00fdch in\u0161tit\u00faci\u00ed v oblasti ochrany \u017eivotn\u00e9ho prostredia. <\/p>\n","protected":false},"author":37,"featured_media":4457,"comment_status":"open","ping_status":"open","sticky":false,"template":"","format":"standard","meta":{"ep_exclude_from_search":false,"p4_og_title":"","p4_og_description":"","p4_og_image":"","p4_og_image_id":"","p4_seo_canonical_url":"","p4_campaign_name":"not set","p4_local_project":"not set","p4_basket_name":"not set","p4_department":"","footnotes":""},"categories":[1],"tags":[6],"p4-page-type":[14],"class_list":["post-4456","post","type-post","status-publish","format-standard","has-post-thumbnail","hentry","category-uncategorized","tag-klimatickakriza","p4-page-type-tlacova-sprava"],"_links":{"self":[{"href":"https:\/\/www.greenpeace.org\/slovakia\/wp-json\/wp\/v2\/posts\/4456","targetHints":{"allow":["GET"]}}],"collection":[{"href":"https:\/\/www.greenpeace.org\/slovakia\/wp-json\/wp\/v2\/posts"}],"about":[{"href":"https:\/\/www.greenpeace.org\/slovakia\/wp-json\/wp\/v2\/types\/post"}],"author":[{"embeddable":true,"href":"https:\/\/www.greenpeace.org\/slovakia\/wp-json\/wp\/v2\/users\/37"}],"replies":[{"embeddable":true,"href":"https:\/\/www.greenpeace.org\/slovakia\/wp-json\/wp\/v2\/comments?post=4456"}],"version-history":[{"count":2,"href":"https:\/\/www.greenpeace.org\/slovakia\/wp-json\/wp\/v2\/posts\/4456\/revisions"}],"predecessor-version":[{"id":4460,"href":"https:\/\/www.greenpeace.org\/slovakia\/wp-json\/wp\/v2\/posts\/4456\/revisions\/4460"}],"wp:featuredmedia":[{"embeddable":true,"href":"https:\/\/www.greenpeace.org\/slovakia\/wp-json\/wp\/v2\/media\/4457"}],"wp:attachment":[{"href":"https:\/\/www.greenpeace.org\/slovakia\/wp-json\/wp\/v2\/media?parent=4456"}],"wp:term":[{"taxonomy":"category","embeddable":true,"href":"https:\/\/www.greenpeace.org\/slovakia\/wp-json\/wp\/v2\/categories?post=4456"},{"taxonomy":"post_tag","embeddable":true,"href":"https:\/\/www.greenpeace.org\/slovakia\/wp-json\/wp\/v2\/tags?post=4456"},{"taxonomy":"p4-page-type","embeddable":true,"href":"https:\/\/www.greenpeace.org\/slovakia\/wp-json\/wp\/v2\/p4-page-type?post=4456"}],"curies":[{"name":"wp","href":"https:\/\/api.w.org\/{rel}","templated":true}]}}