{"id":4715,"date":"2022-03-17T10:48:18","date_gmt":"2022-03-17T09:48:18","guid":{"rendered":"https:\/\/www.greenpeace.org\/slovakia\/?p=4715"},"modified":"2025-07-02T09:22:49","modified_gmt":"2025-07-02T07:22:49","slug":"na-slovensku-unikaju-kazdy-den-do-ovzdusia-pre-klimu-nebezpecne-emisie-metanu","status":"publish","type":"post","link":"https:\/\/www.greenpeace.org\/slovakia\/tlacova-sprava\/4715\/na-slovensku-unikaju-kazdy-den-do-ovzdusia-pre-klimu-nebezpecne-emisie-metanu\/","title":{"rendered":"Na Slovensku unikaj\u00fa ka\u017ed\u00fd de\u0148 do ovzdu\u0161ia pre kl\u00edmu nebezpe\u010dn\u00e9 emisie met\u00e1nu"},"content":{"rendered":"\n<p><strong>Greenpeace v spolupr\u00e1ci s expertom Jamesom Turittom<\/strong> <strong>z organiz\u00e1cie Clean Air Task Force odhalil pomocou infra\u010dervenej kamery okom nevidite\u013en\u00e9 emisie met\u00e1nu z plyn\u00e1renskej infra\u0161trukt\u00fary na Slovensku. Met\u00e1n pritom patr\u00ed medzi siln\u00fd sklen\u00edkov\u00fd plyn, ktor\u00fd zhor\u0161uje klimatick\u00fa kr\u00edzu. Celkovo bolo zdokumentovan\u00fdch 31 pr\u00edpadov, kedy unikali emisie met\u00e1nu z r\u00f4znych zdrojov zachyten\u00fdch na 7 lokalit\u00e1ch.<\/strong><\/p>\n\n<p>Greenpeace Slovensko nav\u0161t\u00edvil \u0161tyri kompresorov\u00e9 stanice vo Ve\u013ek\u00fdch Kapu\u0161anoch, Ve\u013ek\u00fdch Zlievcoch, Ivanke pri Nitre a Lak\u0161\u00e1rskej Novej Vsi, podzemn\u00fd z\u00e1sobn\u00edk plynu v Plaveckom \u0160tvrtku, vn\u00fatro\u0161t\u00e1tnu prep\u00fa\u0161\u0165aciu stanicu v \u0160pa\u010dinciach a regula\u010dn\u00fa stanicu Distrib\u00facie SPP pri Lozorne. Zdokumentovan\u00fdch bolo 31 pr\u00edpadov emisi\u00ed met\u00e1nu unikaj\u00facich z r\u00f4znych zdrojov. Emisie met\u00e1nu boli zdokumentovan\u00e9 kamerami, ktor\u00e9 funguj\u00fa na princ\u00edpe infra\u010dervenej termografie s <a href=\"https:\/\/www.flir.eu\/discover\/industrial\/can-you-see-toxic-emissions-with-thermal-cameras\/\">optick\u00fdm zobrazovan\u00edm plynov<\/a>.<\/p>\n\n<figure class=\"wp-block-embed is-type-video is-provider-youtube wp-block-embed-youtube wp-embed-aspect-4-3 wp-has-aspect-ratio\"><div class=\"wp-block-embed__wrapper\">\n<lite-youtube style=\"background-image: url('https:\/\/i.ytimg.com\/vi\/VaxWQxQ6ky4\/hqdefault.jpg');\" videoid=\"VaxWQxQ6ky4\" params=\"rel=0\"><\/lite-youtube>\n<\/div><\/figure>\n\n<p>Met\u00e1n je siln\u00fd sklen\u00edkov\u00fd plyn, ktor\u00fd m\u00e1 v rozmedz\u00ed 20 rokov a\u017e<a href=\"https:\/\/www.ipcc.ch\/report\/ar6\/wg1\/downloads\/report\/IPCC_AR6_WGI_Full_Report_smaller.pdf\"> 82,5 kr\u00e1t vy\u0161\u0161\u00ed potenci\u00e1l glob\u00e1lneho otep\u013eovania ako oxid uhli\u010dit\u00fd<\/a> a ktor\u00fd je zodpovedn\u00fd za pribli\u017ene<a href=\"https:\/\/www.unep.org\/explore-topics\/energy\/what-we-do\/methane\/methane-everything-you-need-know\"> \u0161tvrtinu <\/a>doteraj\u0161ieho glob\u00e1lneho oteplenia (od predindustri\u00e1lnej doby). Unik\u00e1 pri \u0165a\u017ebe, preprave alebo usklad\u0148ovan\u00ed fosilneho plynu.&nbsp;<\/p>\n\n<figure class=\"wp-block-image size-large\"><img loading=\"lazy\" decoding=\"async\" width=\"1024\" height=\"406\" src=\"https:\/\/www.greenpeace.org\/static\/planet4-slovakia-stateless\/2022\/03\/133d5e13-ukazka-1-1024x406.png\" alt=\"\" class=\"wp-image-4716\"\/><figcaption>\u00a9Clean Air Task Force, Plaveck\u00fd \u0160tvrtok<\/figcaption><\/figure>\n\n<p>,,O tom, ak\u00fd nebezpe\u010dn\u00fd je pre kl\u00edmu met\u00e1n, sa u n\u00e1s a\u017e to\u013eko nehovor\u00ed. Rozhodli sme sa preto uk\u00e1za\u0165 nie\u010do, \u010do \u013eudsk\u00e9 oko be\u017ene nevid\u00ed. Nebezpe\u010dn\u00e9 \u00faniky, ktor\u00e9 poh\u00e1\u0148aj\u00fa klimatick\u00fa kr\u00edzu a ktor\u00e9 sme na\u0161li na v\u0161etk\u00fdch nami nav\u0161t\u00edven\u00fdch miestach,\u201d hovor\u00ed Dorota Osvaldov\u00e1, koordin\u00e1torka klimatickej kampane pre Greenpeace Slovensko.<\/p>\n\n<p>,,Zne\u010distenie met\u00e1nom v ropnom a plyn\u00e1renskom priemysle nach\u00e1dzame v\u0161ade, kam sa len pozrieme. Aby Eur\u00f3pska \u00fania spomalila tempo glob\u00e1lneho otep\u013eovania, mus\u00ed sa v\u00e1\u017ene zaobera\u0165 zni\u017eovan\u00edm svojej met\u00e1novej stopy nielen v \u010dlensk\u00fdch \u0161t\u00e1toch, ale aj v krajin\u00e1cn, z ktor\u00fdch ropu a plyn dov\u00e1\u017ea,\u201d komentuje James Turitto, mana\u017e\u00e9r ropnej a plynovej kampane pre organiz\u00e1ciu Clean Air Task Force. <\/p>\n\n<figure class=\"wp-block-embed is-type-video is-provider-youtube wp-block-embed-youtube wp-embed-aspect-4-3 wp-has-aspect-ratio\"><div class=\"wp-block-embed__wrapper\">\n<lite-youtube style=\"background-image: url('https:\/\/i.ytimg.com\/vi\/hRCAgetJQB0\/hqdefault.jpg');\" videoid=\"hRCAgetJQB0\" params=\"rel=0\"><\/lite-youtube>\n<\/div><\/figure>\n\n<p>Probl\u00e9mom je pod\u013ea Katar\u00edny Jur\u00edkovej, riadite\u013eky Greenpeace Slovensko, na\u0161a celkov\u00e1 z\u00e1vislos\u0165 od plynu: ,,Je nemor\u00e1lna a absurdn\u00e1 &#8211;&nbsp; podie\u013ea sa na financovan\u00ed utrpenia na Ukrajine, rob\u00ed z dom\u00e1cnost\u00ed rukojemn\u00edkov nespo\u013eahliv\u00e9ho a drah\u00e9ho paliva a zhor\u0161uje u\u017e aj tak eskaluj\u00facu klimatick\u00fa kr\u00edzu. Absurdn\u00e9 je, \u017ee sa tejto z\u00e1vislosti nechceme zbavi\u0165 aj napriek tomu, \u017ee m\u00e1me lacn\u00e9, \u010dist\u00e9 a bezpe\u010dn\u00e9 rie\u0161enia vo forme energetickej \u00fa\u010dinnosti a obnovite\u013en\u00fdch zdrojov energie. \u00c1no, ako prv\u00fd krok je potrebn\u00fd re\u00e1lny z\u00e1kaz dovozu rusk\u00e9ho plynu, av\u0161ak my sa potrebujeme zbavi\u0165 na\u0161ej z\u00e1vislosti od plynu ako takej, nielen zmeni\u0165 dealera. \u017diadny dikt\u00e1tor si toti\u017e nem\u00f4\u017ee monopolizova\u0165 slnko a \u017eiadny autokrat nem\u00f4\u017ee ovl\u00e1da\u0165 vietor,\u201d dod\u00e1va Jur\u00edkov\u00e1.<\/p>\n\n<figure class=\"wp-block-image size-large\"><img loading=\"lazy\" decoding=\"async\" width=\"1024\" height=\"407\" src=\"https:\/\/www.greenpeace.org\/static\/planet4-slovakia-stateless\/2022\/03\/59b01794-ukazka-3-1024x407.png\" alt=\"\" class=\"wp-image-4720\" srcset=\"https:\/\/www.greenpeace.org\/static\/planet4-slovakia-stateless\/2022\/03\/59b01794-ukazka-3-1024x407.png 1024w, https:\/\/www.greenpeace.org\/static\/planet4-slovakia-stateless\/2022\/03\/59b01794-ukazka-3-300x119.png 300w, https:\/\/www.greenpeace.org\/static\/planet4-slovakia-stateless\/2022\/03\/59b01794-ukazka-3-768x305.png 768w, https:\/\/www.greenpeace.org\/static\/planet4-slovakia-stateless\/2022\/03\/59b01794-ukazka-3-510x203.png 510w, https:\/\/www.greenpeace.org\/static\/planet4-slovakia-stateless\/2022\/03\/59b01794-ukazka-3.png 1196w\" sizes=\"auto, (max-width: 1024px) 100vw, 1024px\" \/><figcaption> \u00a9Greenpeace , Plaveck\u00fd \u0160tvrtok<\/figcaption><\/figure>\n\n<figure class=\"wp-block-embed is-type-video is-provider-youtube wp-block-embed-youtube wp-embed-aspect-4-3 wp-has-aspect-ratio\"><div class=\"wp-block-embed__wrapper\">\n<lite-youtube style=\"background-image: url('https:\/\/i.ytimg.com\/vi\/_ML_y3pfmPU\/hqdefault.jpg');\" videoid=\"_ML_y3pfmPU\" params=\"rel=0\"><\/lite-youtube>\n<\/div><\/figure>\n\n<p>V s\u00favislosti s prebiehaj\u00facou vojnou na Ukrajine a klimatickou kr\u00edzou Greenpeace \u017eiada re\u00e1lne ukon\u010denie dovozu fos\u00edlneho plynu z Ruska, stopku akejko\u013evek novej plyn\u00e1renskej infra\u0161trukt\u00fare, ale najm\u00e4 postupn\u00e9 ukon\u010denie vyu\u017e\u00edvania fos\u00edlneho plynu do roku 2035. S\u00fa\u010dasne potrebujeme za\u010da\u0165 mas\u00edvne investova\u0165 do energetickej \u00fa\u010dinnosti, \u00faspor a obnovite\u013en\u00fdch zdrojov energie a dotovanie t\u00fdchto opatren\u00ed pre n\u00edzkopr\u00edjmov\u00e9 dom\u00e1cnosti.<\/p>\n\n<figure class=\"wp-block-embed is-type-video is-provider-youtube wp-block-embed-youtube wp-embed-aspect-4-3 wp-has-aspect-ratio\"><div class=\"wp-block-embed__wrapper\">\n<lite-youtube style=\"background-image: url('https:\/\/i.ytimg.com\/vi\/tkFeXISIDu0\/hqdefault.jpg');\" videoid=\"tkFeXISIDu0\" params=\"rel=0\"><\/lite-youtube>\n<\/div><\/figure>\n\n<p>Napriek Par\u00ed\u017eskej dohode a eskaluj\u00facej klimatickej kr\u00edze dnes atmosf\u00e9rick\u00e1 koncentr\u00e1cia met\u00e1nu <a href=\"https:\/\/wedocs.unep.org\/bitstream\/handle\/20.500.11822\/35917\/GMA_ES.pdf\">rastie najr\u00fdchlej\u0161ie od roku 1980<\/a> a s\u00fa\u010dasn\u00e9 mno\u017estv\u00e1 s\u00fa cestou k otepleniu o viac ako 2 \u00b0C. Met\u00e1n je navy\u0161e <a href=\"https:\/\/www.unep.org\/resources\/report\/global-methane-assessment-benefits-and-costs-mitigating-methane-emissions\">hlavn\u00fdm faktorom, ktor\u00fd prispieva k tvorbe pr\u00edzemn\u00e9ho oz\u00f3nu<\/a> &#8211; sklen\u00edkov\u00e9ho plynu a nebezpe\u010dnej l\u00e1tky, ktor\u00e1 zne\u010dis\u0165uje ovzdu\u0161ie a vystavenie sa ktorej sp\u00f4sobuje ka\u017edoro\u010dne a\u017e 1 mili\u00f3n pred\u010dasn\u00fdch \u00famrt\u00ed.<\/p>\n\n<figure class=\"wp-block-image size-large\"><img loading=\"lazy\" decoding=\"async\" width=\"1024\" height=\"386\" src=\"https:\/\/www.greenpeace.org\/static\/planet4-slovakia-stateless\/2022\/03\/dfde1aa2-ukazka-2-1024x386.png\" alt=\"\" class=\"wp-image-4722\" srcset=\"https:\/\/www.greenpeace.org\/static\/planet4-slovakia-stateless\/2022\/03\/dfde1aa2-ukazka-2-1024x386.png 1024w, https:\/\/www.greenpeace.org\/static\/planet4-slovakia-stateless\/2022\/03\/dfde1aa2-ukazka-2-300x113.png 300w, https:\/\/www.greenpeace.org\/static\/planet4-slovakia-stateless\/2022\/03\/dfde1aa2-ukazka-2-768x290.png 768w, https:\/\/www.greenpeace.org\/static\/planet4-slovakia-stateless\/2022\/03\/dfde1aa2-ukazka-2-510x192.png 510w, https:\/\/www.greenpeace.org\/static\/planet4-slovakia-stateless\/2022\/03\/dfde1aa2-ukazka-2.png 1195w\" sizes=\"auto, (max-width: 1024px) 100vw, 1024px\" \/><figcaption> \u00a9Clean Air Task Force , Ve\u013ek\u00e9 Kapu\u0161any<\/figcaption><\/figure>\n\n<p>Emisie met\u00e1nu organiz\u00e1cia Clean Air Task Force <a href=\"https:\/\/cutmethane.eu\/\">monitorovala <\/a>&nbsp;u\u017e v celej Eur\u00f3pe, vr\u00e1tane <a href=\"https:\/\/zpravy.aktualne.cz\/zahranici\/specialni-kamera-ukazuje-jak-v-cesku-unika-metan\/r~c917fd264eaf11ec8a900cc47ab5f122\/\">\u010ceskej republiky<\/a>, <a href=\"https:\/\/24.hu\/tudomany\/2021\/06\/25\/metankibocsatas-emisszio-magyarorszag-felvetel-clean-air-task-force\/\">Ma\u010farska<\/a>, <a href=\"https:\/\/tv.orf.at\/program\/orf2\/thema156.html\">Rak\u00faska<\/a>, <a href=\"https:\/\/www.idnes.cz\/ekonomika\/zahranicni\/unikajici-metan-ze-zastaralych-rozvodu-v-rumunsku.A210825_130010_eko-zahranicni_vebe\">Rumunska<\/a>, <a href=\"https:\/\/www.repubblica.it\/green-and-blue\/2021\/09\/13\/news\/james_turitto_cacciatore_metano-316817436\/\">Talianska <\/a>a <a href=\"https:\/\/www.spiegel.de\/wissenschaft\/technik\/methan-unterwegs-mit-dem-jaeger-nach-erdgas-lecks-a-5036aa92-2488-4985-9420-deea4054e7af\">Nemecka<\/a>. Zaznamenala viac ako 180 \u00fanikov met\u00e1nu a jej zistenia publikovali spravodajsk\u00e9 m\u00e9di\u00e1 po celom svete, vr\u00e1tane <a href=\"https:\/\/www.reuters.com\/business\/environment\/exclusive-gas-infrastructure-across-europe-leaking-planet-warming-methane-video-2021-06-24\/\">Reuters<\/a>, <a href=\"https:\/\/www.bloomberg.com\/news\/articles\/2021-08-25\/infrared-cameras-detect-methane-leaks-across-romania\">Bloomberg<\/a>, <a href=\"https:\/\/www.ft.com\/content\/c9c43e4f-c83e-42e4-a815-9266b970af7a\">Financial Times<\/a>, <a href=\"https:\/\/www.telegraph.co.uk\/news\/2021\/10\/23\/national-grid-belching-leaked-methane-atmosphere\/\">The Telegraph<\/a>, <a href=\"https:\/\/www.zeit.de\/2021\/26\/methan-deutschland-industrieanlagen-schaeden-klimawandel?utm_referrer=https%3A%2F%2Fwww.google.com%2F\">Die Zeit<\/a>, <a href=\"https:\/\/www.spiegel.de\/wissenschaft\/technik\/methan-unterwegs-mit-dem-jaeger-nach-erdgas-lecks-a-5036aa92-2488-4985-9420-deea4054e7af\">Der Spiegel<\/a>,<a href=\"https:\/\/www.repubblica.it\/green-and-blue\/2021\/09\/13\/news\/james_turitto_cacciatore_metano-316817436\/\"> La Repubblica<\/a>, <a href=\"https:\/\/www.nzz.ch\/international\/warum-wir-viel-mehr-ueber-methan-reden-sollten-ld.1656879?reduced=true\">Neue Z\u00fcrcher Zeitung<\/a> a<a href=\"https:\/\/www.climatechangenews.com\/2021\/06\/24\/infrared-images-show-regulated-methane-crisis-across-europe\/\"> Climate Home News<\/a>. <\/p>\n","protected":false},"excerpt":{"rendered":"<p>Greenpeace v spolupr\u00e1ci s expertom Jamesom Turittom z organiz\u00e1cie Clean Air Task Force odhalil pomocou infra\u010dervenej kamery okom nevidite\u013en\u00e9 emisie met\u00e1nu z plyn\u00e1renskej infra\u0161trukt\u00fary na Slovensku. Met\u00e1n pritom patr\u00ed medzi&hellip;<\/p>\n","protected":false},"author":30,"featured_media":4716,"comment_status":"open","ping_status":"open","sticky":false,"template":"","format":"standard","meta":{"ep_exclude_from_search":false,"p4_og_title":"","p4_og_description":"","p4_og_image":"","p4_og_image_id":"","p4_seo_canonical_url":"","p4_campaign_name":"not set","p4_local_project":"not set","p4_basket_name":"not set","p4_department":"","footnotes":""},"categories":[21,5,3],"tags":[6,18],"p4-page-type":[14],"class_list":["post-4715","post","type-post","status-publish","format-standard","has-post-thumbnail","hentry","category-greenpeace","category-issues","category-zmen","tag-klimatickakriza","tag-energia","p4-page-type-tlacova-sprava"],"_links":{"self":[{"href":"https:\/\/www.greenpeace.org\/slovakia\/wp-json\/wp\/v2\/posts\/4715","targetHints":{"allow":["GET"]}}],"collection":[{"href":"https:\/\/www.greenpeace.org\/slovakia\/wp-json\/wp\/v2\/posts"}],"about":[{"href":"https:\/\/www.greenpeace.org\/slovakia\/wp-json\/wp\/v2\/types\/post"}],"author":[{"embeddable":true,"href":"https:\/\/www.greenpeace.org\/slovakia\/wp-json\/wp\/v2\/users\/30"}],"replies":[{"embeddable":true,"href":"https:\/\/www.greenpeace.org\/slovakia\/wp-json\/wp\/v2\/comments?post=4715"}],"version-history":[{"count":6,"href":"https:\/\/www.greenpeace.org\/slovakia\/wp-json\/wp\/v2\/posts\/4715\/revisions"}],"predecessor-version":[{"id":9924,"href":"https:\/\/www.greenpeace.org\/slovakia\/wp-json\/wp\/v2\/posts\/4715\/revisions\/9924"}],"wp:featuredmedia":[{"embeddable":true,"href":"https:\/\/www.greenpeace.org\/slovakia\/wp-json\/wp\/v2\/media\/4716"}],"wp:attachment":[{"href":"https:\/\/www.greenpeace.org\/slovakia\/wp-json\/wp\/v2\/media?parent=4715"}],"wp:term":[{"taxonomy":"category","embeddable":true,"href":"https:\/\/www.greenpeace.org\/slovakia\/wp-json\/wp\/v2\/categories?post=4715"},{"taxonomy":"post_tag","embeddable":true,"href":"https:\/\/www.greenpeace.org\/slovakia\/wp-json\/wp\/v2\/tags?post=4715"},{"taxonomy":"p4-page-type","embeddable":true,"href":"https:\/\/www.greenpeace.org\/slovakia\/wp-json\/wp\/v2\/p4-page-type?post=4715"}],"curies":[{"name":"wp","href":"https:\/\/api.w.org\/{rel}","templated":true}]}}