{"id":4830,"date":"2022-05-26T12:56:58","date_gmt":"2022-05-26T10:56:58","guid":{"rendered":"https:\/\/www.greenpeace.org\/slovakia\/?p=4830"},"modified":"2022-05-31T11:22:50","modified_gmt":"2022-05-31T09:22:50","slug":"protesty-v-celej-europe-odsudzuju-madarskeho-premiera-orbana-za-blokovanie-embarga-na-rusku-ropu","status":"publish","type":"post","link":"https:\/\/www.greenpeace.org\/slovakia\/clanok\/4830\/protesty-v-celej-europe-odsudzuju-madarskeho-premiera-orbana-za-blokovanie-embarga-na-rusku-ropu\/","title":{"rendered":"Protesty v celej Eur\u00f3pe odsudzuj\u00fa ma\u010farsk\u00e9ho premi\u00e9ra Orb\u00e1na za blokovanie embarga na rusk\u00fa ropu"},"content":{"rendered":"\n<p><strong>Environment\u00e1lni aktivisti protestovali pred ma\u010farsk\u00fdm ve\u013evyslanectvom vo viacer\u00fdch krajin\u00e1ch Eur\u00f3py, vr\u00e1tane Slovenska a Ukrajiny, s cie\u013eom vyzva\u0165 ma\u010farsk\u00e9ho premi\u00e9ra Viktora Orb\u00e1na, aby prestal blokova\u0165 embargo E\u00da na rusk\u00fa ropu a podporil mier. Hlavn\u00fdm odkazom protestov, ktor\u00e9 v piatok od\u0161tartoval Greenpeace v Ma\u010farsku je to, \u017ee je mor\u00e1lne nepr\u00edpustn\u00e9, aby jeden \u010dlensk\u00fd \u0161t\u00e1t blokoval rozhodnutie za spolo\u010dn\u00e9 ropn\u00e9 embargo, bez ktor\u00e9ho bude Eur\u00f3pa pokra\u010dova\u0165 vo financovan\u00ed Putinovej vojny na Ukrajine. Greenpeace pevne ver\u00ed, \u017ee odstr\u00e1nenie z\u00e1vislosti Eur\u00f3py od ruskej ropy a r\u00fdchly odklon od fos\u00edlnych pal\u00edv je cestou nielen von z klimatickej kr\u00edzy, ale aj k trval\u00e9mu a stabiln\u00e9mu mieru. Blokovanie tejto cesty len \u010falej navy\u0161uje pr\u00edjmy Putinovej vojnovej pokladnice a stratu nevinn\u00fdch \u017eivotov.<\/strong><\/p>\n\n<figure class=\"wp-block-image size-large\"><img loading=\"lazy\" decoding=\"async\" width=\"1024\" height=\"819\" src=\"https:\/\/www.greenpeace.org\/static\/planet4-slovakia-stateless\/2022\/05\/d4acfb8c-collage-activities-1024x819.jpg\" alt=\"\" class=\"wp-image-4834\" srcset=\"https:\/\/www.greenpeace.org\/static\/planet4-slovakia-stateless\/2022\/05\/d4acfb8c-collage-activities-1024x819.jpg 1024w, https:\/\/www.greenpeace.org\/static\/planet4-slovakia-stateless\/2022\/05\/d4acfb8c-collage-activities-300x240.jpg 300w, https:\/\/www.greenpeace.org\/static\/planet4-slovakia-stateless\/2022\/05\/d4acfb8c-collage-activities-768x614.jpg 768w, https:\/\/www.greenpeace.org\/static\/planet4-slovakia-stateless\/2022\/05\/d4acfb8c-collage-activities-1536x1229.jpg 1536w, https:\/\/www.greenpeace.org\/static\/planet4-slovakia-stateless\/2022\/05\/d4acfb8c-collage-activities-1708x1366.jpg 1708w, https:\/\/www.greenpeace.org\/static\/planet4-slovakia-stateless\/2022\/05\/d4acfb8c-collage-activities-425x340.jpg 425w, https:\/\/www.greenpeace.org\/static\/planet4-slovakia-stateless\/2022\/05\/d4acfb8c-collage-activities.jpg 2000w\" sizes=\"auto, (max-width: 1024px) 100vw, 1024px\" \/><figcaption>Protesty naprie\u010d krajinami E\u00da proti blokovaniu ropn\u00e9ho embarga ma\u010farskou vl\u00e1dou<\/figcaption><\/figure>\n\n<p>Protesty proti ma\u010farskej vl\u00e1de, ktor\u00e1 blokuje ropn\u00e9 embargo E\u00da sa uskuto\u010dnili od 20. m\u00e1ja do 26. m\u00e1ja v Ma\u010farsku, na Slovensku, v N\u00f3rsku, D\u00e1nsku, F\u00ednsku, \u010ceskej republike, Po\u013esku, Rak\u00fasku, Rumunsku a rovnako tak aj na Ukrajine za pomoci organiz\u00e1cie Ecoaction. Ma\u010farsk\u00fd premi\u00e9r tvor\u00ed v s\u00fa\u010dasnosti najv\u00e4\u010d\u0161iu prek\u00e1\u017eku pri schva\u013eovan\u00ed eur\u00f3pskeho ropn\u00e9ho embarga, ktor\u00e9 je zatia\u013e najv\u00fdraznej\u0161\u00edm pokusom Eur\u00f3pskej \u00fanie vyhladova\u0165 vojnov\u00fa pokladnicu Krem\u013ea. E\u00da, ktor\u00e1 vynaklad\u00e1 denne pribli\u017ene 1 miliardu \u20ac na rusk\u00e9 fos\u00edlne paliv\u00e1, by s ropn\u00fdm embargom na <a href=\"https:\/\/www.politico.eu\/article\/ursula-von-der-leyen-russia-sanction-eu-summit\/\">bl\u00ed\u017eiacom sa samite E\u00da nemusela ma\u0165 \u00faspech<\/a> pr\u00e1ve kv\u00f4li vetovaniu ma\u010farskou vl\u00e1dou. Pod\u013ea b\u00fdval\u00e9ho hlavn\u00e9ho ekonomick\u00e9ho poradcu Putina, doktora Andrei Illarionova, <a href=\"https:\/\/www.bbc.com\/news\/business-61040424\">by pritom mohlo \u00fapln\u00e9 embargo na ropu a plyn z Ruska zastavi\u0165 vojnu na Ukrajine do jedn\u00e9ho \u010di dvoch mesiacov<\/a>.&nbsp;<\/p>\n\n<figure class=\"wp-block-image size-large\"><img loading=\"lazy\" decoding=\"async\" width=\"1024\" height=\"668\" src=\"https:\/\/www.greenpeace.org\/static\/planet4-slovakia-stateless\/2022\/05\/af25c1e2-slovakia_2605-1024x668.jpg\" alt=\"\" class=\"wp-image-4833\" srcset=\"https:\/\/www.greenpeace.org\/static\/planet4-slovakia-stateless\/2022\/05\/af25c1e2-slovakia_2605-1024x668.jpg 1024w, https:\/\/www.greenpeace.org\/static\/planet4-slovakia-stateless\/2022\/05\/af25c1e2-slovakia_2605-300x196.jpg 300w, https:\/\/www.greenpeace.org\/static\/planet4-slovakia-stateless\/2022\/05\/af25c1e2-slovakia_2605-768x501.jpg 768w, https:\/\/www.greenpeace.org\/static\/planet4-slovakia-stateless\/2022\/05\/af25c1e2-slovakia_2605-1536x1003.jpg 1536w, https:\/\/www.greenpeace.org\/static\/planet4-slovakia-stateless\/2022\/05\/af25c1e2-slovakia_2605-2048x1337.jpg 2048w, https:\/\/www.greenpeace.org\/static\/planet4-slovakia-stateless\/2022\/05\/af25c1e2-slovakia_2605-510x333.jpg 510w\" sizes=\"auto, (max-width: 1024px) 100vw, 1024px\" \/><figcaption>Protest pred ma\u010farsk\u00fdm ve\u013evyslanectvom v Bratislave, Greenpeace Slovensko <\/figcaption><\/figure>\n\n<p>,,Sme presved\u010den\u00ed, \u017ee mus\u00edme urobi\u0165 v\u0161etko, \u010do je v na\u0161ich sil\u00e1ch, aby sme zastavili t\u00fato vojnu, ktor\u00e1 na Ukrajine ka\u017ed\u00fa min\u00fatu pripravuje o \u017eivot nevinn\u00fdch \u013eud\u00ed. Zn\u00ed\u017eenie na\u0161ej z\u00e1vislosti od rusk\u00fdch fos\u00edlnych pal\u00edv, \u010di u\u017e ropy alebo plynu, je krok spr\u00e1vnym smerom k bud\u00facnosti bez fos\u00edlnych pal\u00edv, ktor\u00fa potrebujeme, aby sme sa dok\u00e1zali popasova\u0165 tv\u00e1rou v tv\u00e1r s klimatickou kr\u00edzou a stratou biodiverzity,&#8220; komentuje Eszter Matyas, ved\u00faca plynovej kampane Greenpeace v strednej a v\u00fdchodnej Eur\u00f3pe.<\/p>\n\n<figure class=\"wp-block-image size-large is-resized\"><img loading=\"lazy\" decoding=\"async\" src=\"https:\/\/www.greenpeace.org\/static\/planet4-slovakia-stateless\/2022\/05\/66ba10af-dsc_0127-1024x716.jpg\" alt=\"\" class=\"wp-image-4835\" width=\"736\" height=\"514\" srcset=\"https:\/\/www.greenpeace.org\/static\/planet4-slovakia-stateless\/2022\/05\/66ba10af-dsc_0127-1024x716.jpg 1024w, https:\/\/www.greenpeace.org\/static\/planet4-slovakia-stateless\/2022\/05\/66ba10af-dsc_0127-300x210.jpg 300w, https:\/\/www.greenpeace.org\/static\/planet4-slovakia-stateless\/2022\/05\/66ba10af-dsc_0127-768x537.jpg 768w, https:\/\/www.greenpeace.org\/static\/planet4-slovakia-stateless\/2022\/05\/66ba10af-dsc_0127-1536x1074.jpg 1536w, https:\/\/www.greenpeace.org\/static\/planet4-slovakia-stateless\/2022\/05\/66ba10af-dsc_0127-2048x1432.jpg 2048w, https:\/\/www.greenpeace.org\/static\/planet4-slovakia-stateless\/2022\/05\/66ba10af-dsc_0127-1953x1366.jpg 1953w, https:\/\/www.greenpeace.org\/static\/planet4-slovakia-stateless\/2022\/05\/66ba10af-dsc_0127-486x340.jpg 486w\" sizes=\"auto, (max-width: 736px) 100vw, 736px\" \/><figcaption>Protest pred ma\u010farsk\u00fdm ve\u013evyslanectvom v Bratislave, Greenpeace Slovensko <\/figcaption><\/figure>\n\n<p>,,Nem\u00f4\u017eeme sa na\u010falej ne\u010dinne prizera\u0165, ako na\u0161e platby za ropu a plyn financuj\u00fa utrpenie na\u0161ich susedov. Eur\u00f3pska \u00fania mus\u00ed by\u0165 jednotn\u00e1 a r\u00e1zne sa postavi\u0165 za embargo, ktor\u00e9 prestane financova\u0165 Putinovu vojnu. Nahradi\u0165 rusk\u00fa ropu za ropu z in\u00fdch kraj\u00edn je iba \u010fal\u0161ie falo\u0161n\u00e9 rie\u0161enie v \u010dase, kedy potrebujeme za\u010da\u0165 pracova\u0165 na systematickom zni\u017eovan\u00ed a obmedzovan\u00ed spotreby fos\u00edlnych pal\u00edv ako tak\u00fdch. Teraz m\u00e1me \u0161ancu prispie\u0165 k udr\u017eate\u013enej bud\u00facnosti pre n\u00e1s v\u0161etk\u00fdch, v ktorej nebudeme z\u00e1visl\u00ed od rozmarov autokratov z Ruska, Bl\u00edzkeho v\u00fdchodu alebo in\u00fdch kraj\u00edn. Vyu\u017eime ju,&#8220; dodala Dorota Osvaldov\u00e1, koordin\u00e1torka klimatickej kampane pre Greenpeace Slovensko.&nbsp;<\/p>\n\n<p>V z\u00e1ujme udr\u017eate\u013enej, bezpe\u010dnej a mierovej bud\u00facnosti Greenpeace vyz\u00fdva ma\u010farsk\u00e9ho premi\u00e9ra, Viktora Orb\u00e1na, aby okam\u017eite prestal blokova\u0165 eur\u00f3pske ropn\u00e9 embargo a z\u00e1rove\u0148 vyz\u00fdva aj slovensk\u00fa vl\u00e1du, aby z tohto embarga ne\u017eiadala v\u00fdnimku a namiesto toho pripravila pl\u00e1n, ako ur\u00fdchlene zn\u00ed\u017ei\u0165 spotrebu ropy a za\u010da\u0165 investova\u0165 do prechodu na nov\u00fd a udr\u017eate\u013en\u00fd energetick\u00fd syst\u00e9m, ktor\u00fd bude zalo\u017een\u00fd na obnovite\u013en\u00fdch zdrojoch energie a energetickej efekt\u00edvnosti.<\/p>\n","protected":false},"excerpt":{"rendered":"<p>Environment\u00e1lni aktivisti protestovali pred ma\u010farsk\u00fdm ve\u013evyslanectvom vo viacer\u00fdch krajin\u00e1ch Eur\u00f3py, vr\u00e1tane Slovenska a Ukrajiny, s cie\u013eom vyzva\u0165 ma\u010farsk\u00e9ho premi\u00e9ra Viktora Orb\u00e1na, aby prestal blokova\u0165 embargo E\u00da na rusk\u00fa ropu a&hellip;<\/p>\n","protected":false},"author":30,"featured_media":4833,"comment_status":"open","ping_status":"open","sticky":false,"template":"","format":"standard","meta":{"ep_exclude_from_search":false,"p4_og_title":"","p4_og_description":"","p4_og_image":"","p4_og_image_id":"","p4_seo_canonical_url":"","p4_campaign_name":"not set","p4_local_project":"not set","p4_basket_name":"not set","p4_department":"","footnotes":""},"categories":[1],"tags":[],"p4-page-type":[16],"class_list":["post-4830","post","type-post","status-publish","format-standard","has-post-thumbnail","hentry","category-uncategorized","p4-page-type-clanok"],"_links":{"self":[{"href":"https:\/\/www.greenpeace.org\/slovakia\/wp-json\/wp\/v2\/posts\/4830","targetHints":{"allow":["GET"]}}],"collection":[{"href":"https:\/\/www.greenpeace.org\/slovakia\/wp-json\/wp\/v2\/posts"}],"about":[{"href":"https:\/\/www.greenpeace.org\/slovakia\/wp-json\/wp\/v2\/types\/post"}],"author":[{"embeddable":true,"href":"https:\/\/www.greenpeace.org\/slovakia\/wp-json\/wp\/v2\/users\/30"}],"replies":[{"embeddable":true,"href":"https:\/\/www.greenpeace.org\/slovakia\/wp-json\/wp\/v2\/comments?post=4830"}],"version-history":[{"count":1,"href":"https:\/\/www.greenpeace.org\/slovakia\/wp-json\/wp\/v2\/posts\/4830\/revisions"}],"predecessor-version":[{"id":4836,"href":"https:\/\/www.greenpeace.org\/slovakia\/wp-json\/wp\/v2\/posts\/4830\/revisions\/4836"}],"wp:featuredmedia":[{"embeddable":true,"href":"https:\/\/www.greenpeace.org\/slovakia\/wp-json\/wp\/v2\/media\/4833"}],"wp:attachment":[{"href":"https:\/\/www.greenpeace.org\/slovakia\/wp-json\/wp\/v2\/media?parent=4830"}],"wp:term":[{"taxonomy":"category","embeddable":true,"href":"https:\/\/www.greenpeace.org\/slovakia\/wp-json\/wp\/v2\/categories?post=4830"},{"taxonomy":"post_tag","embeddable":true,"href":"https:\/\/www.greenpeace.org\/slovakia\/wp-json\/wp\/v2\/tags?post=4830"},{"taxonomy":"p4-page-type","embeddable":true,"href":"https:\/\/www.greenpeace.org\/slovakia\/wp-json\/wp\/v2\/p4-page-type?post=4830"}],"curies":[{"name":"wp","href":"https:\/\/api.w.org\/{rel}","templated":true}]}}