{"id":4979,"date":"2022-11-08T14:21:39","date_gmt":"2022-11-08T13:21:39","guid":{"rendered":"https:\/\/www.greenpeace.org\/slovakia\/?p=4979"},"modified":"2022-11-08T14:21:42","modified_gmt":"2022-11-08T13:21:42","slug":"greenpeace-slovensko-spusta-vyzvu-za-zimu-bez-chladu-od-vlady-ziada-okamzite-riesenie-energetickej-krizy","status":"publish","type":"post","link":"https:\/\/www.greenpeace.org\/slovakia\/tlacova-sprava\/4979\/greenpeace-slovensko-spusta-vyzvu-za-zimu-bez-chladu-od-vlady-ziada-okamzite-riesenie-energetickej-krizy\/","title":{"rendered":"Greenpeace Slovensko sp\u00fa\u0161\u0165a v\u00fdzvu \u201cZa zimu bez (c)hladu\u201d. Od vl\u00e1dy \u017eiada okam\u017eit\u00e9 rie\u0161enie energetickej kr\u00edzy."},"content":{"rendered":"\n<p><strong>Environment\u00e1lna organiz\u00e1cia Greenpeace Slovensko predstavila v\u00fdzvu \u201cZa zimu bez (c)hladu\u201d, ktorou \u017eiada vl\u00e1du o okam\u017eit\u00e9 rie\u0161enie energetickej kr\u00edzy. T\u00fa by pod\u013ea organiz\u00e1cie pomohla zmierni\u0165 adresn\u00e1 a efekt\u00edvna finan\u010dn\u00e1 pomoc najzranite\u013enej\u0161\u00edm dom\u00e1cnostiam, invest\u00edcie do vyu\u017e\u00edvania obnovite\u013en\u00fdch zdrojov a obnovy budov \u010di \u00fatlm vyu\u017e\u00edvania plynu.<\/strong><\/p>\n\n<figure class=\"wp-block-image size-large\"><img loading=\"lazy\" decoding=\"async\" width=\"1024\" height=\"683\" src=\"https:\/\/www.greenpeace.org\/static\/planet4-slovakia-stateless\/2022\/11\/73fb38da-005-2022-08-11-gp-urad-vlady-za-zimu-bez-chladu-1024x683.jpg\" alt=\"\" class=\"wp-image-4983\" srcset=\"https:\/\/www.greenpeace.org\/static\/planet4-slovakia-stateless\/2022\/11\/73fb38da-005-2022-08-11-gp-urad-vlady-za-zimu-bez-chladu-1024x683.jpg 1024w, https:\/\/www.greenpeace.org\/static\/planet4-slovakia-stateless\/2022\/11\/73fb38da-005-2022-08-11-gp-urad-vlady-za-zimu-bez-chladu-300x200.jpg 300w, https:\/\/www.greenpeace.org\/static\/planet4-slovakia-stateless\/2022\/11\/73fb38da-005-2022-08-11-gp-urad-vlady-za-zimu-bez-chladu-768x513.jpg 768w, https:\/\/www.greenpeace.org\/static\/planet4-slovakia-stateless\/2022\/11\/73fb38da-005-2022-08-11-gp-urad-vlady-za-zimu-bez-chladu-1536x1025.jpg 1536w, https:\/\/www.greenpeace.org\/static\/planet4-slovakia-stateless\/2022\/11\/73fb38da-005-2022-08-11-gp-urad-vlady-za-zimu-bez-chladu-2048x1366.jpg 2048w, https:\/\/www.greenpeace.org\/static\/planet4-slovakia-stateless\/2022\/11\/73fb38da-005-2022-08-11-gp-urad-vlady-za-zimu-bez-chladu-510x340.jpg 510w\" sizes=\"auto, (max-width: 1024px) 100vw, 1024px\" \/><figcaption>\u00a0\u00a9Tom\u00e1\u0161 Hal\u00e1sz<\/figcaption><\/figure>\n\n<div class=\"wp-block-buttons is-layout-flex wp-block-buttons-is-layout-flex\">\n<div class=\"wp-block-button aligncenter is-style-cta\"><a class=\"wp-block-button__link\" href=\"https:\/\/podporujem.greenpeace.sk\/zazimubezchladu\/\">Podp\u00ed\u0161te v\u00fdzvu &#8222;Za zimu bez (c)hladu!&#8220;<\/a><\/div>\n<\/div>\n\n<p>Aktivisti a aktivistky z organiz\u00e1cie Greenpeace pred \u00faradom vl\u00e1dy spustili online pet\u00edciu, v ktorej \u017eiadaj\u00fa vl\u00e1du o opatrenia na rie\u0161enie prebiehaj\u00facej energetickej kr\u00edzy. Environmentalisti z\u00e1rove\u0148 odovzdali premi\u00e9rovi Eduardovi Hegerovi obraz (2 x 1,4m) od bratislavsk\u00e9ho umelca Michala \u0160umichrasta. M\u00e1 zn\u00e1zor\u0148ova\u0165 situ\u00e1ciu, v ktorej sa mnoh\u00e9 dom\u00e1cnosti m\u00f4\u017eu v zime ocitn\u00fa\u0165, ak bude vl\u00e1da aj na\u010falej ne\u010dinn\u00e1. M\u00e1 mu pripom\u00edna\u0165, \u017ee vysok\u00e9 ceny plynu a n\u00e1sledne energi\u00ed, slab\u00e9 invest\u00edcie do vyu\u017e\u00edvania obnovite\u013en\u00fdch zdrojov a energetickej efekt\u00edvnosti pos\u00favaj\u00fa dom\u00e1cnosti hlb\u0161ie do energetickej chudoby.<\/p>\n\n<figure class=\"wp-block-image size-large\"><img loading=\"lazy\" decoding=\"async\" width=\"1024\" height=\"683\" src=\"https:\/\/www.greenpeace.org\/static\/planet4-slovakia-stateless\/2022\/11\/74710531-003-2022-08-11-gp-urad-vlady-za-zimu-bez-chladu-1024x683.jpg\" alt=\"\" class=\"wp-image-4980\" srcset=\"https:\/\/www.greenpeace.org\/static\/planet4-slovakia-stateless\/2022\/11\/74710531-003-2022-08-11-gp-urad-vlady-za-zimu-bez-chladu-1024x683.jpg 1024w, https:\/\/www.greenpeace.org\/static\/planet4-slovakia-stateless\/2022\/11\/74710531-003-2022-08-11-gp-urad-vlady-za-zimu-bez-chladu-300x200.jpg 300w, https:\/\/www.greenpeace.org\/static\/planet4-slovakia-stateless\/2022\/11\/74710531-003-2022-08-11-gp-urad-vlady-za-zimu-bez-chladu-768x513.jpg 768w, https:\/\/www.greenpeace.org\/static\/planet4-slovakia-stateless\/2022\/11\/74710531-003-2022-08-11-gp-urad-vlady-za-zimu-bez-chladu-1536x1025.jpg 1536w, https:\/\/www.greenpeace.org\/static\/planet4-slovakia-stateless\/2022\/11\/74710531-003-2022-08-11-gp-urad-vlady-za-zimu-bez-chladu-2048x1366.jpg 2048w, https:\/\/www.greenpeace.org\/static\/planet4-slovakia-stateless\/2022\/11\/74710531-003-2022-08-11-gp-urad-vlady-za-zimu-bez-chladu-510x340.jpg 510w\" sizes=\"auto, (max-width: 1024px) 100vw, 1024px\" \/><figcaption>\u00a0\u00a9Tom\u00e1\u0161 Hal\u00e1sz<\/figcaption><\/figure>\n\n<p>,,Situ\u00e1cia s vysok\u00fdmi cenami elektriny a tepla nebola nikdy v\u00e1\u017enej\u0161ia a treba ju okam\u017eite rie\u0161i\u0165. Mnoh\u00e9 dom\u00e1cnosti sa od za\u010diatku nov\u00e9ho regula\u010dn\u00e9ho obdobia m\u00f4\u017eu ocitn\u00fa\u0165 v situ\u00e1ci\u00ed, ke\u010f si bud\u00fa musie\u0165 vybra\u0165 medzi zabezpe\u010den\u00edm z\u00e1kladn\u00fdch \u017eivotn\u00fdch potrieb \u010di\u00a0 teplom vo svojich domovoch. \u013dud\u00ed na Slovensku predsa nem\u00f4\u017eeme postavi\u0165 pred vo\u013ebu medzi hladom a chladom,\u201d uviedla koordin\u00e1torka klimatickej kampane, Dorota Osvaldov\u00e1.<\/p>\n\n<figure class=\"wp-block-image size-large\"><img loading=\"lazy\" decoding=\"async\" width=\"1024\" height=\"683\" src=\"https:\/\/www.greenpeace.org\/static\/planet4-slovakia-stateless\/2022\/11\/5e733c5d-018-2022-08-11-gp-urad-vlady-za-zimu-bez-chladu-1024x683.jpg\" alt=\"\" class=\"wp-image-4984\" srcset=\"https:\/\/www.greenpeace.org\/static\/planet4-slovakia-stateless\/2022\/11\/5e733c5d-018-2022-08-11-gp-urad-vlady-za-zimu-bez-chladu-1024x683.jpg 1024w, https:\/\/www.greenpeace.org\/static\/planet4-slovakia-stateless\/2022\/11\/5e733c5d-018-2022-08-11-gp-urad-vlady-za-zimu-bez-chladu-300x200.jpg 300w, https:\/\/www.greenpeace.org\/static\/planet4-slovakia-stateless\/2022\/11\/5e733c5d-018-2022-08-11-gp-urad-vlady-za-zimu-bez-chladu-768x513.jpg 768w, https:\/\/www.greenpeace.org\/static\/planet4-slovakia-stateless\/2022\/11\/5e733c5d-018-2022-08-11-gp-urad-vlady-za-zimu-bez-chladu-1536x1025.jpg 1536w, https:\/\/www.greenpeace.org\/static\/planet4-slovakia-stateless\/2022\/11\/5e733c5d-018-2022-08-11-gp-urad-vlady-za-zimu-bez-chladu-2048x1366.jpg 2048w, https:\/\/www.greenpeace.org\/static\/planet4-slovakia-stateless\/2022\/11\/5e733c5d-018-2022-08-11-gp-urad-vlady-za-zimu-bez-chladu-510x340.jpg 510w\" sizes=\"auto, (max-width: 1024px) 100vw, 1024px\" \/><figcaption>\u00a0\u00a9Tom\u00e1\u0161 Hal\u00e1sz<\/figcaption><\/figure>\n\n<p>Greenpeace \u017eiada adresn\u00fa finan\u010dn\u00fa pomoc pre zranite\u013en\u00e9 dom\u00e1cnosti, zv\u00fd\u0161enie invest\u00edci\u00ed do obnovy budov a do obnovite\u013en\u00fdch zdrojov energie. Organiz\u00e1cia tie\u017e \u017eiada, aby boli dot\u00e1cie na obnovu budov a vyu\u017e\u00edvanie obnovite\u013en\u00fdch zdrojov odstup\u0148ovan\u00e9 tak, aby pre najzranite\u013enej\u0161ie dom\u00e1cnosti pokryli a\u017e 100 % potrebnej vstupnej invest\u00edcie. \u010eal\u0161ou po\u017eiadavkou je zjednodu\u0161enie byrokratick\u00fdch procesov, stopka novej plyn\u00e1renskej infra\u0161trukt\u00fary a \u00fatlm vyu\u017e\u00edvania fos\u00edlneho plynu do roku 2035.<\/p>\n\n<figure class=\"wp-block-image size-large\"><img loading=\"lazy\" decoding=\"async\" width=\"1024\" height=\"683\" src=\"https:\/\/www.greenpeace.org\/static\/planet4-slovakia-stateless\/2022\/11\/7e77a99e-010-2022-08-11-gp-urad-vlady-za-zimu-bez-chladu-1024x683.jpg\" alt=\"\" class=\"wp-image-4981\" srcset=\"https:\/\/www.greenpeace.org\/static\/planet4-slovakia-stateless\/2022\/11\/7e77a99e-010-2022-08-11-gp-urad-vlady-za-zimu-bez-chladu-1024x683.jpg 1024w, https:\/\/www.greenpeace.org\/static\/planet4-slovakia-stateless\/2022\/11\/7e77a99e-010-2022-08-11-gp-urad-vlady-za-zimu-bez-chladu-300x200.jpg 300w, https:\/\/www.greenpeace.org\/static\/planet4-slovakia-stateless\/2022\/11\/7e77a99e-010-2022-08-11-gp-urad-vlady-za-zimu-bez-chladu-768x513.jpg 768w, https:\/\/www.greenpeace.org\/static\/planet4-slovakia-stateless\/2022\/11\/7e77a99e-010-2022-08-11-gp-urad-vlady-za-zimu-bez-chladu-1536x1025.jpg 1536w, https:\/\/www.greenpeace.org\/static\/planet4-slovakia-stateless\/2022\/11\/7e77a99e-010-2022-08-11-gp-urad-vlady-za-zimu-bez-chladu-2048x1366.jpg 2048w, https:\/\/www.greenpeace.org\/static\/planet4-slovakia-stateless\/2022\/11\/7e77a99e-010-2022-08-11-gp-urad-vlady-za-zimu-bez-chladu-510x340.jpg 510w\" sizes=\"auto, (max-width: 1024px) 100vw, 1024px\" \/><figcaption>\u00a0\u00a9Tom\u00e1\u0161 Hal\u00e1sz<\/figcaption><\/figure>\n\n<p>,,Napriek tomu, \u017ee je tu kritick\u00e1 situ\u00e1cia t\u00fdkaj\u00faca sa energi\u00ed u\u017e nejak\u00fd ten mesiac, vl\u00e1da st\u00e1le nepripravila adresn\u00fa pomoc pre \u013eud\u00ed, ktor\u00fdch ceny elektriny, tepla a vysok\u00e1 miera infl\u00e1cie m\u00f4\u017eu polo\u017ei\u0165 na kolen\u00e1. U\u017e v\u00f4bec nevid\u00edme amb\u00edciu rie\u0161i\u0165 pr\u00ed\u010dinu tejto kr\u00edzy, ktorou je z\u00e1vislos\u0165 od drah\u00e9ho plynu, ktor\u00fd tieto probl\u00e9my poh\u00e1\u0148a. Jednoducho potrebujeme energetick\u00e9 syt\u00e9my, ktor\u00e9 bud\u00fa lok\u00e1lne, bezpe\u010dn\u00e9 a zaru\u010dia energiu a teplo pre v\u0161etk\u00fdch. Dosiahnu\u0165 ich m\u00f4\u017eeme prostredn\u00edctvom obnovy budov, ktor\u00e1 zn\u00ed\u017ei energetick\u00fa spotrebu a rozvojom vyu\u017e\u00edvania obnovite\u013en\u00fdch zdrojov. Bonusom je, \u017ee toto s\u00fa z\u00e1rove\u0148 aj rie\u0161enia klimatickej kr\u00edzy. Probl\u00e9m je tu, verejn\u00fd dopyt m\u00e1me, \u010do ch\u00fdba je zas a znova v\u00f4\u013ea politikov,\u201d dodala riadite\u013eka Greenpeace Slovensko, Katar\u00edna Jur\u00edkov\u00e1.\u00a0<\/p>\n\n<figure class=\"wp-block-image size-large\"><img loading=\"lazy\" decoding=\"async\" width=\"1024\" height=\"682\" src=\"https:\/\/www.greenpeace.org\/static\/planet4-slovakia-stateless\/2022\/11\/62d14b64-023-2022-08-11-gp-urad-vlady-za-zimu-bez-chladu-1024x682.jpg\" alt=\"\" class=\"wp-image-4985\" srcset=\"https:\/\/www.greenpeace.org\/static\/planet4-slovakia-stateless\/2022\/11\/62d14b64-023-2022-08-11-gp-urad-vlady-za-zimu-bez-chladu-1024x682.jpg 1024w, https:\/\/www.greenpeace.org\/static\/planet4-slovakia-stateless\/2022\/11\/62d14b64-023-2022-08-11-gp-urad-vlady-za-zimu-bez-chladu-300x200.jpg 300w, https:\/\/www.greenpeace.org\/static\/planet4-slovakia-stateless\/2022\/11\/62d14b64-023-2022-08-11-gp-urad-vlady-za-zimu-bez-chladu-768x511.jpg 768w, https:\/\/www.greenpeace.org\/static\/planet4-slovakia-stateless\/2022\/11\/62d14b64-023-2022-08-11-gp-urad-vlady-za-zimu-bez-chladu-1536x1023.jpg 1536w, https:\/\/www.greenpeace.org\/static\/planet4-slovakia-stateless\/2022\/11\/62d14b64-023-2022-08-11-gp-urad-vlady-za-zimu-bez-chladu-2048x1364.jpg 2048w, https:\/\/www.greenpeace.org\/static\/planet4-slovakia-stateless\/2022\/11\/62d14b64-023-2022-08-11-gp-urad-vlady-za-zimu-bez-chladu-510x340.jpg 510w\" sizes=\"auto, (max-width: 1024px) 100vw, 1024px\" \/><figcaption>\u00a0\u00a9Tom\u00e1\u0161 Hal\u00e1sz<\/figcaption><\/figure>\n\n<p>\u013dudia m\u00f4\u017eu podp\u00edsa\u0165 verejn\u00fa v\u00fdzvu vl\u00e1de \u201cZa zimu bez (c)hladu\u201d a podpori\u0165 rie\u0161enie energetickej kr\u00edzy na<a href=\"http:\/\/zazimubezchladu.sk\/\"> www.zazimubezchladu.sk<\/a>.<\/p>\n","protected":false},"excerpt":{"rendered":"<p>Environment\u00e1lna organiz\u00e1cia Greenpeace Slovensko predstavila v\u00fdzvu \u201cZa zimu bez (c)hladu\u201d, ktorou \u017eiada vl\u00e1du o okam\u017eit\u00e9 rie\u0161enie energetickej kr\u00edzy. T\u00fa by pod\u013ea organiz\u00e1cie pomohla zmierni\u0165 adresn\u00e1 a efekt\u00edvna finan\u010dn\u00e1 pomoc najzranite\u013enej\u0161\u00edm&hellip;<\/p>\n","protected":false},"author":30,"featured_media":4982,"comment_status":"open","ping_status":"open","sticky":false,"template":"","format":"standard","meta":{"ep_exclude_from_search":false,"p4_og_title":"","p4_og_description":"","p4_og_image":"","p4_og_image_id":"","p4_seo_canonical_url":"","p4_campaign_name":"not set","p4_local_project":"not set","p4_basket_name":"not set","p4_department":"","footnotes":""},"categories":[1],"tags":[18],"p4-page-type":[14],"class_list":["post-4979","post","type-post","status-publish","format-standard","has-post-thumbnail","hentry","category-uncategorized","tag-energia","p4-page-type-tlacova-sprava"],"_links":{"self":[{"href":"https:\/\/www.greenpeace.org\/slovakia\/wp-json\/wp\/v2\/posts\/4979","targetHints":{"allow":["GET"]}}],"collection":[{"href":"https:\/\/www.greenpeace.org\/slovakia\/wp-json\/wp\/v2\/posts"}],"about":[{"href":"https:\/\/www.greenpeace.org\/slovakia\/wp-json\/wp\/v2\/types\/post"}],"author":[{"embeddable":true,"href":"https:\/\/www.greenpeace.org\/slovakia\/wp-json\/wp\/v2\/users\/30"}],"replies":[{"embeddable":true,"href":"https:\/\/www.greenpeace.org\/slovakia\/wp-json\/wp\/v2\/comments?post=4979"}],"version-history":[{"count":1,"href":"https:\/\/www.greenpeace.org\/slovakia\/wp-json\/wp\/v2\/posts\/4979\/revisions"}],"predecessor-version":[{"id":4986,"href":"https:\/\/www.greenpeace.org\/slovakia\/wp-json\/wp\/v2\/posts\/4979\/revisions\/4986"}],"wp:featuredmedia":[{"embeddable":true,"href":"https:\/\/www.greenpeace.org\/slovakia\/wp-json\/wp\/v2\/media\/4982"}],"wp:attachment":[{"href":"https:\/\/www.greenpeace.org\/slovakia\/wp-json\/wp\/v2\/media?parent=4979"}],"wp:term":[{"taxonomy":"category","embeddable":true,"href":"https:\/\/www.greenpeace.org\/slovakia\/wp-json\/wp\/v2\/categories?post=4979"},{"taxonomy":"post_tag","embeddable":true,"href":"https:\/\/www.greenpeace.org\/slovakia\/wp-json\/wp\/v2\/tags?post=4979"},{"taxonomy":"p4-page-type","embeddable":true,"href":"https:\/\/www.greenpeace.org\/slovakia\/wp-json\/wp\/v2\/p4-page-type?post=4979"}],"curies":[{"name":"wp","href":"https:\/\/api.w.org\/{rel}","templated":true}]}}