{"id":5148,"date":"2023-03-20T15:52:40","date_gmt":"2023-03-20T14:52:40","guid":{"rendered":"https:\/\/www.greenpeace.org\/slovakia\/?p=5148"},"modified":"2023-03-20T15:53:49","modified_gmt":"2023-03-20T14:53:49","slug":"rozhodnutia-ktore-spravime-v-najblizsich-osmich-rokoch-urcia-ako-budevyzerat-dalsich-tisic","status":"publish","type":"post","link":"https:\/\/www.greenpeace.org\/slovakia\/tlacova-sprava\/5148\/rozhodnutia-ktore-spravime-v-najblizsich-osmich-rokoch-urcia-ako-budevyzerat-dalsich-tisic\/","title":{"rendered":"Rozhodnutia, ktor\u00e9 sprav\u00edme v najbli\u017e\u0161\u00edch \u00f4smich rokoch, ur\u010dia, ako bude<br>vyzera\u0165 \u010fal\u0161\u00edch tis\u00edc"},"content":{"rendered":"\n<p><a href=\"https:\/\/www.ipcc.ch\/\">Medzivl\u00e1dny panel pre zmenu kl\u00edmy (IPCC<\/a>) predlo\u017eil svetov\u00fdm vl\u00e1dam \u0161ieste hodnotenie stavu kl\u00edmy. Ide o s\u00fahrnn\u00fa spr\u00e1vu za posledn\u00fdch dev\u00e4\u0165 rokov, ktor\u00e1 sp\u00e1ja spr\u00e1vy troch pracovn\u00fdch skup\u00edn a tri osobitn\u00e9 spr\u00e1vy.<\/p>\n\n<p><br>Cie\u013eom \u0161iestej, komplexnej spr\u00e1vy IPCC je vykresli\u0165 realitu, pop\u00edsa\u0165 hrozby, ale aj na\u010drtn\u00fa\u0165 rie\u0161enia. Posolstvo je jasn\u00e9 &#8211; ako spolo\u010dnos\u0165 m\u00e1me v\u0161etky prostriedky na to, aby sme glob\u00e1lne emisie zn\u00ed\u017eili do roku 2030 na polovicu. V spr\u00e1ve sa op\u00e4tovne zd\u00f4raz\u0148uje, \u017ee rie\u0161enia u\u017e existuj\u00fa a toto je rozhoduj\u00face desa\u0165ro\u010die pre opatrenia v oblasti kl\u00edmy. Vplyvy na \u0148u sa toti\u017e aj na\u010falej zintenz\u00edv\u0148uj\u00fa a predpoklad\u00e1 sa, \u017ee sa bud\u00fa stup\u0148ova\u0165 s ka\u017ed\u00fdm \u010fal\u0161\u00edm oteplen\u00edm.<\/p>\n\n<p>IPCC stanovil fakty ako podrobn\u00e9 vedeck\u00e9 usmernenie, ktor\u00e9 m\u00e1 vl\u00e1dam uk\u00e1za\u0165, \u010do a ako robi\u0165 \u010falej. Pod\u013ea riadite\u013eky Greenpeace Slovensko Katar\u00edny Jur\u00edkovej sa spr\u00e1va IPCC ne\u010d\u00edta \u013eahko. \u201cVedeck\u00e9 poznatky s\u00fa jasn\u00e9 a nepopierate\u013en\u00e9. Ka\u017ed\u00e9 rozhodnutie, ktor\u00e9 ako spolo\u010dnos\u0165 v najbli\u017e\u0161\u00edch rokoch prijmeme, bude rozhodova\u0165 o \u017eivote na\u0161ich det\u00ed a vn\u00fa\u010dat. Teraz z\u00e1le\u017e\u00ed na ka\u017edej jednej tone oxidu uhli\u010dit\u00e9ho a na ka\u017edom jednom stupni oteplenia. Veda ukazuje, \u017ee rizik\u00e1 s\u00fa \u010doraz v\u00e4\u010d\u0161ie a eskaluj\u00fa r\u00fdchlej\u0161ie, ako sa predpokladalo. Moment\u00e1lne, bohu\u017eia\u013e, smerujeme k otepleniu o 3.2 stup\u0148a.\u201d<\/p>\n\n<p>Pod\u013ea Katar\u00edny Jur\u00edkovej v\u0161ak z\u00e1vere\u010dn\u00e1 spr\u00e1va IPCC d\u00e1va aj n\u00e1dej, nech to znie akoko\u013evek pateticky: \u201cSkuto\u010dne m\u00e1me v\u0161etky rie\u0161enia na to, aby sme v najbli\u017e\u0161\u00edch \u00f4smich rokoch zn\u00ed\u017eili emisie o polovicu &#8211; prechodom na obnovite\u013en\u00e9 zdroje energie, ochranou a obnovou ekosyst\u00e9mov a zmenami v po\u013enohospod\u00e1rstve. Aby sme udr\u017eali hranicu glob\u00e1lneho otep\u013eovania na 1,5 stup\u0148a, mus\u00edme presta\u0165 by\u0165 z\u00e1visl\u00ed od fos\u00edlnych pal\u00edv. Ak\u00e1ko\u013evek nov\u00e1 fos\u00edlna infra\u0161trukt\u00fara sa s t\u00fdmto cie\u013eom nezlu\u010duje. Spr\u00e1va IPCC vych\u00e1dza pr\u00e1ve v \u010dase, ke\u010f sa na Slovensku dokon\u010duje posudzovanie vplyvov na \u017eivotn\u00e9 prostredie t\u00fdkaj\u00face sa v\u00fdstavby nov\u00e9ho termin\u00e1lu LNG v bratislavskom pr\u00edstave. Je to dokonal\u00fd pr\u00edklad projektu, ktor\u00fd sa nem\u00f4\u017ee realizova\u0165, ak to s bojom proti zmene kl\u00edmy mysl\u00edme v\u00e1\u017ene.\u201d<\/p>\n\n<p>Nov\u00e1 spr\u00e1va od IPCC pod\u013ea riadite\u013eky Greenpeace Slovensko ukazuje, \u017ee v\u00fdzvy pred nami s\u00fa obrovsk\u00e9. Ale takisto s\u00fa pred nami aj mo\u017enosti, veci zmeni\u0165. Treba v\u0161ak na to ma\u0165 (okrem in\u00e9ho aj) politick\u00fa v\u00f4\u013eu.<\/p>\n\n<p><\/p>\n\n<p>Nez\u00e1visl\u00fd br\u00edfing Greenpeace Key Takeaways zo spr\u00e1v IPCC AR6 Working Group I, II a III je<a href=\"https:\/\/www.greenpeace.org\/international\/explore\/people\/ipcc\/\"> k dispoz\u00edcii tu<\/a>. <\/p>\n\n<p><\/p>\n","protected":false},"excerpt":{"rendered":"<p>Medzivl\u00e1dny panel pre zmenu kl\u00edmy (IPCC) predlo\u017eil svetov\u00fdm vl\u00e1dam \u0161ieste hodnoteniestavu kl\u00edmy. Ide o s\u00fahrnn\u00fa spr\u00e1vu za posledn\u00fdch dev\u00e4\u0165 rokov, ktor\u00e1 sp\u00e1ja spr\u00e1vy trochpracovn\u00fdch skup\u00edn a tri osobitn\u00e9 spr\u00e1vy.<\/p>\n","protected":false},"author":30,"featured_media":5149,"comment_status":"open","ping_status":"open","sticky":false,"template":"","format":"standard","meta":{"ep_exclude_from_search":false,"p4_og_title":"","p4_og_description":"","p4_og_image":"","p4_og_image_id":"","p4_seo_canonical_url":"","p4_campaign_name":"","p4_local_project":"","p4_basket_name":"","p4_department":"","footnotes":""},"categories":[21,5,3],"tags":[18,6],"p4-page-type":[14],"class_list":["post-5148","post","type-post","status-publish","format-standard","has-post-thumbnail","hentry","category-greenpeace","category-issues","category-zmen","tag-energia","tag-klimatickakriza","p4-page-type-tlacova-sprava"],"_links":{"self":[{"href":"https:\/\/www.greenpeace.org\/slovakia\/wp-json\/wp\/v2\/posts\/5148","targetHints":{"allow":["GET"]}}],"collection":[{"href":"https:\/\/www.greenpeace.org\/slovakia\/wp-json\/wp\/v2\/posts"}],"about":[{"href":"https:\/\/www.greenpeace.org\/slovakia\/wp-json\/wp\/v2\/types\/post"}],"author":[{"embeddable":true,"href":"https:\/\/www.greenpeace.org\/slovakia\/wp-json\/wp\/v2\/users\/30"}],"replies":[{"embeddable":true,"href":"https:\/\/www.greenpeace.org\/slovakia\/wp-json\/wp\/v2\/comments?post=5148"}],"version-history":[{"count":3,"href":"https:\/\/www.greenpeace.org\/slovakia\/wp-json\/wp\/v2\/posts\/5148\/revisions"}],"predecessor-version":[{"id":5152,"href":"https:\/\/www.greenpeace.org\/slovakia\/wp-json\/wp\/v2\/posts\/5148\/revisions\/5152"}],"wp:featuredmedia":[{"embeddable":true,"href":"https:\/\/www.greenpeace.org\/slovakia\/wp-json\/wp\/v2\/media\/5149"}],"wp:attachment":[{"href":"https:\/\/www.greenpeace.org\/slovakia\/wp-json\/wp\/v2\/media?parent=5148"}],"wp:term":[{"taxonomy":"category","embeddable":true,"href":"https:\/\/www.greenpeace.org\/slovakia\/wp-json\/wp\/v2\/categories?post=5148"},{"taxonomy":"post_tag","embeddable":true,"href":"https:\/\/www.greenpeace.org\/slovakia\/wp-json\/wp\/v2\/tags?post=5148"},{"taxonomy":"p4-page-type","embeddable":true,"href":"https:\/\/www.greenpeace.org\/slovakia\/wp-json\/wp\/v2\/p4-page-type?post=5148"}],"curies":[{"name":"wp","href":"https:\/\/api.w.org\/{rel}","templated":true}]}}