{"id":5562,"date":"2024-01-03T11:58:48","date_gmt":"2024-01-03T10:58:48","guid":{"rendered":"https:\/\/www.greenpeace.org\/slovakia\/?p=5562"},"modified":"2024-01-18T11:10:17","modified_gmt":"2024-01-18T10:10:17","slug":"greenpeace-slovensko-zamietnutie-rozkladu-vo-veci-planovaneho-lng-terminalu-v-bratislave-ministerstvom-zivotneho-prostredia-je-vysmechomvedeckemu-konsenzu-o-rieseni-klimatickej-krizy","status":"publish","type":"post","link":"https:\/\/www.greenpeace.org\/slovakia\/tlacova-sprava\/5562\/greenpeace-slovensko-zamietnutie-rozkladu-vo-veci-planovaneho-lng-terminalu-v-bratislave-ministerstvom-zivotneho-prostredia-je-vysmechomvedeckemu-konsenzu-o-rieseni-klimatickej-krizy\/","title":{"rendered":"Greenpeace Slovensko: Zamietnutie rozkladu vo veci pl\u00e1novan\u00e9ho LNG termin\u00e1lu v Bratislave ministerstvom \u017eivotn\u00e9ho prostredia je v\u00fdsmechom vedeck\u00e9mu konsenzu o rie\u0161en\u00ed klimatickej kr\u00edzy"},"content":{"rendered":"\n<p><strong>Environment\u00e1lnu organiz\u00e1ciu Greenpeace Slovensko rozhodnutie rozkladovej komisie ministerstva \u017eivotn\u00e9ho prostredia pod veden\u00edm Tom\u00e1\u0161a Tarabu neprekvapilo. Pod\u013ea riadite\u013eky Katar\u00edny Jur\u00edkovej rezort jasne potvrdil, \u017ee nem\u00e1 z\u00e1ujem rie\u0161i\u0165 klimatick\u00fa kr\u00edzu a v\u00fdstavbou nepotrebnej fos\u00edlnej infra\u0161trukt\u00fary h\u00e1d\u017ee \u013eud\u00ed v kontexte klimatickej kr\u00edzy cez palubu.<\/strong><\/p>\n\n<p>Rozkladov\u00e1 komisia ministerstva \u017eivotn\u00e9ho prostredia pod taktovkou ministra Tom\u00e1\u0161a Tarabu zamietla rozklad, ktor\u00fd podala organiz\u00e1cia Greenpeace Slovensko v apr\u00edli minul\u00e9ho roku. Argumentuje napr\u00edklad t\u00fdm, \u017ee pl\u00e1ny vybudova\u0165 LNG termin\u00e1l v Bratislave nie s\u00fa v rozpore s Par\u00ed\u017eskou dohodou, \u017ee v doh\u013eadnej dobe nemo\u017eno o\u010dak\u00e1va\u0165 prechod na n\u00edzkoemisn\u00e9 alternat\u00edvne technol\u00f3gie v rie\u010dnej doprave, alebo \u017ee \u00faniky met\u00e1nu, ktor\u00e9 pri v\u00fdstavbe ako aj prev\u00e1dzke hrozia, treba rie\u0161i\u0165 na glob\u00e1lnej \u00farovni.<\/p>\n\n<p>Riadite\u013eka Greenpeace Slovensko Katar\u00edna Jur\u00edkov\u00e1 tvrd\u00ed, \u017ee minister Taraba sa v rozhodnut\u00ed vysmieva z vedeck\u00e9ho konsenzu o rie\u0161en\u00ed klimatickej kr\u00edzy.<\/p>\n\n<p>\u201cArgumenty ministra ni\u010d nemenia na fakte, \u017ee v\u00fdstavba novej fos\u00edlnej infra\u0161trukt\u00fary je v rozpore s dosiahnut\u00edm cie\u013eov Par\u00ed\u017eskej dohody udr\u017ea\u0165 oteplenie pod 1,5 \u00b0C. Pod\u013ea poslednej spr\u00e1vy Medzivl\u00e1dneho panelu pre klimatick\u00fa zmenu u\u017e existuj\u00faca fos\u00edlna infra\u0161trukt\u00fara sp\u00f4sob\u00ed emisie viac sklen\u00edkov\u00fdch plynov, ako si m\u00f4\u017eeme dovoli\u0165, ak nebude pred\u010dasne vyraden\u00e1 z prev\u00e1dzky. To znamen\u00e1, \u017ee \u017eiadnu nov\u00fa fos\u00edlnu infra\u0161trukt\u00faru si u\u017e dovoli\u0165 nem\u00f4\u017eeme. Navy\u0161e rie\u0161enie \u00fanikov met\u00e1nu z plynovej infra\u0161trukt\u00fary, akou je LNG termin\u00e1l, je zodpovednos\u0165ou ka\u017edej jednej krajiny a nie nejakej imagin\u00e1rnej glob\u00e1lnej \u00farovne.\u201d<\/p>\n\n<p>Pr\u00edklad si mo\u017eno pod\u013ea nej vzia\u0165 <strong><a href=\"https:\/\/www.slovgas.sk\/zpravy-v-skratke\/irsko-zamietlo-povolenie-na-vystavbu-noveho-lng-terminalu-s-odvolanim-sa-na-klimaticke-ciele\/\">z \u00cdrska, ktor\u00e9 zamietlo povolenie na v\u00fdstavbu nov\u00e9ho LNG<\/a> <a href=\"https:\/\/www.slovgas.sk\/zpravy-v-skratke\/irsko-zamietlo-povolenie-na-vystavbu-noveho-lng-terminalu-s-odvolanim-sa-na-klimaticke-ciele\/\">termin\u00e1lu s odvolan\u00edm sa na klimatick\u00e9 ciele.<\/a><\/strong><\/p>\n\n<p>Minister v rozhodnut\u00ed pod\u013ea nej zav\u00e1dza, ke\u010f tvrd\u00ed, \u017ee pri rie\u010dnej doprave nemo\u017eno o\u010dak\u00e1va\u0165 v doh\u013eadnej dobe v\u00fdrazn\u00fd prechod na n\u00edzko-emisn\u00e9 alternat\u00edvne technol\u00f3gie. Jeho argument je toti\u017e v priamom rozpore so z\u00e1vermi Eur\u00f3pskeho parlamentu a rady, ktor\u00e9 v<strong> <a href=\"https:\/\/eur-lex.europa.eu\/legal-content\/SK\/TXT\/HTML\/?uri=CELEX:52021PC0559&amp;from=en\">n\u00e1vrhu nariadenia<\/a> <a href=\"https:\/\/eur-lex.europa.eu\/legal-content\/SK\/TXT\/HTML\/?uri=CELEX:52021PC0559&amp;from=en\">Eur\u00f3pskeho parlamentu a rady o zav\u00e1dzan\u00ed infra\u0161trukt\u00fary pre alternat\u00edvne paliv\u00e1 a o zru\u0161en\u00ed<\/a> <a href=\"https:\/\/eur-lex.europa.eu\/legal-content\/SK\/TXT\/HTML\/?uri=CELEX:52021PC0559&amp;from=en\">smernice Eur\u00f3pskeho parlamentu a Rady 2014\/94\/E\u00da <\/a><\/strong>uv\u00e1dzaj\u00fa, \u017ee &#8222;narozdiel od n\u00e1mornej dopravy by mali v pr\u00edpade vn\u00fatrozemskej vodnej dopravy, kde sa be\u017ene pou\u017e\u00edvaj\u00fa men\u0161ie plavidl\u00e1 a pokr\u00fdvaj\u00fa krat\u0161ie vzdialenosti, technol\u00f3gie hnacej s\u00fastavy s nulov\u00fdmi emisiami, ako vod\u00edk a elektrina, vst\u00fapi\u0165 na trh r\u00fdchlej\u0161ie. O\u010dak\u00e1va sa, \u017ee LNG u\u017e v tomto odvetv\u00ed nebude zohr\u00e1va\u0165 v\u00fdznamn\u00fa \u00falohu.\u201d<\/p>\n\n<p>Pod\u013ea z\u00e1meru, ktor\u00fd cituje rozhodnutie rezortu, m\u00e1 LNG termin\u00e1l by\u0165 zdrojom plynu pre Slovensko, ktor\u00fd bude mo\u017eno vyu\u017ei\u0165 aj pre verejn\u00fd sektor \u010di dom\u00e1cnosti. Katar\u00edna Jur\u00edkov\u00e1 to v\u0161ak pova\u017euje za nezmysel:<\/p>\n\n<p>\u201cNavrhovan\u00fd termin\u00e1l ma prim\u00e1rne sl\u00fa\u017ei\u0165 na skvapal\u0148ovanie plynu pre lodn\u00fa dopravu, preto spom\u00edna\u0165 verejn\u00fd sektor \u010di dom\u00e1cnosti je nielen nepresn\u00e9, ale tie\u017e to tot\u00e1lne nezodpoved\u00e1 realite toho, kam mus\u00edme ako spolo\u010dnos\u0165 smerova\u0165. Ak chceme zabezpe\u010di\u0165 energetick\u00fa bezpe\u010dnos\u0165 pre dom\u00e1cnosti, potrebujeme investova\u0165 do skuto\u010dn\u00fdch rie\u0161en\u00ed, ak\u00fdmi s\u00fa napr\u00edklad obnova budov, obnovite\u013en\u00e9 zdroje energie \u010di vznik energetick\u00fdch komun\u00edt. Je nezmysel pokra\u010dova\u0165 v invest\u00edci\u00e1ch do infra\u0161trukt\u00fary, ktor\u00e1 je predur\u010den\u00e1 na z\u00e1nik. Posledn\u00e1 klimatick\u00e1 konferencia COP28 vyslala jasn\u00fd sign\u00e1l, \u017ee sa kon\u010d\u00ed \u00e9ra fos\u00edlnych pal\u00edv.\u201d<\/p>\n\n<p>Greenpeace Slovensko potvrdil, \u017ee pl\u00e1nuje aj \u010fal\u0161ie kroky, ktor\u00e9 v\u0161ak nateraz nebude bli\u017e\u0161ie \u0161pecifikova\u0165.<\/p>\n","protected":false},"excerpt":{"rendered":"<p>Environment\u00e1lnu organiz\u00e1ciu Greenpeace Slovensko rozhodnutie rozkladovej komisie ministerstva \u017eivotn\u00e9ho prostredia pod veden\u00edm Tom\u00e1\u0161a Tarabu neprekvapilo. Pod\u013ea riadite\u013eky Katar\u00edny Jur\u00edkovej rezort jasne potvrdil, \u017ee nem\u00e1 z\u00e1ujem rie\u0161i\u0165 klimatick\u00fa kr\u00edzua v\u00fdstavbou nepotrebnej fos\u00edlnej infra\u0161trukt\u00fary.<\/p>\n","protected":false},"author":30,"featured_media":4540,"comment_status":"open","ping_status":"open","sticky":false,"template":"","format":"standard","meta":{"ep_exclude_from_search":false,"p4_og_title":"","p4_og_description":"","p4_og_image":"","p4_og_image_id":"","p4_seo_canonical_url":"","p4_campaign_name":"","p4_local_project":"","p4_basket_name":"","p4_department":"","footnotes":""},"categories":[21,5,3],"tags":[18],"p4-page-type":[14],"class_list":["post-5562","post","type-post","status-publish","format-standard","has-post-thumbnail","hentry","category-greenpeace","category-issues","category-zmen","tag-energia","p4-page-type-tlacova-sprava"],"_links":{"self":[{"href":"https:\/\/www.greenpeace.org\/slovakia\/wp-json\/wp\/v2\/posts\/5562","targetHints":{"allow":["GET"]}}],"collection":[{"href":"https:\/\/www.greenpeace.org\/slovakia\/wp-json\/wp\/v2\/posts"}],"about":[{"href":"https:\/\/www.greenpeace.org\/slovakia\/wp-json\/wp\/v2\/types\/post"}],"author":[{"embeddable":true,"href":"https:\/\/www.greenpeace.org\/slovakia\/wp-json\/wp\/v2\/users\/30"}],"replies":[{"embeddable":true,"href":"https:\/\/www.greenpeace.org\/slovakia\/wp-json\/wp\/v2\/comments?post=5562"}],"version-history":[{"count":3,"href":"https:\/\/www.greenpeace.org\/slovakia\/wp-json\/wp\/v2\/posts\/5562\/revisions"}],"predecessor-version":[{"id":5570,"href":"https:\/\/www.greenpeace.org\/slovakia\/wp-json\/wp\/v2\/posts\/5562\/revisions\/5570"}],"wp:featuredmedia":[{"embeddable":true,"href":"https:\/\/www.greenpeace.org\/slovakia\/wp-json\/wp\/v2\/media\/4540"}],"wp:attachment":[{"href":"https:\/\/www.greenpeace.org\/slovakia\/wp-json\/wp\/v2\/media?parent=5562"}],"wp:term":[{"taxonomy":"category","embeddable":true,"href":"https:\/\/www.greenpeace.org\/slovakia\/wp-json\/wp\/v2\/categories?post=5562"},{"taxonomy":"post_tag","embeddable":true,"href":"https:\/\/www.greenpeace.org\/slovakia\/wp-json\/wp\/v2\/tags?post=5562"},{"taxonomy":"p4-page-type","embeddable":true,"href":"https:\/\/www.greenpeace.org\/slovakia\/wp-json\/wp\/v2\/p4-page-type?post=5562"}],"curies":[{"name":"wp","href":"https:\/\/api.w.org\/{rel}","templated":true}]}}