{"id":5581,"date":"2024-02-14T12:23:57","date_gmt":"2024-02-14T11:23:57","guid":{"rendered":"https:\/\/www.greenpeace.org\/slovakia\/?p=5581"},"modified":"2024-02-14T12:24:01","modified_gmt":"2024-02-14T11:24:01","slug":"valentinsky-odkaz-greenpeace-slovensko-tarabovi-zlomili-ste-srdce-prirode","status":"publish","type":"post","link":"https:\/\/www.greenpeace.org\/slovakia\/tlacova-sprava\/5581\/valentinsky-odkaz-greenpeace-slovensko-tarabovi-zlomili-ste-srdce-prirode\/","title":{"rendered":"Valent\u00ednsky odkaz Greenpeace Slovensko Tarabovi: Zlomili ste srdce pr\u00edrode\u00a0"},"content":{"rendered":"\n<p><strong>Ochrancovia pr\u00edrody z Greenpeace Slovensko priniesli ministrovi \u017eivotn\u00e9ho prostredia Tom\u00e1\u0161ovi Tarabovi ve\u013ek\u00e9 zlomen\u00e9 srdce. Reaguj\u00fa tak na jeho p\u00f4sobenie v \u010dele rezortu, ktor\u00e9 pod\u013ea nich \u0161kod\u00ed pr\u00edrode.<\/strong><\/p>\n\n<figure class=\"wp-block-image size-large\"><img loading=\"lazy\" decoding=\"async\" width=\"1024\" height=\"681\" src=\"https:\/\/www.greenpeace.org\/static\/planet4-slovakia-stateless\/2024\/02\/0280b06a-foto-richard-lutzbauer-pre-greenpeace-2-1024x681.jpg\" alt=\"\" class=\"wp-image-5582\" srcset=\"https:\/\/www.greenpeace.org\/static\/planet4-slovakia-stateless\/2024\/02\/0280b06a-foto-richard-lutzbauer-pre-greenpeace-2-1024x681.jpg 1024w, https:\/\/www.greenpeace.org\/static\/planet4-slovakia-stateless\/2024\/02\/0280b06a-foto-richard-lutzbauer-pre-greenpeace-2-300x200.jpg 300w, https:\/\/www.greenpeace.org\/static\/planet4-slovakia-stateless\/2024\/02\/0280b06a-foto-richard-lutzbauer-pre-greenpeace-2-768x511.jpg 768w, https:\/\/www.greenpeace.org\/static\/planet4-slovakia-stateless\/2024\/02\/0280b06a-foto-richard-lutzbauer-pre-greenpeace-2-1536x1022.jpg 1536w, https:\/\/www.greenpeace.org\/static\/planet4-slovakia-stateless\/2024\/02\/0280b06a-foto-richard-lutzbauer-pre-greenpeace-2-2048x1363.jpg 2048w, https:\/\/www.greenpeace.org\/static\/planet4-slovakia-stateless\/2024\/02\/0280b06a-foto-richard-lutzbauer-pre-greenpeace-2-510x340.jpg 510w\" sizes=\"auto, (max-width: 1024px) 100vw, 1024px\" \/><\/figure>\n\n<p>Ve\u013ek\u00fd \u010derven\u00fd transparent v tvare zlomen\u00e9ho srdca a n\u00e1pis Zlomili ste srdce pr\u00edrode. Tak vyzer\u00e1 valent\u00ednsky odkaz ministrovi \u017evotn\u00e9ho prostredia Tom\u00e1\u0161ovi Tarabovi, ktor\u00fd po\u010das sviatku v\u0161etk\u00fdch za\u013e\u00faben\u00fdch priniesli ochrancovia pr\u00edrody z Greenpeace pred ministerstvo \u017eivotn\u00e9ho prostredia.&nbsp;<\/p>\n\n<p>Pod\u013ea riadite\u013eky Greenpeace Slovensko Katar\u00edny Jur\u00edkovej chceli ministra \u017eivotn\u00e9ho prostredia prekvapi\u0165 \u201cdar\u010dekom\u201d, ktor\u00fd si na ministerstve n\u00e1jde po rokovan\u00ed vl\u00e1dy. \u201cZo slov a krokov ministra Tarabu je \u00faplne jasn\u00e9, \u017ee ochrana pr\u00edrody je to posledn\u00e9, na \u010dom mu z\u00e1le\u017e\u00ed. Naj\u010derstvej\u0161\u00edm pr\u00edkladom je novela z\u00e1kona o posudzovan\u00ed vplyvov na \u017eivotn\u00e9 prostredie (EIA), ktor\u00e1 je pr\u00e1ve v medzirezortnom pripomienkovom konan\u00ed a ku ktorej sme spolu s 27 \u010fal\u0161\u00edmi organiz\u00e1ciami zverejnili <a href=\"https:\/\/www.mojapeticia.sk\/campaign\/hp-k-novele-zakona-o-posudzovani-vplyvov-na-zivotne-prostredie---eia\/183570b9-081c-4f9c-ab74-227efdee68a9\">hromadn\u00fa pripomienku<\/a>. T\u00e1to novela oklie\u0161\u0165uje pr\u00e1va verejnosti vyjadrova\u0165 sa k projektom, ktor\u00e9 m\u00f4\u017eu ma\u0165 v\u00fdrazne negat\u00edvny vplyv nielen na ich komunity, ale aj spolo\u010dnos\u0165 ako tak\u00fa. Je naozaj absurdn\u00e9, \u017ee na \u010dele rezortu, ktor\u00fd m\u00e1 naozaj bojova\u0165 za siln\u00fa ochranu pr\u00edrody je niekto, kto sa systematicky sna\u017e\u00ed o jej de\u0161trukciu.&nbsp;<\/p>\n\n<p>Koordin\u00e1torka kampane Greenpeace Slovensko Ter\u00e9zia Krekulov\u00e1 hovor\u00ed, \u017ee minister sa od svojho vymenovania do funkcie rozch\u00e1dza s pr\u00edrodou denne. \u201cVyzer\u00e1 to, \u017ee minister \u017eivotn\u00e9ho prostredia sa za\u013e\u00fabil sk\u00f4r do rezortu hospod\u00e1rstva, ne\u017e do \u017eivotn\u00e9ho prostredia, ktor\u00e9 by mal svojim p\u00f4soben\u00edm chr\u00e1ni\u0165. Priniesli sme mu preto ve\u013ek\u00e9 zlomen\u00e9 srdce s n\u00e1pisom Zlomili ste srdce pr\u00edrode. Mysl\u00edme si, \u017ee svoj\u00edm konan\u00edm minister srdce pr\u00edrode skuto\u010dne l\u00e1me, \u201d dodala.<\/p>\n\n<p>Najv\u00e4\u010d\u0161\u00edmi probl\u00e9mami pod\u013ea Greenpeace Slovensko okrem spornej novely z\u00e1kona o EIA aj na\u010falej zost\u00e1va sp\u00f4sob v\u00fdmeny ved\u00facich predstavite\u013eov na ministerstve a v d\u00f4le\u017eit\u00fdch rezortn\u00fdch in\u0161tit\u00faci\u00e1ch, ale aj avizovan\u00e1 podpora nezmyseln\u00fdch spa\u013eovn\u00ed odpadu \u010di obnoveniu v\u00fdstavby vodn\u00e9ho diela Slatinka. Rovnako aj ministrova ignor\u00e1cia potreby zavies\u0165 obehov\u00e9 hospod\u00e1rstvo a nevidite\u013en\u00e1 snaha konkr\u00e9tnymi opatreniami chr\u00e1ni\u0165 kl\u00edmu a t\u00fdm p\u00e1dom aj \u017eivotn\u00e9 podmienky ob\u010danov Slovenska.<\/p>\n\n<p>A ak\u00fd odkaz k Valent\u00ednovi \u017eelaj\u00fa ochrancovia pr\u00edrody ministrovi \u017eivotn\u00e9ho prostredia? \u201c\u017del\u00e1me mu, aby vo svojom srdci kone\u010dne na\u0161iel l\u00e1sku k pr\u00edrode a \u017eivotn\u00e9mu prostrediu a nie biznisu,\u201d uzavrela Katar\u00edna Jur\u00edkov\u00e1.&nbsp;<\/p>\n","protected":false},"excerpt":{"rendered":"<p>Ochrancovia pr\u00edrody z Greenpeace Slovensko priniesli ministrovi \u017eivotn\u00e9ho prostredia Tom\u00e1\u0161ovi Tarabovi ve\u013ek\u00e9 zlomen\u00e9 srdce. Reaguj\u00fa tak na jeho p\u00f4sobenie v \u010dele rezortu, ktor\u00e9 pod\u013ea nich \u0161kod\u00ed pr\u00edrode.<\/p>\n","protected":false},"author":30,"featured_media":5583,"comment_status":"open","ping_status":"open","sticky":false,"template":"","format":"standard","meta":{"ep_exclude_from_search":false,"p4_og_title":"","p4_og_description":"","p4_og_image":"","p4_og_image_id":"","p4_seo_canonical_url":"","p4_campaign_name":"","p4_local_project":"","p4_basket_name":"","p4_department":"","footnotes":""},"categories":[21,5,3],"tags":[6,8],"p4-page-type":[14],"class_list":["post-5581","post","type-post","status-publish","format-standard","has-post-thumbnail","hentry","category-greenpeace","category-issues","category-zmen","tag-klimatickakriza","tag-lesy","p4-page-type-tlacova-sprava"],"_links":{"self":[{"href":"https:\/\/www.greenpeace.org\/slovakia\/wp-json\/wp\/v2\/posts\/5581","targetHints":{"allow":["GET"]}}],"collection":[{"href":"https:\/\/www.greenpeace.org\/slovakia\/wp-json\/wp\/v2\/posts"}],"about":[{"href":"https:\/\/www.greenpeace.org\/slovakia\/wp-json\/wp\/v2\/types\/post"}],"author":[{"embeddable":true,"href":"https:\/\/www.greenpeace.org\/slovakia\/wp-json\/wp\/v2\/users\/30"}],"replies":[{"embeddable":true,"href":"https:\/\/www.greenpeace.org\/slovakia\/wp-json\/wp\/v2\/comments?post=5581"}],"version-history":[{"count":1,"href":"https:\/\/www.greenpeace.org\/slovakia\/wp-json\/wp\/v2\/posts\/5581\/revisions"}],"predecessor-version":[{"id":5584,"href":"https:\/\/www.greenpeace.org\/slovakia\/wp-json\/wp\/v2\/posts\/5581\/revisions\/5584"}],"wp:featuredmedia":[{"embeddable":true,"href":"https:\/\/www.greenpeace.org\/slovakia\/wp-json\/wp\/v2\/media\/5583"}],"wp:attachment":[{"href":"https:\/\/www.greenpeace.org\/slovakia\/wp-json\/wp\/v2\/media?parent=5581"}],"wp:term":[{"taxonomy":"category","embeddable":true,"href":"https:\/\/www.greenpeace.org\/slovakia\/wp-json\/wp\/v2\/categories?post=5581"},{"taxonomy":"post_tag","embeddable":true,"href":"https:\/\/www.greenpeace.org\/slovakia\/wp-json\/wp\/v2\/tags?post=5581"},{"taxonomy":"p4-page-type","embeddable":true,"href":"https:\/\/www.greenpeace.org\/slovakia\/wp-json\/wp\/v2\/p4-page-type?post=5581"}],"curies":[{"name":"wp","href":"https:\/\/api.w.org\/{rel}","templated":true}]}}