{"id":5589,"date":"2024-02-19T14:16:13","date_gmt":"2024-02-19T13:16:13","guid":{"rendered":"https:\/\/www.greenpeace.org\/slovakia\/?p=5589"},"modified":"2025-07-02T09:22:34","modified_gmt":"2025-07-02T07:22:34","slug":"co-oslabuje-nasich-polnohospodarov-zelena-dohoda-to-urcite-nie-je","status":"publish","type":"post","link":"https:\/\/www.greenpeace.org\/slovakia\/clanok\/5589\/co-oslabuje-nasich-polnohospodarov-zelena-dohoda-to-urcite-nie-je\/","title":{"rendered":"\u010co oslabuje na\u0161ich po\u013enohospod\u00e1rov? Zelen\u00e1 dohoda to ur\u010dite nie je."},"content":{"rendered":"\n<p><em>Po\u013enohospod\u00e1ri v celej Eur\u00f3pe z\u00e1pasia s probl\u00e9mami, ktor\u00e9 ich prin\u00fatili vyjs\u0165 do ul\u00edc a protestova\u0165. Mnoh\u00e9 farmy, najm\u00e4 tie men\u0161ie, museli svoju \u010dinnos\u0165 ukon\u010di\u0165. Ke\u010f v\u0161ak politici a ve\u013ek\u00e9 po\u013enohospod\u00e1rske lobistick\u00e9 spolo\u010dnosti obvi\u0148uj\u00fa eur\u00f3pske ekologick\u00e9 pr\u00e1vne predpisy, nielen\u017ee zav\u00e1dzaj\u00fa po\u013enohospod\u00e1rov, ale ohrozuj\u00fa ich pre\u017eitie.<\/em><\/p>\n\n<p>Ohniskami protestov po\u013enohospod\u00e1rov s\u00fa v s\u00fa\u010dasnosti Franc\u00fazsko, Belgicko a Taliansko. Nespokojnos\u0165 sa za\u010dala v Nemecku za\u010diatkom tohto roka a r\u00fdchlo sa roz\u0161\u00edrilo do Po\u013eska, Rumunska, Gr\u00e9cka a Litvy. D\u00f4vody z\u00fafalstva po\u013enohospod\u00e1rov sa m\u00f4\u017eu v jednotliv\u00fdch krajin\u00e1ch l\u00ed\u0161i\u0165, ale ve\u013emi \u010dasto protestuj\u00faci, presnej\u0161ie najv\u00e4\u010d\u0161ie lobby, ktor\u00e9 protesty ved\u00fa, poukazuj\u00fa na nadmern\u00fa regul\u00e1ciu ochrany \u017eivotn\u00e9ho prostredia.<\/p>\n\n<figure class=\"wp-block-image size-large\"><img loading=\"lazy\" decoding=\"async\" width=\"1024\" height=\"683\" src=\"https:\/\/www.greenpeace.org\/static\/planet4-slovakia-stateless\/2024\/02\/1c156cd4-gp0stzhhu-1024x683.jpg\" alt=\"\" class=\"wp-image-5590\" srcset=\"https:\/\/www.greenpeace.org\/static\/planet4-slovakia-stateless\/2024\/02\/1c156cd4-gp0stzhhu-1024x683.jpg 1024w, https:\/\/www.greenpeace.org\/static\/planet4-slovakia-stateless\/2024\/02\/1c156cd4-gp0stzhhu-300x200.jpg 300w, https:\/\/www.greenpeace.org\/static\/planet4-slovakia-stateless\/2024\/02\/1c156cd4-gp0stzhhu-768x512.jpg 768w, https:\/\/www.greenpeace.org\/static\/planet4-slovakia-stateless\/2024\/02\/1c156cd4-gp0stzhhu-510x340.jpg 510w, https:\/\/www.greenpeace.org\/static\/planet4-slovakia-stateless\/2024\/02\/1c156cd4-gp0stzhhu.jpg 1200w\" sizes=\"auto, (max-width: 1024px) 100vw, 1024px\" \/><figcaption class=\"wp-element-caption\">\u00a9 Robin Jehl \/ Greenpeace<\/figcaption><\/figure>\n\n<h4 class=\"wp-block-heading\"><strong>Eur\u00f3pski po\u013enohospod\u00e1ri \u010delia skuto\u010dnej kr\u00edze<\/strong><\/h4>\n\n<p>Hnev farm\u00e1rov je opr\u00e1vnen\u00fd a my ho zdie\u013eame. Len za posledn\u00fdch p\u00e4tn\u00e1s\u0165 rokov <a href=\"https:\/\/www.weforum.org\/agenda\/2023\/04\/eu-farms-5-3-million-fewer-in-2020-than-in-2005\/\">pri\u0161la Eur\u00f3pska \u00fania o takmer 40 % farm\u00e1rov<\/a>, a to takmer v\u00fdhradne o mal\u00e9 a stredn\u00e9 farmy, ktor\u00e9 bu\u010f skrachovali alebo boli rad-radom skupovan\u00e9 \u010doraz v\u00e4\u010d\u0161\u00edmi konkurentmi, ktor\u00fdch poz\u00edcia u\u017e za\u010d\u00edna nabera\u0165 rysy oligopolu.<\/p>\n\n<p><strong>Probl\u00e9mom je sp\u00f4sob, ak\u00fdm v Eur\u00f3pe funguje po\u013enohospod\u00e1rstvo a v \u0161ir\u0161om zmysle aj potravinov\u00fd syst\u00e9m.<\/strong> Spomedzi mnoh\u00fdch probl\u00e9mov, ktor\u00fdm po\u013enohospod\u00e1ri \u010delia, vy\u010dnievaj\u00fa tri.<\/p>\n\n<figure class=\"wp-block-image size-full is-resized\"><img loading=\"lazy\" decoding=\"async\" width=\"1024\" height=\"683\" src=\"https:\/\/www.greenpeace.org\/static\/planet4-slovakia-stateless\/2024\/02\/57b0d644-gp0stwg3o-1024x683-1.jpg\" alt=\"\" class=\"wp-image-5591\" style=\"width:736px;height:auto\" srcset=\"https:\/\/www.greenpeace.org\/static\/planet4-slovakia-stateless\/2024\/02\/57b0d644-gp0stwg3o-1024x683-1.jpg 1024w, https:\/\/www.greenpeace.org\/static\/planet4-slovakia-stateless\/2024\/02\/57b0d644-gp0stwg3o-1024x683-1-300x200.jpg 300w, https:\/\/www.greenpeace.org\/static\/planet4-slovakia-stateless\/2024\/02\/57b0d644-gp0stwg3o-1024x683-1-768x512.jpg 768w, https:\/\/www.greenpeace.org\/static\/planet4-slovakia-stateless\/2024\/02\/57b0d644-gp0stwg3o-1024x683-1-510x340.jpg 510w\" sizes=\"auto, (max-width: 1024px) 100vw, 1024px\" \/><figcaption class=\"wp-element-caption\">\u00a9 Eric De Mildt \/ Greenpeace<\/figcaption><\/figure>\n\n<p><strong>1. Po prv\u00e9,<\/strong> dot\u00e1cie, nariadenia a trhy E\u00da s\u00fa zameran\u00e9 na prospech najv\u00e4\u010d\u0161\u00edch hr\u00e1\u010dov. Rozde\u013eovanie verejn\u00fdch dot\u00e1ci\u00ed prostredn\u00edctvom Spolo\u010dnej po\u013enohospod\u00e1rskej politiky E\u00da (Common Agricultural Policy &#8211; CAP) odme\u0148uje najv\u00e4\u010d\u0161\u00edch vlastn\u00edkov p\u00f4dy a najpriemyselnej\u0161ie po\u013enohospod\u00e1rske podniky, ke\u010f\u017ee v\u00e4\u010d\u0161ina prostriedkov sa rozde\u013euje na z\u00e1klade hekt\u00e1rov vlastnenej po\u013enohospod\u00e1rskej p\u00f4dy.<\/p>\n\n<p><strong>2. Po druh\u00e9,<\/strong> siln\u00ed maloobchodn\u00edci a potravin\u00e1rske spolo\u010dnosti m\u00f4\u017eu farm\u00e1rom vnucova\u0165 n\u00edzke ceny, aby sami mali \u010do najv\u00e4\u010d\u0161ie zisky.<\/p>\n\n<p><strong>3. Po tretie, <\/strong>nadn\u00e1rodn\u00e9 agrochemick\u00e9 spolo\u010dnosti tla\u010dia na po\u013enohospod\u00e1rov t\u00fdm, \u017ee zvy\u0161uj\u00fa ceny vstupov, ako s\u00fa hybridn\u00e9 osiv\u00e1, pestic\u00eddy, hnojiv\u00e1 a lieky pre zvierat\u00e1. To vytl\u00e1\u010da men\u0161\u00edch v\u00fdrobcov z trhu, preto\u017ee len priemyseln\u00e9 farmy m\u00f4\u017eu pre\u017ei\u0165 pri predaji za n\u00edzke ceny, pri\u010dom zn\u00e1\u0161aj\u00fa vy\u0161\u0161ie n\u00e1klady na vstupy. Odkaz pre rodinn\u00e9 podniky znie: bu\u010f sa zv\u00e4\u010d\u0161ite, alebo vypadnite!<\/p>\n\n<p>Tlak sa zvy\u0161uje aj v s\u00favislos\u0165ou s rozhovormi o obchodnej dohode medzi E\u00da a Mercosurom, kde je po\u013enohospod\u00e1rstvo potenci\u00e1lnou vyjedn\u00e1vacou kartou E\u00da pre pr\u00edstup na ve\u013ek\u00fd latinskoamerick\u00fd trh. Ratifik\u00e1cia dohody by mohla otvori\u0165 dvere dovozu obrovsk\u00e9ho mno\u017estva hov\u00e4dzieho m\u00e4sa, ktor\u00e9 je zodpovedn\u00e9 za mas\u00edvne odles\u0148ovanie a degrad\u00e1ciu lesov.<\/p>\n\n<p>Po\u013enohospod\u00e1ri ako najslab\u0161\u00ed \u010dl\u00e1nok tejto kolos\u00e1lnej ma\u0161in\u00e9rie na v\u00fdrobu potrav\u00edn maj\u00fa pln\u00e9 pr\u00e1vo by\u0165 znepokojen\u00ed.<\/p>\n\n<h4 class=\"wp-block-heading\"><strong>Po\u013enohospod\u00e1rov naprie\u010d Eur\u00f3pou su\u017euj\u00fa d\u00f4sledky klimatickej kr\u00edzy.<\/strong>\u00a0<\/h4>\n\n<p>Such\u00e1 v s\u00fa\u010dasnej dobe sp\u00f4sobuj\u00fa v Eur\u00f3pskej \u00fanii a v Spojenom kr\u00e1\u013eovstve po\u013enohospod\u00e1rskemu sektoru&nbsp; hospod\u00e1rske straty <a href=\"https:\/\/www.nature.com\/articles\/s41558-021-01044-3\">v hodnote pribli\u017ene 9 mili\u00e1rd eur ro\u010dne<\/a>.<br>\u013dudsk\u00e1 \u010dinnos\u0165 vyvolala klimatick\u00fa a biodiverzitn\u00fa kr\u00edzu, pri\u010dom <a href=\"https:\/\/www.unep.org\/news-and-stories\/press-release\/our-global-food-system-primary-driver-biodiversity-loss\">najm\u00e4 glob\u00e1lne potravinov\u00e9 syst\u00e9my s\u00fa hlavnou pr\u00ed\u010dinou straty biodiverzity<\/a>. Extr\u00e9mne hor\u00fa\u010davy a such\u00e1, lesn\u00e9 po\u017eiare, z\u00e1plavy a b\u00farky spusto\u0161ili Eur\u00f3pu a druhy d\u00f4le\u017eit\u00e9 pre produkciu potrav\u00edn r\u00fdchlo mizn\u00fa, a to je len za\u010diatok. Mal\u00e9 a stredn\u00e9 farmy, ktor\u00e9 u\u017e teraz bojuj\u00fa o pre\u017eitie, m\u00f4\u017ee zni\u010di\u0165 jedna vlna extr\u00e9mneho po\u010dasia.<\/p>\n\n<figure class=\"wp-block-embed is-type-rich is-provider-twitter wp-block-embed-twitter\"><div class=\"wp-block-embed__wrapper\">\n<blockquote class=\"twitter-tweet\" data-width=\"500\" data-dnt=\"true\"><p lang=\"en\" dir=\"ltr\">Farmers are struggling<br><br>The EU&#39;s political response only makes things worse for the vast majority<br><br>And pushes more of them towards bankruptcy<br><br>Scrapping green measures won&#39;t fix an unfair food system, argues Marco Contiero \ud83d\udc47<a href=\"https:\/\/twitter.com\/hashtag\/FarmerProtests?src=hash&amp;ref_src=twsrc%5Etfw\">#FarmerProtests<\/a> <a href=\"https:\/\/twitter.com\/hashtag\/EUGreenDeal?src=hash&amp;ref_src=twsrc%5Etfw\">#EUGreenDeal<\/a><a href=\"https:\/\/t.co\/xskwob9fb8\">https:\/\/t.co\/xskwob9fb8<\/a><\/p>&mdash; Greenpeace EU (@GreenpeaceEU) <a href=\"https:\/\/twitter.com\/GreenpeaceEU\/status\/1755916442485104761?ref_src=twsrc%5Etfw\">February 9, 2024<\/a><\/blockquote><script async src=\"https:\/\/platform.twitter.com\/widgets.js\" charset=\"utf-8\"><\/script>\n<\/div><\/figure>\n\n<figure class=\"wp-block-image size-large\"><img loading=\"lazy\" decoding=\"async\" width=\"1024\" height=\"544\" src=\"https:\/\/www.greenpeace.org\/static\/planet4-slovakia-stateless\/2024\/02\/22f1d89d-gp0stug83-1024x544.webp\" alt=\"\" class=\"wp-image-5592\" srcset=\"https:\/\/www.greenpeace.org\/static\/planet4-slovakia-stateless\/2024\/02\/22f1d89d-gp0stug83-1024x544.webp 1024w, https:\/\/www.greenpeace.org\/static\/planet4-slovakia-stateless\/2024\/02\/22f1d89d-gp0stug83-300x159.webp 300w, https:\/\/www.greenpeace.org\/static\/planet4-slovakia-stateless\/2024\/02\/22f1d89d-gp0stug83-768x408.webp 768w, https:\/\/www.greenpeace.org\/static\/planet4-slovakia-stateless\/2024\/02\/22f1d89d-gp0stug83-510x271.webp 510w, https:\/\/www.greenpeace.org\/static\/planet4-slovakia-stateless\/2024\/02\/22f1d89d-gp0stug83.webp 1200w\" sizes=\"auto, (max-width: 1024px) 100vw, 1024px\" \/><figcaption class=\"wp-element-caption\">\u00a9 Mike Schmidt \/ Greenpeace<\/figcaption><\/figure>\n\n<h4 class=\"wp-block-heading\"><strong>Zrada farm\u00e1rov<\/strong><\/h4>\n\n<p>Namiesto toho, aby niektor\u00ed politici a ve\u013ek\u00e9 po\u013enohospod\u00e1rske lobistick\u00e9 firmy uv\u00edtali opatrenia na zlep\u0161enie ekosyst\u00e9mov, od ktor\u00fdch s\u00fa farm\u00e1ri do zna\u010dnej miery z\u00e1visl\u00ed, <strong>urobili z ochrany pr\u00edrody a Zelenej dohody EU \u013eahk\u00e9ho obetn\u00e9ho bar\u00e1nka. <\/strong>Najm\u00e4 extr\u00e9mne pravicov\u00ed a konzervat\u00edvni politici \u017eivia nespokojnos\u0165 farm\u00e1rov a ukazuj\u00fa prstom na regul\u00e1ciu \u017eivotn\u00e9ho prostredia. No posiela\u0165 nahnevan\u00fdm po\u013enohospod\u00e1rom odkaz, \u017ee na vine s\u00fa ekologick\u00e9 pravidl\u00e1 a z\u00e1rove\u0148 podporova\u0165 syst\u00e9m, ktor\u00fd funguje len pre mal\u00e9 percento ve\u013ek\u00fdch hr\u00e1\u010dov na trhu, v\u0161ak nie je ni\u010d in\u00e9ho ako zrada.&nbsp;<\/p>\n\n<p>Prvou reakciou Eur\u00f3pskej komisie na protesty po\u013enohospod\u00e1rov bolo, \u017ee u\u017e tret\u00ed rok po sebe udelila v\u00fdnimku z po\u017eiadaviek spolo\u010dnej po\u013enohospod\u00e1rskej politiky necha\u0165 mal\u00e9 percento ornej p\u00f4dy le\u017ea\u0165 \u00fahorom. Nielen\u017ee to sp\u00f4sobuje zna\u010dn\u00e9 \u0161kody na ekosyst\u00e9moch a mohlo by to e\u0161te viac zn\u00ed\u017ei\u0165 ceny zv\u00fd\u0161en\u00edm produkcie, ale odv\u00e1dza to pozornos\u0165 od skuto\u010dn\u00fdch syst\u00e9mov\u00fdch reforiem, ktor\u00e9 po\u013enohospod\u00e1ri z\u00fafalo potrebuj\u00fa.<\/p>\n\n<p>Paradoxom je, \u017ee po\u013enohospod\u00e1ri \u00fastami ve\u013ek\u00fdch odborov\u00fdch zv\u00e4zov protestuj\u00fa proti Zelenej dohode, ktor\u00e1 pod\u013ea nich u\u017e teraz ni\u010d\u00ed ich \u017eivoty. \u017diadne z hlavn\u00fdch pravidiel Zelenej dohody sa v\u0161ak nikdy neuskuto\u010dnilo a ciele strat\u00e9gie E\u00da Farm to Fork sa nesplnili &#8211; hoci by boli pre po\u013enohospod\u00e1rov prospe\u0161n\u00e9.<\/p>\n\n<p>Ak by sa prijali pravidl\u00e1 E\u00da o &#8222;udr\u017eate\u013enom&#8220; pou\u017e\u00edvan\u00ed pestic\u00eddov s finan\u010dnou a \u0161truktur\u00e1lnou podporou pre po\u013enohospod\u00e1rov, z\u00e1vislos\u0165 od agrochemik\u00e1li\u00ed by sa mohla zn\u00ed\u017ei\u0165 v celom odvetv\u00ed. Bola by to dobr\u00e1 spr\u00e1va nielen pre zdravie po\u013enohospod\u00e1rov, ktor\u00ed by neboli tak vystaven\u00ed chemick\u00fdm postrekom, ale aj pre ich pe\u0148a\u017eenky. Namiesto toho Komisia ako druh\u00fa reakciu na protesty stiahla pl\u00e1ny na zn\u00ed\u017eenie pou\u017e\u00edvania pestic\u00eddov.<\/p>\n\n<p>Aktualizovan\u00e1 smernica o priemyseln\u00fdch emisi\u00e1ch, ktorej cie\u013eom bolo obmedzi\u0165 zne\u010distenie z ve\u013ekochovov hospod\u00e1rskych zvierat, s\u00edce pomohla zmierni\u0165 klimatick\u00fa kr\u00edzu, ale v kone\u010dnom d\u00f4sledku ju e\u0161te zhor\u0161ila, preto\u017ee zmiernila pravidl\u00e1 pre najv\u00e4\u010d\u0161ie chovy o\u0161\u00edpan\u00fdch a hydiny a \u00faplne ignorovala chov hov\u00e4dzieho dobytka. <\/p>\n\n<p>Pl\u00e1n na zavedenie pr\u00e1vnych predpisov pre &#8222;udr\u017eate\u013en\u00fd potravinov\u00fd syst\u00e9m&#8220; bol zru\u0161en\u00fd e\u0161te predt\u00fdm, ako ho Komisia predlo\u017eila, a od s\u013eubovanej aktualiz\u00e1cie podmienok pre dobr\u00e9 \u017eivotn\u00e9 podmienky zvierat sa upustilo. Najmocnej\u0161ie po\u013enohospod\u00e1rske loby a ich konfeder\u00e1cia v E\u00da Copa-Cogeca rozhodli, ktor\u00e9 pravidl\u00e1 E\u00da sa posilnia a ktor\u00e9 oslabia. Hoci tvrdia, \u017ee zastupuj\u00fa v\u0161etk\u00fdch po\u013enohospod\u00e1rov, \u010dasto zauj\u00edmaj\u00fa stanovisk\u00e1, ktor\u00e9 obhajuj\u00fa z\u00e1ujmy men\u0161iny po\u013enohospod\u00e1rov: len t\u00fdch najv\u00e4\u010d\u0161\u00edch a najsilnej\u0161\u00edch hr\u00e1\u010dov, ktor\u00fdm sa u\u017e dar\u00ed v o\u010dividne nespravodlivom potravinovom syst\u00e9me.<\/p>\n\n<figure class=\"wp-block-image size-large\"><img loading=\"lazy\" decoding=\"async\" width=\"1024\" height=\"673\" src=\"https:\/\/www.greenpeace.org\/static\/planet4-slovakia-stateless\/2024\/02\/eaae9de2-gp0stu8vk-1024x673.jpg\" alt=\"\" class=\"wp-image-5593\" srcset=\"https:\/\/www.greenpeace.org\/static\/planet4-slovakia-stateless\/2024\/02\/eaae9de2-gp0stu8vk-1024x673.jpg 1024w, https:\/\/www.greenpeace.org\/static\/planet4-slovakia-stateless\/2024\/02\/eaae9de2-gp0stu8vk-300x197.jpg 300w, https:\/\/www.greenpeace.org\/static\/planet4-slovakia-stateless\/2024\/02\/eaae9de2-gp0stu8vk-768x505.jpg 768w, https:\/\/www.greenpeace.org\/static\/planet4-slovakia-stateless\/2024\/02\/eaae9de2-gp0stu8vk-510x335.jpg 510w, https:\/\/www.greenpeace.org\/static\/planet4-slovakia-stateless\/2024\/02\/eaae9de2-gp0stu8vk.jpg 1200w\" sizes=\"auto, (max-width: 1024px) 100vw, 1024px\" \/><figcaption class=\"wp-element-caption\">\u00a9 Caner Guevera \/ Greenpeace<\/figcaption><\/figure>\n\n<p>Mnoh\u00ed politici na\u010falej podporuj\u00fa najv\u00e4\u010d\u0161ie po\u013enohospod\u00e1rske podniky a kr\u00edzu vykres\u013euj\u00fa ako &#8222;po\u013enohospod\u00e1ri verzus pr\u00edroda&#8220;.<\/p>\n\n<p>Je to falo\u0161n\u00e1 dichot\u00f3mia, ktor\u00e1 drasticky po\u0161kodzuje v\u00e4\u010d\u0161inu po\u013enohospod\u00e1rov. Z\u00e1merne sa t\u00fdm odv\u00e1dza pozornos\u0165 od hlavn\u00fdch pr\u00ed\u010din probl\u00e9mov, ktor\u00fdm po\u013enohospod\u00e1ri \u010delia, a ich situ\u00e1cia sa zhor\u0161uje, a\u017e k\u00fdm nezostan\u00fa len najv\u00e4\u010d\u0161ie farmy.<\/p>\n\n<p>Po\u013enohospod\u00e1ri a pr\u00edroda s\u00fa spojenci &#8211; je to dynamika trhu, chybn\u00e9 dot\u00e1cie a nedostato\u010dn\u00e1 regul\u00e1cia, ktor\u00e9 stavaj\u00fa po\u013enohospod\u00e1rov pred z\u00fafal\u00fa vo\u013ebu medzi neudr\u017eate\u013enou priemyselnou v\u00fdrobou a bankrotom.<\/p>\n","protected":false},"excerpt":{"rendered":"<p>Po\u013enohospod\u00e1ri v celej Eur\u00f3pe z\u00e1pasia s probl\u00e9mami, ktor\u00e9 ich prin\u00fatili vyjs\u0165 do ul\u00edc a protestova\u0165. Mnoh\u00e9 farmy, najm\u00e4 tie men\u0161ie, museli svoju \u010dinnos\u0165 ukon\u010di\u0165. <\/p>\n","protected":false},"author":37,"featured_media":5592,"comment_status":"open","ping_status":"open","sticky":false,"template":"","format":"standard","meta":{"ep_exclude_from_search":false,"p4_og_title":"","p4_og_description":"","p4_og_image":"","p4_og_image_id":"","p4_seo_canonical_url":"","p4_campaign_name":"","p4_local_project":"","p4_basket_name":"","p4_department":"","footnotes":""},"categories":[21,3],"tags":[19],"p4-page-type":[16],"class_list":["post-5589","post","type-post","status-publish","format-standard","has-post-thumbnail","hentry","category-greenpeace","category-zmen","tag-jedlo","p4-page-type-clanok"],"_links":{"self":[{"href":"https:\/\/www.greenpeace.org\/slovakia\/wp-json\/wp\/v2\/posts\/5589","targetHints":{"allow":["GET"]}}],"collection":[{"href":"https:\/\/www.greenpeace.org\/slovakia\/wp-json\/wp\/v2\/posts"}],"about":[{"href":"https:\/\/www.greenpeace.org\/slovakia\/wp-json\/wp\/v2\/types\/post"}],"author":[{"embeddable":true,"href":"https:\/\/www.greenpeace.org\/slovakia\/wp-json\/wp\/v2\/users\/37"}],"replies":[{"embeddable":true,"href":"https:\/\/www.greenpeace.org\/slovakia\/wp-json\/wp\/v2\/comments?post=5589"}],"version-history":[{"count":3,"href":"https:\/\/www.greenpeace.org\/slovakia\/wp-json\/wp\/v2\/posts\/5589\/revisions"}],"predecessor-version":[{"id":9915,"href":"https:\/\/www.greenpeace.org\/slovakia\/wp-json\/wp\/v2\/posts\/5589\/revisions\/9915"}],"wp:featuredmedia":[{"embeddable":true,"href":"https:\/\/www.greenpeace.org\/slovakia\/wp-json\/wp\/v2\/media\/5592"}],"wp:attachment":[{"href":"https:\/\/www.greenpeace.org\/slovakia\/wp-json\/wp\/v2\/media?parent=5589"}],"wp:term":[{"taxonomy":"category","embeddable":true,"href":"https:\/\/www.greenpeace.org\/slovakia\/wp-json\/wp\/v2\/categories?post=5589"},{"taxonomy":"post_tag","embeddable":true,"href":"https:\/\/www.greenpeace.org\/slovakia\/wp-json\/wp\/v2\/tags?post=5589"},{"taxonomy":"p4-page-type","embeddable":true,"href":"https:\/\/www.greenpeace.org\/slovakia\/wp-json\/wp\/v2\/p4-page-type?post=5589"}],"curies":[{"name":"wp","href":"https:\/\/api.w.org\/{rel}","templated":true}]}}