{"id":5703,"date":"2024-04-24T15:23:26","date_gmt":"2024-04-24T13:23:26","guid":{"rendered":"https:\/\/www.greenpeace.org\/slovakia\/?p=5703"},"modified":"2024-04-24T15:26:44","modified_gmt":"2024-04-24T13:26:44","slug":"kanadske-rokovania-o-globalnom-dohovore-o-plastoch-sa-zacali-politici-maju-sancu-ukoncit-dobu-plastovu","status":"publish","type":"post","link":"https:\/\/www.greenpeace.org\/slovakia\/tlacova-sprava\/5703\/kanadske-rokovania-o-globalnom-dohovore-o-plastoch-sa-zacali-politici-maju-sancu-ukoncit-dobu-plastovu\/","title":{"rendered":"Kanadsk\u00e9 rokovania o Glob\u00e1lnom dohovore o plastoch sa za\u010dali: Politici maj\u00fa \u0161ancu ukon\u010di\u0165 dobu plastov\u00fa"},"content":{"rendered":"\n<p><strong>V kanadskej Ottawe zasad\u00e1 na t\u00e9mu prijatia medzin\u00e1rodne z\u00e1v\u00e4znej dohody o plastoch Medzivl\u00e1dny vyjedn\u00e1vac\u00ed v\u00fdbor OSN (INC4). Cie\u013eom rokovan\u00ed, ktor\u00e9 bud\u00fa trva\u0165 od 23. do 29. apr\u00edla 2024, je posun\u00fa\u0165 sa smerom k prv\u00e9mu n\u00e1vrhu zmluvy. Greenpeace Slovensko vyz\u00fdva slovensk\u00fa deleg\u00e1ciu, aby podporila ambici\u00f3zne ciele.<\/strong><\/p>\n\n<p>Zasadnutie Medzivl\u00e1dneho vyjedn\u00e1vacieho v\u00fdboru OSN v Kanade je \u0161tvrt\u00e9 z piatich zasadnut\u00ed, ktor\u00e9 tento v\u00fdbor \u010dakaj\u00fa v roku 2024. Za\u010diatkom tohto mesiaca spr\u00e1va o prieskume verejnej mienky organiz\u00e1cie Greenpeace International odhalila, \u017ee 8 z 10 \u013eud\u00ed podporuje zn\u00ed\u017eenie v\u00fdroby plastov. Prieskum, ktor\u00fd sa uskuto\u010dnil v 19 krajin\u00e1ch, tie\u017e nazna\u010duje ve\u013ek\u00fa podporu verejnosti opatreniam zameran\u00fdm na ukon\u010denie pou\u017e\u00edvania jednorazov\u00fdch plastov a podporu rie\u0161en\u00ed zalo\u017een\u00fdch na ich op\u00e4tovnom pou\u017e\u00edvan\u00ed.<\/p>\n\n<p>Pod\u013ea hovorkyne Greenpeace Slovensko Miroslavy \u00c1belovej maj\u00fa deleg\u00e1ti na zasadnut\u00ed \u0161ancu, ktor\u00e1 pr\u00edde raz za gener\u00e1ciu: \u201cIde o najv\u00fdznamnej\u0161iu celosvetov\u00fa pr\u00edle\u017eitos\u0165 pre \u013eud\u00ed a plan\u00e9tu na to, aby sa kone\u010dne zbavili plastov. Ak chceme zabezpe\u010di\u0165, \u017ee oteplenie zostane pod 1,5 \u00b0C, a ak z\u00e1rove\u0148 ochr\u00e1ni\u0165 na\u0161e zdravie, pr\u00e1va aj \u017eivot \u013eud\u00ed v jednotliv\u00fdch komunit\u00e1ch vo svete, mus\u00ed Glob\u00e1lna zmluva o plastoch do roku 2040 zn\u00ed\u017ei\u0165 celkov\u00fa produkciu plastov aspo\u0148 o 75 %.\u201d<\/p>\n\n<p>Okrem v\u0161eobecn\u00fdch po\u017eiadaviek zn\u00ed\u017ei\u0165 do roku 2040 produkciu plastov aspo\u0148 o 75 %, skoncova\u0165 so zne\u010disten\u00edm plastmi &#8211; od v\u00fdroby a\u017e po likvid\u00e1ciu, \u010di skoncova\u0165 s jednorazov\u00fdmi plastami, sa bude rokova\u0165 aj o viacer\u00fdch sporn\u00fdch oblastiach, ktor\u00fdch sa mnoh\u00e9 krajiny boja: \u010di u\u017e debaty o glob\u00e1lnom cieli zn\u00ed\u017ei\u0165 prim\u00e1rnu v\u00fdrobu plastov\u00fdch polym\u00e9rov, alebo o cieli pre zn\u00ed\u017eenie, op\u00e4tovn\u00e9 pou\u017eitie a dop\u013a\u0148anie plastov.<\/p>\n\n<p>Deleg\u00e1ciu z ministerstva \u017eivotn\u00e9ho prostredia bude ma\u0165 na zasadnut\u00ed aj Slovensko &#8211; vies\u0165 by ju mal gener\u00e1lny riadite\u013e Sekcie zahrani\u010dn\u00fdch vz\u0165ahov a environment\u00e1lnej politiky Peter Janura.<\/p>\n\n<p>\u201cOrganiz\u00e1cia Greenpeace Slovensko sa stretla s deleg\u00e1tom zastupuj\u00facim Slovensko, Petrom Janurom, a diskutovali sme o poz\u00edcii Slovenska v rokovaniach. Te\u0161\u00ed n\u00e1s, \u017ee Slovensko by pod\u013ea neho malo podpori\u0165 spolo\u010dn\u00fd cie\u013e redukcie plastov do roku 2040 o 75 %. Z\u00e1rove\u0148 v\u0161ak chceme vyzva\u0165 na\u0161u deleg\u00e1ciu, aby sa neb\u00e1la pripoji\u0165 k ambici\u00f3znym krajin\u00e1m, ktor\u00e9 bud\u00fa presadzova\u0165 aj \u010fal\u0161ie, odv\u00e1\u017ene ciele,\u201d uzavrela \u00c1belov\u00e1.<\/p>\n\n<figure class=\"wp-block-image size-large\"><img loading=\"lazy\" decoding=\"async\" width=\"877\" height=\"1024\" src=\"https:\/\/www.greenpeace.org\/static\/planet4-slovakia-stateless\/2024\/04\/a42e5e09-img_6071-877x1024.jpg\" alt=\"\" class=\"wp-image-5704\" srcset=\"https:\/\/www.greenpeace.org\/static\/planet4-slovakia-stateless\/2024\/04\/a42e5e09-img_6071-877x1024.jpg 877w, https:\/\/www.greenpeace.org\/static\/planet4-slovakia-stateless\/2024\/04\/a42e5e09-img_6071-257x300.jpg 257w, https:\/\/www.greenpeace.org\/static\/planet4-slovakia-stateless\/2024\/04\/a42e5e09-img_6071-768x897.jpg 768w, https:\/\/www.greenpeace.org\/static\/planet4-slovakia-stateless\/2024\/04\/a42e5e09-img_6071-1316x1536.jpg 1316w, https:\/\/www.greenpeace.org\/static\/planet4-slovakia-stateless\/2024\/04\/a42e5e09-img_6071-1754x2048.jpg 1754w, https:\/\/www.greenpeace.org\/static\/planet4-slovakia-stateless\/2024\/04\/a42e5e09-img_6071-1170x1366.jpg 1170w, https:\/\/www.greenpeace.org\/static\/planet4-slovakia-stateless\/2024\/04\/a42e5e09-img_6071-291x340.jpg 291w\" sizes=\"auto, (max-width: 877px) 100vw, 877px\" \/><\/figure>\n\n<p>Na stretnut\u00ed s Petrom Janurom Greenpeace Slovensko odovzdal deleg\u00e1cii viac ne\u017e 1 500 odkazov a kresieb od det\u00ed zo slovensk\u00fdch z\u00e1kladn\u00fdch \u0161k\u00f4l o tom, pre\u010do je pod\u013ea nich bud\u00facnos\u0165 bez plastov d\u00f4le\u017eit\u00e1.<\/p>\n","protected":false},"excerpt":{"rendered":"<p>V kanadskej Ottawe zasad\u00e1 na t\u00e9mu prijatia medzin\u00e1rodne z\u00e1v\u00e4znej dohody o plastoch Medzivl\u00e1dny vyjedn\u00e1vac\u00ed v\u00fdbor OSN (INC4). <\/p>\n","protected":false},"author":37,"featured_media":5666,"comment_status":"open","ping_status":"open","sticky":false,"template":"","format":"standard","meta":{"ep_exclude_from_search":false,"p4_og_title":"","p4_og_description":"","p4_og_image":"","p4_og_image_id":"","p4_seo_canonical_url":"","p4_campaign_name":"","p4_local_project":"","p4_basket_name":"","p4_department":"","footnotes":""},"categories":[1],"tags":[28],"p4-page-type":[14],"class_list":["post-5703","post","type-post","status-publish","format-standard","has-post-thumbnail","hentry","category-uncategorized","tag-plasty","p4-page-type-tlacova-sprava"],"_links":{"self":[{"href":"https:\/\/www.greenpeace.org\/slovakia\/wp-json\/wp\/v2\/posts\/5703","targetHints":{"allow":["GET"]}}],"collection":[{"href":"https:\/\/www.greenpeace.org\/slovakia\/wp-json\/wp\/v2\/posts"}],"about":[{"href":"https:\/\/www.greenpeace.org\/slovakia\/wp-json\/wp\/v2\/types\/post"}],"author":[{"embeddable":true,"href":"https:\/\/www.greenpeace.org\/slovakia\/wp-json\/wp\/v2\/users\/37"}],"replies":[{"embeddable":true,"href":"https:\/\/www.greenpeace.org\/slovakia\/wp-json\/wp\/v2\/comments?post=5703"}],"version-history":[{"count":2,"href":"https:\/\/www.greenpeace.org\/slovakia\/wp-json\/wp\/v2\/posts\/5703\/revisions"}],"predecessor-version":[{"id":5707,"href":"https:\/\/www.greenpeace.org\/slovakia\/wp-json\/wp\/v2\/posts\/5703\/revisions\/5707"}],"wp:featuredmedia":[{"embeddable":true,"href":"https:\/\/www.greenpeace.org\/slovakia\/wp-json\/wp\/v2\/media\/5666"}],"wp:attachment":[{"href":"https:\/\/www.greenpeace.org\/slovakia\/wp-json\/wp\/v2\/media?parent=5703"}],"wp:term":[{"taxonomy":"category","embeddable":true,"href":"https:\/\/www.greenpeace.org\/slovakia\/wp-json\/wp\/v2\/categories?post=5703"},{"taxonomy":"post_tag","embeddable":true,"href":"https:\/\/www.greenpeace.org\/slovakia\/wp-json\/wp\/v2\/tags?post=5703"},{"taxonomy":"p4-page-type","embeddable":true,"href":"https:\/\/www.greenpeace.org\/slovakia\/wp-json\/wp\/v2\/p4-page-type?post=5703"}],"curies":[{"name":"wp","href":"https:\/\/api.w.org\/{rel}","templated":true}]}}