{"id":656,"date":"2012-01-10T00:00:00","date_gmt":"2012-01-09T23:00:00","guid":{"rendered":"https:\/\/master.k8s.p4.greenpeace.org\/slovakia\/press\/656\/s-podozrenim-na-envirozataz-sa-treba-obratit-na-ku-zp-alebo-ministerstvo\/"},"modified":"2019-11-22T18:58:38","modified_gmt":"2019-11-22T17:58:38","slug":"s-podozrenim-na-envirozataz-sa-treba-obratit-na-ku-zp-alebo-ministerstvo","status":"publish","type":"post","link":"https:\/\/www.greenpeace.org\/slovakia\/clanok\/656\/s-podozrenim-na-envirozataz-sa-treba-obratit-na-ku-zp-alebo-ministerstvo\/","title":{"rendered":"S podozren\u00edm na enviroz\u00e1\u0165a\u017e sa treba obr\u00e1ti\u0165 na K\u00da \u017dP alebo ministerstvo"},"content":{"rendered":"<div class=\"leader\" style=\"font-weight: bold;margin-bottom: 12px\">\n\t\u013dudia, ktor\u00ed maj\u00fa podozrenie, \u017ee sa napr\u00edklad v bl\u00edzkosti ich domova nach\u00e1dza environment\u00e1lna z\u00e1\u0165a\u017e, by sa mali najprv obr\u00e1ti\u0165 na krajsk\u00fd \u00farad \u017eivotn\u00e9ho prostredia alebo priamo na ministerstvo \u017eivotn\u00e9ho prostredia, kde ju m\u00f4\u017eu nahl\u00e1si\u0165. &#8220;Ozn\u00e1menie m\u00f4\u017eu poda\u0165 listom, v elektronickej forme alebo \u00fastne do z\u00e1pisnice. Pracovn\u00edci ministerstva n\u00e1sledne lokalitu obhliadnu,&#8221; uviedla pre TASR jeho hovorky\u0148a Beatrice Hud\u00e1kov\u00e1.\n<\/div>\n<div>\n<div class=\"events-box middle-box left\">\n<div class=\"frame\">\n        <a class=\"open-img EnlargeImage\" href=\"http:\/\/www.greenpeace.org\/slovakia\/PageFiles\/374806\/2005_10_tekovske%20luzany_%c2%a9greenpeace_rizman%20(1).jpg\" title=\"\"><br \/>\n            <img decoding=\"async\" id=\"ctl00_cphContentArea_Property3_ctl00_ctl02_Image1\" class=\"Thumbnail\" src=\"https:\/\/www.greenpeace.org\/static\/planet4-slovakia-stateless\/2019\/11\/7060bbd7-7060bbd7-2005_10_tekovske-luzany_\u00a9greenpeace_rizman-1.jpg\" alt=\"\" style=\"border-width:0px;\"><\/p>\n<p>        <\/a>\n    <\/div>\n<div class=\"events-content no-title\">\n        <span class=\"date\"><\/span><br \/>\n        <strong><\/strong><\/p>\n<p>\n            Opusten\u00fd sklad star\u00fdch chemik\u00e1li\u00ed v Tekovsk\u00fdch Lu\u017eanoch.\n        <\/p>\n<\/p>\n<\/div>\n<\/div>\n<p>\u00a0<\/p>\n<p>Pokia\u013e environment\u00e1lna z\u00e1\u0165a\u017e e\u0161te nie je zap\u00edsan\u00e1 v informa\u010dnom syst\u00e9me z\u00e1\u0165a\u017e\u00ed, ministerstvo jej vypln\u00ed registra\u010dn\u00fd list a klasifikuje ju. Register enviroz\u00e1\u0165a\u017e\u00ed, ktor\u00fd je s\u00fa\u010das\u0165ou verejne pr\u00edstupn\u00e9ho informa\u010dn\u00e9ho syst\u00e9mu na webe <a href=\"http:\/\/www.enviroportal.sk\/\">www.enviroportal.sk<\/a>, obsahuje moment\u00e1lne takmer 2.000 registrovan\u00fdch lokal\u00edt. T\u00fdch najrizikovej\u0161\u00edch potvrden\u00fdch environment\u00e1lnych z\u00e1\u0165a\u017e\u00ed je moment\u00e1lne 119.<\/p>\n<p>Najrizikovej\u0161ie z\u00e1\u0165a\u017ee sa bud\u00fa rie\u0161i\u0165 prioritne. Z\u00e1konom o star\u00fdch enviroz\u00e1\u0165a\u017eiach, ktor\u00fd je \u00fa\u010dinn\u00fd od za\u010diatku roka, sa doplnil aj z\u00e1kon o Environment\u00e1lnom fonde. &#8220;V\u010faka tomu je mo\u017en\u00e9 prostriedky envirofondu pou\u017ei\u0165 i na rie\u0161enie odstra\u0148ovania environment\u00e1lnych z\u00e1\u0165a\u017e\u00ed,&#8221; vysvetlila Hud\u00e1kov\u00e1. Na \u017eiadate\u013ea sa vz\u0165ahuj\u00fa v\u0161etky podmienky pre pod\u00e1vanie \u017eiadost\u00ed o prostriedky z Envirofondu, \u017eiadne \u0161peci\u00e1lne po\u017eiadavky nie s\u00fa.<\/p>\n<p>Na likvid\u00e1ciu enviroz\u00e1\u0165a\u017e\u00ed sa v\u010faka spom\u00ednan\u00e9mu z\u00e1konu bud\u00fa m\u00f4c\u0165 \u010derpa\u0165 aj desiatky mili\u00f3nov eur z eurofondov. &#8220;\u010co sa t\u00fdka vyhl\u00e1senia v\u00fdziev, v tomto roku ministerstvo priprav\u00ed v\u00fdzvu na san\u00e1ciu enviroz\u00e1\u0165a\u017e\u00ed prostredn\u00edctvom Opera\u010dn\u00e9ho programu \u017eivotn\u00e9 prostredia. Na ich likvid\u00e1ciu pl\u00e1nuje ministerstvo vyu\u017ei\u0165 aj prostriedky Envirofondu,&#8221; pribl\u00ed\u017eila Hud\u00e1kov\u00e1. Presn\u00e1 v\u00fd\u0161ka alok\u00e1cie finan\u010dn\u00fdch prostriedkov na ich odstr\u00e1nenie e\u0161te nie je zn\u00e1ma.<\/p>\n<p>&#8220;Nik nem\u00f4\u017ee \u010daka\u0165, \u017ee probl\u00e9m, ktor\u00e9ho rie\u0161enie spolo\u010dnos\u0165 dvadsa\u0165 rokov ods\u00favala na ved\u013eaj\u0161iu ko\u013eaj, teraz z\u00e1zra\u010dne vyrie\u0161ime m\u00e1vnut\u00edm \u010darovn\u00e9ho pr\u00fatika zo d\u0148a na de\u0148. Rie\u0161enie probl\u00e9mu tzv. star\u00fdch enviroz\u00e1\u0165a\u017e\u00ed bude drah\u00e9 a komplikovan\u00e9,&#8221; skon\u0161tatoval pre TASR riadite\u013e Greenpeace Slovensko Juraj Rizman. Podotkol v\u0161ak, \u017ee aj napriek tomu treba za\u010da\u0165. &#8220;Likvid\u00e1cia z\u00e1\u0165a\u017e\u00ed je toti\u017e invest\u00edciou do ochrany zdravia obyvate\u013eov, ako aj do ochrany na\u0161ich zdrojov pitnej vody a kvality p\u00f4dy,&#8221; doplnil.<\/p>\n<p>Environment\u00e1lne z\u00e1\u0165a\u017ee sa nach\u00e1dzaj\u00fa najm\u00e4 v are\u00e1loch priemyseln\u00fdch podnikov alebo ve\u013ekokapacitn\u00fdch po\u013enohospod\u00e1rskych podnikov. K \u00fanikom nebezpe\u010dn\u00fdch l\u00e1tok doch\u00e1dzalo aj na nekontrolovan\u00fdch skl\u00e1dkach nebezpe\u010dn\u00fdch odpadov \u010di v nezabezpe\u010den\u00fdch skladoch pestic\u00eddov. Zne\u010distenie tie\u017e sp\u00f4sobila arm\u00e1da i \u0165a\u017eba nerastov. Pozostatok star\u00fdch opusten\u00fdch skl\u00e1dok alebo odkal\u00edsk sa v niektor\u00fdch lokalit\u00e1ch prejavuje zv\u00fd\u0161en\u00fdmi hodnotami chloridov, kyanidov, ale aj ropn\u00fdch l\u00e1tok \u010di arz\u00e9nu v prostred\u00ed. Odhaduje sa, \u017ee za\u0165a\u017een\u00e9 \u00fazemia predstavuj\u00fa okolo desa\u0165 percent rozlohy Slovenska.<\/p>\n<p>Zdroj: TASR<\/p>\n<\/div>\n","protected":false},"excerpt":{"rendered":"<div>\n\t\u013dudia, ktor\u00ed maj\u00fa podozrenie, \u017ee sa napr\u00edklad v bl\u00edzkosti ich domova nach\u00e1dza environment\u00e1lna z\u00e1\u0165a\u017e, by sa mali najprv obr\u00e1ti\u0165 na krajsk\u00fd \u00farad \u017eivotn\u00e9ho prostredia alebo priamo na ministerstvo \u017eivotn\u00e9ho prostredia, kde ju m\u00f4\u017eu nahl\u00e1si\u0165. &#8222;Ozn\u00e1menie m\u00f4\u017eu poda\u0165 listom, v elektronickej forme alebo \u00fastne do z\u00e1pisnice. Pracovn\u00edci ministerstva n\u00e1sledne lokalitu obhliadnu,&#8220; uviedla pre TASR jeho hovorky\u0148a Beatrice Hud\u00e1kov\u00e1.\n<\/div>\n","protected":false},"author":30,"featured_media":657,"comment_status":"open","ping_status":"open","sticky":false,"template":"","format":"standard","meta":{"ep_exclude_from_search":false,"p4_og_title":"","p4_og_description":"","p4_og_image":"","p4_og_image_id":"","p4_seo_canonical_url":"","p4_campaign_name":"","p4_local_project":"","p4_basket_name":"","p4_department":"","footnotes":""},"categories":[3],"tags":[22],"p4-page-type":[16],"class_list":["post-656","post","type-post","status-publish","format-standard","has-post-thumbnail","hentry","category-zmen","tag-toxickelatky","p4-page-type-clanok"],"_links":{"self":[{"href":"https:\/\/www.greenpeace.org\/slovakia\/wp-json\/wp\/v2\/posts\/656","targetHints":{"allow":["GET"]}}],"collection":[{"href":"https:\/\/www.greenpeace.org\/slovakia\/wp-json\/wp\/v2\/posts"}],"about":[{"href":"https:\/\/www.greenpeace.org\/slovakia\/wp-json\/wp\/v2\/types\/post"}],"author":[{"embeddable":true,"href":"https:\/\/www.greenpeace.org\/slovakia\/wp-json\/wp\/v2\/users\/30"}],"replies":[{"embeddable":true,"href":"https:\/\/www.greenpeace.org\/slovakia\/wp-json\/wp\/v2\/comments?post=656"}],"version-history":[{"count":1,"href":"https:\/\/www.greenpeace.org\/slovakia\/wp-json\/wp\/v2\/posts\/656\/revisions"}],"predecessor-version":[{"id":658,"href":"https:\/\/www.greenpeace.org\/slovakia\/wp-json\/wp\/v2\/posts\/656\/revisions\/658"}],"wp:featuredmedia":[{"embeddable":true,"href":"https:\/\/www.greenpeace.org\/slovakia\/wp-json\/wp\/v2\/media\/657"}],"wp:attachment":[{"href":"https:\/\/www.greenpeace.org\/slovakia\/wp-json\/wp\/v2\/media?parent=656"}],"wp:term":[{"taxonomy":"category","embeddable":true,"href":"https:\/\/www.greenpeace.org\/slovakia\/wp-json\/wp\/v2\/categories?post=656"},{"taxonomy":"post_tag","embeddable":true,"href":"https:\/\/www.greenpeace.org\/slovakia\/wp-json\/wp\/v2\/tags?post=656"},{"taxonomy":"p4-page-type","embeddable":true,"href":"https:\/\/www.greenpeace.org\/slovakia\/wp-json\/wp\/v2\/p4-page-type?post=656"}],"curies":[{"name":"wp","href":"https:\/\/api.w.org\/{rel}","templated":true}]}}