{"id":688,"date":"2019-09-12T00:00:00","date_gmt":"2019-09-11T22:00:00","guid":{"rendered":"https:\/\/master.k8s.p4.greenpeace.org\/slovakia\/press\/688\/spolocne-vyhlasenie-mimovladnych-organizacii-ku-klimatickemu-strajku\/"},"modified":"2019-11-21T10:32:55","modified_gmt":"2019-11-21T09:32:55","slug":"spolocne-vyhlasenie-mimovladnych-organizacii-ku-klimatickemu-strajku","status":"publish","type":"post","link":"https:\/\/www.greenpeace.org\/slovakia\/tlacova-sprava\/688\/spolocne-vyhlasenie-mimovladnych-organizacii-ku-klimatickemu-strajku\/","title":{"rendered":"Spolo\u010dn\u00e9 vyhl\u00e1senie mimovl\u00e1dnych organiz\u00e1ci\u00ed ku klimatick\u00e9mu \u0161trajku:"},"content":{"rendered":"<h2>U\u017e nie je na \u010do \u010daka\u0165! \u0160trajkujeme spolo\u010dne so \u0161tudentmi<\/h2>\n<div class=\"leader\" style=\"font-weight: bold;margin-bottom: 12px\">\n\tMy, dolupodp\u00edsan\u00e9 mimovl\u00e1dne organiz\u00e1cie sme si vedom\u00e9 toho, \u017ee situ\u00e1cia oh\u013eadom klimatickej kr\u00edzy je v\u00e1\u017ena. Po celom svete m\u00f4\u017eeme sledova\u0165 v\u00fdskyt rekordne vysok\u00fdch tepl\u00f4t, sucho a in\u00e9 extr\u00e9mne prejavy po\u010dasia. Za\u017e\u00edvame masov\u00e9 vymieranie \u017eivo\u010d\u00edchov a po celom svete doch\u00e1dza k rap\u00eddnemu \u00fabytku biodiverzity. Dopady klimatickej zmeny u\u017e d\u00e1vno vpl\u00fdvaj\u00fa na cel\u00fa (\u0161iroko pon\u00edman\u00fa) oblas\u0165 \u017eivotn\u00e9ho prostredia. Maj\u00fa nielen environment\u00e1lne, ale aj ekonomick\u00e9 a soci\u00e1lne n\u00e1sledky. Zhor\u0161uje sa dostupnos\u0165 potravy a pitnej vody, extr\u00e9mne po\u010dasie ni\u010d\u00ed \u013eu\u010fom domovy. Klimatick\u00e1 kr\u00edza prispieva k n\u00e1rastu cien potrav\u00edn, prehlbovaniu chudoby, hladu a chorobnosti, a t\u00fdm aj k masovej migr\u00e1cii z najhor\u0161ie postihnut\u00fdch oblast\u00ed. Zvy\u0161uje sa riziko n\u00e1silia a vojnov\u00fdch konfliktov. Klimatick\u00e1 kr\u00edza je tu a my mus\u00edme kone\u010dne za\u010da\u0165 kona\u0165.<\/div>\n<div>\n<p>Vedci u\u017e desiatky rokov upozor\u0148uj\u00fa, \u017ee za s\u00fa\u010dasn\u00fa zmenu kl\u00edmy je prim\u00e1rne zodpovedn\u00e1 \u013eudsk\u00e1 \u010dinnos\u0165, najm\u00e4 spa\u013eovanie fos\u00edlnych pal\u00edv \u010di neschopnos\u0165 ochr\u00e1ni\u0165 lesy a p\u00f4du. Ak sa chceme vyhn\u00fa\u0165 otepleniu o viac ako 1,5 stup\u0148a Celzia oproti predindustri\u00e1lnej dobe, \u010do u\u017e by malo pod\u013ea vedeck\u00fdch modelov \u010falekosiahle n\u00e1sledky na existenciu plan\u00e9ty a \u013eudstva*, mus\u00edme v nasleduj\u00facich desa\u0165ro\u010diach zn\u00ed\u017ei\u0165 emisie sklen\u00edkov\u00fdch plynov takmer o polovicu. To znamen\u00e1, \u017ee kona\u0165 mus\u00edme okam\u017eite.<\/p>\n<p>Okrem s\u013eubov a strat\u00e9gi\u00ed si mus\u00edme kone\u010dne stanovi\u0165 aj konkr\u00e9tne kroky pre \u010do najr\u00fdchlej\u0161ie zni\u017eovanie emisi\u00ed sklen\u00edkov\u00fdch plynov a prechod na bezuhl\u00edkov\u00fa ekonomiku. Rie\u0161enie klimatickej kr\u00edzy si vy\u017eaduje podporu a zapojenie n\u00e1s v\u0161etk\u00fdch \u2013 mus\u00edme nielen zmeni\u0165 na\u0161e ka\u017edodenn\u00e9 spr\u00e1vanie, ale aj spoji\u0165 sily a \u017eiada\u0165 syst\u00e9mov\u00e9 zmeny v spolo\u010dnosti.<\/p>\n<p>S n\u00e1dejou sledujeme rozmach \u0161tudentsk\u00e9ho hnutia Fridays For Future, ktor\u00e9 po celom svete u\u017e rok organizuje \u0161tudentsk\u00e9 \u0161trajky za kl\u00edmu. Sme radi, \u017ee podobn\u00e9 hnutie existuje aj na Slovensku. Uvedomujeme si, \u017ee klimatick\u00e1 kr\u00edza je nato\u013eko v\u00e1\u017eny probl\u00e9m, \u017ee sa \u0148ou mus\u00edme zaobera\u0165 v\u0161etci, vo v\u0161etk\u00fdch sf\u00e9rach spolo\u010dnosti.&nbsp;<\/p>\n<p>Rozhodli sme sa vypo\u010du\u0165 v\u00fdzvu \u0161tudentsk\u00e9ho hnutia a prip\u00e1jame sa k \u00fa\u010dasti na klimatickom \u0161trajku, ktor\u00fd sa uskuto\u010dn\u00ed v piatok 20. septembra 2019 o 11.00 h na n\u00e1mestiach v Bratislave, Ko\u0161iciach, Banskej Bystrici a \u017diline.<\/p>\n<p>Bud\u00facnos\u0165 \u010fal\u0161\u00edch gener\u00e1ci\u00ed je v na\u0161ich ruk\u00e1ch. Pr\u00edstup politikov ku klimatickej kr\u00edze dok\u00e1\u017eeme zmeni\u0165 iba spolo\u010dne. U\u017e nie je na \u010do \u010daka\u0165, prem\u00e1rnili sme u\u017e mno\u017estvo \u010dasu. Vyz\u00fdvame aj na\u0161ich podporovate\u013eov a podporovate\u013eky a \u0161irok\u00fa verejnos\u0165, aby 20. septembra pri\u0161li prida\u0165 svoj hlas za bud\u00facnos\u0165 n\u00e1s v\u0161etk\u00fdch.<\/p>\n<p>12. 9. 2019<\/p>\n<p><strong>* Pozn:<\/strong><\/p>\n<p>\u2013 IPCC\u2019s Special Report (OSN, 2018) \u2013<a href=\"https:\/\/www.ipcc.ch\/sr15\/\"> https:\/\/www.ipcc.ch\/sr15\/<\/a><\/p>\n<p>\u2013 Ak m\u00e1 oteplenie sp\u00f4sobi\u0165 len obmedzen\u00e9 \u0161kody, musia emisie o 30 rokov klesn\u00fa\u0165 na nulu (EURACTIV.sk, 22. 10. 2018) \u2013<a href=\"https:\/\/euractiv.sk\/section\/klima\/news\/ak-ma-oteplenie\">https:\/\/euractiv.sk\/section\/klima\/news\/ak-ma-oteplenie<\/a><a href=\"https:\/\/euractiv.sk\/section\/klima\/news\/ak-ma-oteplenie-sposobit-len-obmedzene-skody-musia-emisie-o-30-rokov-klesnut-na-nulu\/\">-sposobit-len-obmedzene-skody-musia-emisie-o-30-rokov-klesnut-na-nulu\/<\/a>&nbsp;<\/p>\n<p><strong>Podp\u00edsan\u00e9 organiz\u00e1cie:<\/strong><br \/>\nGreenpeace Slovensko<br \/>\nMy sme les<br \/>\nWWF Slovensko<br \/>\nVia Iuris<br \/>\nAmnesty International Slovensko<br \/>\nNad\u00e1cia Zastavme korupciu<br \/>\nSlovensk\u00fd ochran\u00e1rsky snem<br \/>\nHelsinsk\u00fd v\u00fdbor pre \u013eudsk\u00e9 pr\u00e1va na Slovensku<br \/>\nSlovensk\u00e1 klimatick\u00e1 iniciat\u00edva<br \/>\nPriatelia Zeme \u2013 CEPA<br \/>\nPriatelia Zeme \u2013 SPZ<br \/>\nSloboda zvierat<br \/>\n\u010clovek v ohrozen\u00ed<br \/>\nCyklokoal\u00edcia<br \/>\nSOS BirdLife<br \/>\nPDCS Slovensko<br \/>\nNad\u00e1cia Ekopolis<br \/>\nZdru\u017eenie Slatinka<br \/>\nIn\u0161tit\u00fat pre verejn\u00e9 ot\u00e1zky \u2013 IVO<br \/>\nPorad\u0148a pre ob\u010dianske a \u013eudsk\u00e9 pr\u00e1va<br \/>\nOchrana dravcov na Slovensku<br \/>\nRegion\u00e1lne ekologick\u00e9 centrum \u2013 REC Bratislava<br \/>\nSpolo\u010dnos\u0165 pre trvalo udr\u017eate\u013en\u00fd \u017eivot \u2013 STU\u017d\/SR<br \/>\nPRALES<br \/>\nNad\u00e1cia Pontis<br \/>\nOb\u010dan, demokracia a zodpovednos\u0165 \u2013 ODZ<br \/>\nfeministick\u00e1 organiz\u00e1cia ASPEKT<br \/>\nMo\u017enos\u0165 vo\u013eby<br \/>\nNad\u00e1cia otvorenej spolo\u010dnosti<br \/>\nCentrum pre filantropiu \u2013 Cpf<br \/>\nCentrum pre trvalo udr\u017eate\u013en\u00e9 alternat\u00edvy \u2013 CEPTA<br \/>\nKarpatsk\u00fd rozvojov\u00fd in\u0161tit\u00fat \u2013 KRI<br \/>\nIn\u0161tit\u00fat vodnej politiky<br \/>\nBratislavsk\u00e9 region\u00e1lne ochran\u00e1rske zdru\u017eenie \u2013 BROZ<br \/>\nZO SZOPK Slovensk\u00fd raj<br \/>\nZO SZOPK Ko\u0161ice 2013<br \/>\nZO SZOPK Trebi\u0161ov<br \/>\nZO \u010d. 6 SZOPK Bratislava<br \/>\nMV SZOPK Vysok\u00e9 Tatry<br \/>\nMV SZOPK Bratislava<br \/>\nGreen Foundation<br \/>\nEsFem<br \/>\nAliancia \u017eien Slovenska<br \/>\nAliancia \u017eien \u2013 Cesta sp\u00e4\u0165<br \/>\nIniciat\u00edva Inakos\u0165<br \/>\nD\u00fahov\u00fd PRIDE Bratislava<br \/>\nOLYMP<br \/>\nZdru\u017eenie ochran\u00e1rov severov\u00fdchodn\u00e9ho Slovenska P\u010cOLA<br \/>\nSOSNA<br \/>\nOZ Bre\u010dtan Nov\u00e9 Mesto nad V\u00e1hom<br \/>\nOZ Natura Rusovce<br \/>\nOI za \u017eivotn\u00e9 prostredie v Starom Meste<br \/>\nPlatforma dobrovo\u013en\u00edckych centier a organiz\u00e1ci\u00ed<br \/>\nINEX Slovensko<br \/>\nIniciat\u00edva Bratislava otvorene<br \/>\nIniciat\u00edva Na\u0161e Karpaty<br \/>\nOZ Bratislava fotogenick\u00e1<br \/>\nCentrum environment\u00e1lnych aktiv\u00edt Tren\u010d\u00edn \u2013 CEA<br \/>\nMAMILA, o. z.<br \/>\nFenestra<br \/>\nOZ Proti pr\u00fadu<br \/>\nLiga za \u013eudsk\u00e9 pr\u00e1va<br \/>\nArTUR \u2013 trvaloudr\u017eate\u013en\u00e1 architekt\u00fara<br \/>\nCEEV \u017divica<br \/>\nCyklokoal\u00edcia Ko\u0161ice<br \/>\nDo pr\u00e1ce na bicykli<br \/>\nOZ Ped\u00e1l<br \/>\nBudovy pre bud\u00facnos\u0165<br \/>\nIn\u0161tit\u00fat pre pas\u00edvne domy \u2013 iEPD<br \/>\nOZ Hrad \u2013 Slav\u00edn<br \/>\nARCHIMERA<br \/>\nIn\u0161tit\u00fat \u013eudsk\u00fdch pr\u00e1v<br \/>\nPlatforma MVRO<br \/>\nIn\u0161tit\u00fat cirkul\u00e1rnej ekonomiky<br \/>\nSlovensk\u00fd skauting<br \/>\nSlovensk\u00e1 agent\u00fara pre medzin\u00e1rodn\u00fa rozvojov\u00fa spolupr\u00e1cu<br \/>\nSlovensk\u00e1 vegansk\u00e1 spolo\u010dnost<\/p>\n<\/div>\n","protected":false},"excerpt":{"rendered":"<div>\n\tMy, dolupodp\u00edsan\u00e9 mimovl\u00e1dne organiz\u00e1cie sme si vedom\u00e9 toho, \u017ee situ\u00e1cia oh\u013eadom klimatickej kr\u00edzy je v\u00e1\u017ena. Po celom svete m\u00f4\u017eeme sledova\u0165 v\u00fdskyt rekordne vysok\u00fdch tepl\u00f4t, sucho a in\u00e9 extr\u00e9mne prejavy po\u010dasia. Za\u017e\u00edvame masov\u00e9 vymieranie \u017eivo\u010d\u00edchov a po celom svete doch\u00e1dza k rap\u00eddnemu \u00fabytku biodiverzity. Dopady klimatickej zmeny u\u017e d\u00e1vno vpl\u00fdvaj\u00fa na cel\u00fa (\u0161iroko pon\u00edman\u00fa) oblas\u0165 \u017eivotn\u00e9ho prostredia. Maj\u00fa nielen environment\u00e1lne, ale aj ekonomick\u00e9 a soci\u00e1lne n\u00e1sledky. Zhor\u0161uje sa dostupnos\u0165 potravy a pitnej vody, extr\u00e9mne po\u010dasie ni\u010d\u00ed \u013eu\u010fom domovy. Klimatick\u00e1 kr\u00edza prispieva k n\u00e1rastu cien potrav\u00edn, prehlbovaniu chudoby, hladu a chorobnosti, a t\u00fdm aj k masovej migr\u00e1cii z najhor\u0161ie postihnut\u00fdch oblast\u00ed. Zvy\u0161uje sa riziko n\u00e1silia a vojnov\u00fdch konfliktov. Klimatick\u00e1 kr\u00edza je tu a my mus\u00edme kone\u010dne za\u010da\u0165 kona\u0165.\n<\/div>\n","protected":false},"author":30,"featured_media":927,"comment_status":"open","ping_status":"open","sticky":false,"template":"","format":"standard","meta":{"ep_exclude_from_search":false,"p4_og_title":"","p4_og_description":"","p4_og_image":"","p4_og_image_id":"","p4_seo_canonical_url":"","p4_campaign_name":"not set","p4_local_project":"","p4_basket_name":"not set","p4_department":"","footnotes":""},"categories":[3],"tags":[6],"p4-page-type":[14],"class_list":["post-688","post","type-post","status-publish","format-standard","has-post-thumbnail","hentry","category-zmen","tag-klimatickakriza","p4-page-type-tlacova-sprava"],"_links":{"self":[{"href":"https:\/\/www.greenpeace.org\/slovakia\/wp-json\/wp\/v2\/posts\/688","targetHints":{"allow":["GET"]}}],"collection":[{"href":"https:\/\/www.greenpeace.org\/slovakia\/wp-json\/wp\/v2\/posts"}],"about":[{"href":"https:\/\/www.greenpeace.org\/slovakia\/wp-json\/wp\/v2\/types\/post"}],"author":[{"embeddable":true,"href":"https:\/\/www.greenpeace.org\/slovakia\/wp-json\/wp\/v2\/users\/30"}],"replies":[{"embeddable":true,"href":"https:\/\/www.greenpeace.org\/slovakia\/wp-json\/wp\/v2\/comments?post=688"}],"version-history":[{"count":2,"href":"https:\/\/www.greenpeace.org\/slovakia\/wp-json\/wp\/v2\/posts\/688\/revisions"}],"predecessor-version":[{"id":928,"href":"https:\/\/www.greenpeace.org\/slovakia\/wp-json\/wp\/v2\/posts\/688\/revisions\/928"}],"wp:featuredmedia":[{"embeddable":true,"href":"https:\/\/www.greenpeace.org\/slovakia\/wp-json\/wp\/v2\/media\/927"}],"wp:attachment":[{"href":"https:\/\/www.greenpeace.org\/slovakia\/wp-json\/wp\/v2\/media?parent=688"}],"wp:term":[{"taxonomy":"category","embeddable":true,"href":"https:\/\/www.greenpeace.org\/slovakia\/wp-json\/wp\/v2\/categories?post=688"},{"taxonomy":"post_tag","embeddable":true,"href":"https:\/\/www.greenpeace.org\/slovakia\/wp-json\/wp\/v2\/tags?post=688"},{"taxonomy":"p4-page-type","embeddable":true,"href":"https:\/\/www.greenpeace.org\/slovakia\/wp-json\/wp\/v2\/p4-page-type?post=688"}],"curies":[{"name":"wp","href":"https:\/\/api.w.org\/{rel}","templated":true}]}}