{"id":690,"date":"2017-05-09T00:00:00","date_gmt":"2017-05-08T22:00:00","guid":{"rendered":"https:\/\/master.k8s.p4.greenpeace.org\/slovakia\/press\/690\/viac-nez-50-tisic-ludi-odoslalo-ministerke-podohospodarstva-jasny-odkaz-nebezpecne-pesticidy-ktore-skodia-vcelam-tu-nechceme\/"},"modified":"2019-11-06T10:04:16","modified_gmt":"2019-11-06T09:04:16","slug":"viac-nez-50-tisic-ludi-odoslalo-ministerke-podohospodarstva-jasny-odkaz-nebezpecne-pesticidy-ktore-skodia-vcelam-tu-nechceme","status":"publish","type":"post","link":"https:\/\/www.greenpeace.org\/slovakia\/tlacova-sprava\/690\/viac-nez-50-tisic-ludi-odoslalo-ministerke-podohospodarstva-jasny-odkaz-nebezpecne-pesticidy-ktore-skodia-vcelam-tu-nechceme\/","title":{"rendered":"Viac ne\u017e 50 tis\u00edc \u013eud\u00ed odoslalo ministerke p\u00f4dohospod\u00e1rstva jasn\u00fd odkaz: nebezpe\u010dn\u00e9 pestic\u00eddy, ktor\u00e9 \u0161kodia v\u010del\u00e1m, tu nechceme!"},"content":{"rendered":"<div class=\"leader\" style=\"font-weight: bold;margin-bottom: 12px\">\n\tAktivisti Greenpeace Slovensko odovzdali na ministerstve p\u00f4dohospod\u00e1rstva pet\u00edciu proti neonikot\u00ednoidom \u2013 chemick\u00fdm l\u00e1tkam, ktor\u00e9 zab\u00edjaj\u00fa v\u010dely. T\u00fa do dne\u0161n\u00e9ho d\u0148a podp\u00edsali desa\u0165tis\u00edce \u013eud\u00ed. Cie\u013eom aktivistov je presved\u010di\u0165 ministerku p\u00f4dohospod\u00e1rstva Gabrielu Mate\u010dn\u00fa (SNS), aby Slovensko podporilo na eur\u00f3pskej \u00farovni \u00fapln\u00fd z\u00e1kaz t\u00fdchto jedovat\u00fdch l\u00e1tok.\n<\/div>\n<div>\n<p>Aktivisti odovzdali peti\u010dn\u00e9 h\u00e1rky symbolicky ulo\u017een\u00e9 v\u00a0\u00fa\u013eoch \u2013 tzv. plemen\u00e1\u010doch, v\u00a0spolo\u010dnosti nieko\u013ek\u00fdch v\u010del\u00e1rov a\u00a0v\u010del\u00e1rok. Pr\u00e1ve v\u010del\u00e1rov sa pou\u017e\u00edvanie neonikot\u00ednoidov \u010dasto bolestivo dot\u00fdka \u2013 na \u00fahyny v\u010diel v\u00a0d\u00f4sledku \u0161kodliv\u00fdch chemick\u00fdch postrekov poukazuj\u00fa pravidelne.<\/p>\n<\/p>\n<div class=\"events-box big-box left\">\n<div class=\"frame\">\n        <a class=\"open-img EnlargeImage\" href=\"http:\/\/www.greenpeace.org\/slovakia\/PageFiles\/754465\/Bez%20pesticidov_peticia%20(3).jpg\" title=\"\"><br \/>\n            <img decoding=\"async\" id=\"ctl00_cphContentArea_Property3_ctl00_ctl02_Image1\" class=\"Thumbnail\" src=\"https:\/\/www.greenpeace.org\/static\/planet4-slovakia-stateless\/2019\/11\/1f559607-1f559607-bez-pesticidov_peticia-3.jpg\" alt=\"\" style=\"border-width:0px;\"><\/p>\n<p>        <\/a>\n    <\/div>\n<div class=\"events-content\">\n        <span class=\"date\">9. m\u00e1ja 2017<\/span><br \/>\n        <strong><\/strong><\/p>\n<p>\n            Aktivisti odovzdali na ministerstve p\u00f4dohospod\u00e1rstva peti\u010dn\u00e9 h\u00e1rky symbolicky ulo\u017een\u00e9 v \u00fa\u013eoch \u2013 tzv. plemen\u00e1\u010doch, v spolo\u010dnosti nieko\u013ek\u00fdch v\u010del\u00e1rov a v\u010del\u00e1rok. Pr\u00e1ve v\u010del\u00e1rov sa pou\u017e\u00edvanie neonikot\u00ednoidov \u010dasto bolestivo dot\u00fdka \u2013 na \u00fahyny v\u010diel v d\u00f4sledku \u0161kodliv\u00fdch chemick\u00fdch postrekov poukazuj\u00fa pravidelne.\n        <\/p>\n<\/p>\n<\/div>\n<\/div>\n<p>\u00a0<\/p>\n<p>Podpisy pod online peti\u010dn\u00fa v\u00fdzvu <a href=\"http:\/\/www.bezpesticidov.sk\/\">www.bezpesticidov.sk<\/a> zbierali vy\u0161e roka. Jednou z\u00a0hlavn\u00fdch po\u017eiadaviek je aby Slovensko na eur\u00f3pskej \u00farovni hlasovalo za \u00fapln\u00fd z\u00e1kaz pou\u017e\u00edvania neonikot\u00ednoidov. Tieto l\u00e1tky toti\u017e preuk\u00e1zate\u013ene predstavuj\u00fa vysok\u00e9 riziko pre v\u010dely in\u00e9 ope\u013eova\u010de.\u00a0 Greenpeace \u010falej \u017eiada o prepracovanie N\u00e1rodn\u00e9ho ak\u010dn\u00e9ho pl\u00e1nu na dosiahnutie udr\u017eate\u013en\u00e9ho pou\u017e\u00edvania pestic\u00eddov, ako aj obmedzenie \u010fal\u0161\u00edch nebezpe\u010dn\u00fdch pestic\u00eddov v\u00a0bud\u00facnosti.<\/p>\n<\/p>\n<div class=\"events-box big-box left\">\n<div class=\"frame\">\n        <a class=\"open-img EnlargeImage\" href=\"http:\/\/www.greenpeace.org\/slovakia\/PageFiles\/754465\/Bez%20pesticidov_peticia%20(5).jpg\" title=\"\"><br \/>\n            <img decoding=\"async\" id=\"ctl00_cphContentArea_Property3_ctl00_ctl04_Image1\" class=\"Thumbnail\" src=\"https:\/\/www.greenpeace.org\/static\/planet4-slovakia-stateless\/2019\/11\/82584b17-82584b17-bez-pesticidov_peticia-5.jpg\" alt=\"\" style=\"border-width:0px;\"><\/p>\n<p>        <\/a>\n    <\/div>\n<div class=\"events-content\">\n        <span class=\"date\">9. m\u00e1ja 2017<\/span><br \/>\n        <strong><\/strong><\/p>\n<p>\n            Aktivisti odovzdali peti\u010dn\u00e9 h\u00e1rky symbolicky ulo\u017een\u00e9 v \u00fa\u013eoch \u2013 tzv. plemen\u00e1\u010doch, v spolo\u010dnosti nieko\u013ek\u00fdch v\u010del\u00e1rov a v\u010del\u00e1rok. Pr\u00e1ve v\u010del\u00e1rov sa pou\u017e\u00edvanie neonikot\u00ednoidov \u010dasto bolestivo dot\u00fdka \u2013 na \u00fahyny v\u010diel v d\u00f4sledku \u0161kodliv\u00fdch chemick\u00fdch postrekov poukazuj\u00fa pravidelne.\n        <\/p>\n<\/p>\n<\/div>\n<\/div>\n<p>\u00a0<\/p>\n<p>\u201eMinisterka mus\u00ed za\u010da\u0165 po\u010d\u00fava\u0165 hlas \u013eud\u00ed. Vy\u0161e 50-tis\u00edc ob\u010danov jej jednozna\u010dne povedalo, \u017ee si tieto \u0161kodliv\u00e9 l\u00e1tky na Slovensku ne\u017eel\u00e1 a\u00a0\u017ee je za ich \u00fapln\u00fd z\u00e1kaz na eur\u00f3pskej \u00farovni. O\u010dak\u00e1vame, \u017ee Slovensko sa prestane vyhov\u00e1ra\u0165 tak, ako doteraz, a za\u010dne podnika\u0165 re\u00e1lne kroky k\u00a0radik\u00e1lnemu zni\u017eovaniu postrekov. Dostali sme tis\u00edce e-mailov od \u013eud\u00ed a\u00a0hovorili sme s\u00a0desiatkami v\u010del\u00e1rov, ktor\u00ed na\u0161e po\u017eiadavky podporuj\u00fa,\u201c uviedla Katar\u00edna Jur\u00edkov\u00e1, koordin\u00e1torka kampane Jedlo pre \u017eivot z\u00a0Greenpeace Slovensko.\u00a0<\/p>\n<\/p>\n<div class=\"events-box big-box left\">\n<div class=\"frame\">\n        <a class=\"open-img EnlargeImage\" href=\"http:\/\/www.greenpeace.org\/slovakia\/PageFiles\/754465\/Bez%20pesticidov_peticia%20(10).jpg\" title=\"\"><br \/>\n            <img decoding=\"async\" id=\"ctl00_cphContentArea_Property3_ctl00_ctl06_Image1\" class=\"Thumbnail\" src=\"https:\/\/www.greenpeace.org\/static\/planet4-slovakia-stateless\/2019\/11\/7cda6786-7cda6786-bez-pesticidov_peticia-10.jpg\" alt=\"\" style=\"border-width:0px;\"><\/p>\n<p>        <\/a>\n    <\/div>\n<div class=\"events-content\">\n        <span class=\"date\">9. m\u00e1ja 2017<\/span><br \/>\n        <strong><\/strong><\/p>\n<p>\n            Koordin\u00e1torka kampane Jedlo pre \u017eivot Katar\u00edna Jur\u00edkov\u00e1, Greenpeace Slovensko.\n        <\/p>\n<\/p>\n<\/div>\n<\/div>\n<p>\u00a0<\/p>\n<p>V\u00a0roku 2013 Slovensko hlasovalo proti obmedzeniu pou\u017e\u00edvania neonikot\u00ednoidov a\u00a0Greenpeace teraz \u017eiada od ministerky jasn\u00e9 stanovisko, \u017ee pri najbli\u017e\u0161om rokovan\u00ed o\u00a0ich z\u00e1kaze v\u00a0m\u00e1ji Slovensko tento z\u00e1kaz podpor\u00ed.\u00a0<\/p>\n<p>Neonikot\u00ednoidy s\u00fa najpou\u017e\u00edvanej\u0161ie insektic\u00eddy (pestic\u00eddy, ktor\u00fdch cie\u013eom je zlikvidova\u0165 hmyz) na svete. Najviac sa pou\u017e\u00edvaj\u00fa na morenie osiva, s\u00fa rozpustn\u00e9 vo vode a\u00a0cez korene sa dostavaj\u00fa do celej rastliny. Sp\u00e1jaj\u00fa sa s\u00a0masov\u00fdmi otravami v\u010diel, no vysok\u00e9 riziko pre v\u010dely a\u00a0in\u00e9 ope\u013eova\u010de predstavuj\u00fa \u00a0aj v n\u00edzkych koncentr\u00e1ci\u00e1ch. M\u00f4\u017eu sp\u00f4sobi\u0165, \u017ee v\u010dely s\u00fa dezorientovan\u00e9 a\u00a0nevedia n\u00e1js\u0165 cestu sp\u00e4\u0165 do \u00fa\u013ea, nar\u00fa\u0161aj\u00fa ich schopnos\u0165 rozozn\u00e1va\u0165 kvety, naru\u0161uj\u00fa ich stravovacie n\u00e1vyky, zni\u017euj\u00fa imunitu a\u00a0ich schopnos\u0165 dochova\u0165 kr\u00e1\u013eovn\u00fa. Aj v\u00a0pr\u00edpade, \u017ee tieto l\u00e1tky nesp\u00f4sobia priamo otravu v\u010diel, m\u00f4\u017eu vies\u0165 ku kolapsu cel\u00fdch kol\u00f3ni\u00ed.<\/p>\n<p>\u00a0<\/p>\n<p>\u00a0<\/p>\n<\/div>\n","protected":false},"excerpt":{"rendered":"<div>\n\tAktivisti Greenpeace Slovensko odovzdali na ministerstve p\u00f4dohospod\u00e1rstva pet\u00edciu proti neonikot\u00ednoidom \u2013 chemick\u00fdm l\u00e1tkam, ktor\u00e9 zab\u00edjaj\u00fa v\u010dely. T\u00fa do dne\u0161n\u00e9ho d\u0148a podp\u00edsali desa\u0165tis\u00edce \u013eud\u00ed. Cie\u013eom aktivistov je presved\u010di\u0165 ministerku p\u00f4dohospod\u00e1rstva Gabrielu Mate\u010dn\u00fa (SNS), aby Slovensko podporilo na eur\u00f3pskej \u00farovni \u00fapln\u00fd z\u00e1kaz t\u00fdchto jedovat\u00fdch l\u00e1tok.\n<\/div>\n","protected":false},"author":30,"featured_media":691,"comment_status":"open","ping_status":"open","sticky":false,"template":"","format":"standard","meta":{"ep_exclude_from_search":false,"p4_og_title":"","p4_og_description":"","p4_og_image":"","p4_og_image_id":"","p4_seo_canonical_url":"","p4_campaign_name":"","p4_local_project":"","p4_basket_name":"","p4_department":"","footnotes":""},"categories":[3],"tags":[19],"p4-page-type":[14],"class_list":["post-690","post","type-post","status-publish","format-standard","has-post-thumbnail","hentry","category-zmen","tag-jedlo","p4-page-type-tlacova-sprava"],"_links":{"self":[{"href":"https:\/\/www.greenpeace.org\/slovakia\/wp-json\/wp\/v2\/posts\/690","targetHints":{"allow":["GET"]}}],"collection":[{"href":"https:\/\/www.greenpeace.org\/slovakia\/wp-json\/wp\/v2\/posts"}],"about":[{"href":"https:\/\/www.greenpeace.org\/slovakia\/wp-json\/wp\/v2\/types\/post"}],"author":[{"embeddable":true,"href":"https:\/\/www.greenpeace.org\/slovakia\/wp-json\/wp\/v2\/users\/30"}],"replies":[{"embeddable":true,"href":"https:\/\/www.greenpeace.org\/slovakia\/wp-json\/wp\/v2\/comments?post=690"}],"version-history":[{"count":1,"href":"https:\/\/www.greenpeace.org\/slovakia\/wp-json\/wp\/v2\/posts\/690\/revisions"}],"predecessor-version":[{"id":694,"href":"https:\/\/www.greenpeace.org\/slovakia\/wp-json\/wp\/v2\/posts\/690\/revisions\/694"}],"wp:featuredmedia":[{"embeddable":true,"href":"https:\/\/www.greenpeace.org\/slovakia\/wp-json\/wp\/v2\/media\/691"}],"wp:attachment":[{"href":"https:\/\/www.greenpeace.org\/slovakia\/wp-json\/wp\/v2\/media?parent=690"}],"wp:term":[{"taxonomy":"category","embeddable":true,"href":"https:\/\/www.greenpeace.org\/slovakia\/wp-json\/wp\/v2\/categories?post=690"},{"taxonomy":"post_tag","embeddable":true,"href":"https:\/\/www.greenpeace.org\/slovakia\/wp-json\/wp\/v2\/tags?post=690"},{"taxonomy":"p4-page-type","embeddable":true,"href":"https:\/\/www.greenpeace.org\/slovakia\/wp-json\/wp\/v2\/p4-page-type?post=690"}],"curies":[{"name":"wp","href":"https:\/\/api.w.org\/{rel}","templated":true}]}}