{"id":708,"date":"2017-10-18T19:59:00","date_gmt":"2017-10-18T17:59:00","guid":{"rendered":"https:\/\/master.k8s.p4.greenpeace.org\/slovakia\/press\/708\/hurikany-povodne-a-vlny-extremnych-teplot-prava-tvar-klimatickych-zmien\/"},"modified":"2019-11-06T10:04:15","modified_gmt":"2019-11-06T09:04:15","slug":"hurikany-povodne-a-vlny-extremnych-teplot-prava-tvar-klimatickych-zmien","status":"publish","type":"post","link":"https:\/\/www.greenpeace.org\/slovakia\/clanok\/708\/hurikany-povodne-a-vlny-extremnych-teplot-prava-tvar-klimatickych-zmien\/","title":{"rendered":"Hurik\u00e1ny, povodne a vlny extr\u00e9mnych tepl\u00f4t \u2013 prav\u00e1 tv\u00e1r klimatick\u00fdch zmien"},"content":{"rendered":"<div class=\"post-content\">\n<div>\n<p><img decoding=\"async\" src=\"https:\/\/www.greenpeace.org\/static\/planet4-slovakia-stateless\/2019\/11\/d6a71966-d6a71966-139063_249908.jpg\" alt=\"\"><\/p>\n<p>San Francisco je zn\u00e1me svojim miernym po\u010das\u00edm, ktor\u00e9 sa v\u00a0pr\u00edstavnom meste po\u010das roka v\u00fdrazne nemen\u00ed. V\u010faka hmle pr\u00fadiacej z\u00a0Tich\u00e9ho oce\u00e1nu sa v\u00fd\u0161ka teploty pohybuje okolo 17\u00b0C. Prv\u00fd septembrov\u00fd v\u00edkend tohto roku v\u0161ak mesto prekvapila rekordn\u00e1 vlna hor\u00fa\u010dav s\u00a0teplotami dosahuj\u00facimi 41\u00baC. V\u00a0rovnakom momente \u010delilo mesto Los Angeles <a title=\"LA wildfires\" href=\"https:\/\/www.washingtonpost.com\/news\/post-nation\/wp\/2017\/09\/02\/erratic-wildfire-near-los-angeles-burns-3000-acres-and-forces-hundreds-to-evacuate\/?utm_term=.6a845f43fe05\">najv\u00e4\u010d\u0161iemu lesn\u00e9mu po\u017eiaru vo svojej hist\u00f3rii<\/a>, pre ktor\u00fd museli svoje domovy opusti\u0165 stovky \u013eud\u00ed. Pr\u00edrodn\u00e9 po\u017eiare, ktor\u00e9 s\u00fa be\u017enou s\u00fa\u010das\u0165ou tohto regi\u00f3nu v\u00a0letn\u00fdch mesiacoch, s\u00fa vplyvom zmeny kl\u00edmy rozsiahlej\u0161ie, hor\u00facej\u0161ie a dlh\u0161ie trvaj\u00fa.<\/p>\n<p><img decoding=\"async\" src=\"https:\/\/www.greenpeace.org\/static\/planet4-slovakia-stateless\/2019\/11\/bc1b99e2-bc1b99e2-139065_249910.jpg\" alt=\"\"><\/p>\n<p>Nebolo to tak d\u00e1vno, ke\u010f aj Eur\u00f3pa na druhej strane Atlantick\u00e9ho oce\u00e1nu \u010delila mas\u00edvnym vln\u00e1m hor\u00fa\u010dav. Extr\u00e9mna vlna tepl\u00f4t, nes\u00faca meno Lucifer, patrila medzi najintenz\u00edvnej\u0161ie od roku 2003. Ohrozila turistov a\u00a0obyvate\u013eov 11 eur\u00f3pskych \u0161t\u00e1tov a <a title=\"extreme tempratures\" href=\"https:\/\/www.theguardian.com\/world\/2017\/aug\/04\/extreme-heat-warnings-issued-europe-temperatures-pass-40c\">sp\u00f4sobila smr\u0165 minim\u00e1lne dvoch \u013eud\u00ed.<\/a><\/p>\n<p><img decoding=\"async\" src=\"https:\/\/www.greenpeace.org\/static\/planet4-slovakia-stateless\/2019\/11\/f59746b8-f59746b8-139066_249914.jpg\" alt=\"\"><\/p>\n<p>Extr\u00e9mne poveternostn\u00e9 podmienky vy\u010d\u00ed\u0148aj\u00fa na ka\u017edej strane zemegule a\u00a0<a title=\"climate changes\" href=\"https:\/\/www.theguardian.com\/commentisfree\/2017\/aug\/28\/climate-change-hurricane-harvey-more-deadly\">ich intenzita narast\u00e1 pod vplyvom klimatick\u00fdch zmien<\/a>. Dychber\u00face z\u00e1bery zni\u010denej krajiny, ktor\u00fa za sebou zanechali hurik\u00e1ny Harvey, Irma a\u00a0Maria, boli s\u00fa\u010das\u0165ou spravodajstva po celom svete. Negat\u00edvny dopad po\u010dasia sa t\u00fdka najviac t\u00fdch, ktor\u00fdch ekonomick\u00e1 situ\u00e1cia brzd\u00ed pripravi\u0165 sa na prich\u00e1dzaj\u00face nebezpe\u010denstvo a\u00a0<a title=\"harvey hurricane\" href=\"http:\/\/www.greenpeace.org\/usa\/in-photos-hurricane-harvey-hits-houstons-most-vulnerable\/\">zasahuje ich v\u00a0najhor\u0161ej mo\u017enej chv\u00edli<\/a>. Ide o\u00a0rodiny s\u00a0n\u00edzkym pr\u00edjmom na pokraji chudoby, ktor\u00e9 s\u00fa n\u00faten\u00e9 \u017ei\u0165 v\u00a0oblastiach n\u00e1chyln\u00fdch na z\u00e1plavy.<\/p>\n<p><img decoding=\"async\" src=\"https:\/\/www.greenpeace.org\/static\/planet4-slovakia-stateless\/2019\/11\/4f76c61d-4f76c61d-139067_249916.jpg\" alt=\"\"><\/p>\n<p><a title=\"floods asia\" href=\"https:\/\/psmag.com\/environment\/how-climate-change-contributed-to-massive-floods-in-south-asia\">Viac ako 1200 \u013eud\u00ed pri\u0161lo o\u00a0\u017eivot<\/a> v\u00a0d\u00f4sledku zosuvov p\u00f4dy a\u00a0pri povodniach, ktor\u00e9 zasiahli Banglad\u00e9\u0161, Indiu a\u00a0Nep\u00e1l. Aj napriek o\u010dak\u00e1van\u00fdm pr\u00edrodn\u00fdm povodniam krajiny zasko\u010dilo <a title=\"hard rains\" href=\"http:\/\/www.cnn.com\/2017\/08\/22\/asia\/south-asia-flooding\/index.html\">obzvl\u00e1\u0161\u0165 siln\u00e9 monz\u00fanov\u00e9 obdobie<\/a>, ktor\u00e9 negat\u00edvne ovplyvnilo \u017eivoty mili\u00f3nov \u013eud\u00ed. V\u00a0rozvojov\u00fdch krajin\u00e1ch bez potrebn\u00fdch prostriedkov a\u00a0z\u00e1sob je ve\u013emi n\u00e1ro\u010dn\u00e9 n\u00e1js\u0165 bezpe\u010dn\u00e9 \u00fato\u010disko a\u00a0poskytn\u00fa\u0165 podporu zasiahnut\u00fdm komunit\u00e1m.<\/p>\n<p><img decoding=\"async\" src=\"https:\/\/www.greenpeace.org\/static\/planet4-slovakia-stateless\/2019\/11\/31598131-31598131-139068_249918.jpg\" alt=\"\"><\/p>\n<p>U\u017e sa viac nem\u00f4\u017eeme ot\u00e1\u010da\u0165 chrbtom d\u00f4kazom vo svete, kde hurik\u00e1n Maria zasahuje Karibik, <a title=\"puerto rico\" href=\"http:\/\/mashable.com\/2017\/09\/20\/puerto-rico-no-power-hurricane-maria\/#ctl.uSvk3OqD\">zanech\u00e1va Puerto Rico bez elektriny <\/a>a <a title=\"dominica\" href=\"https:\/\/www.nbcnews.com\/news\/weather\/dominica-grapples-total-destruction-after-hurricane-maria-n802931\">vys\u00edd\u013euje tis\u00edce \u013eud\u00ed na ostrove Dominica<\/a>. Extr\u00e9mne klimatick\u00e9 udalosti postihuj\u00fa mili\u00f3ny \u013eud\u00ed na celom svete a\u00a0je potrebn\u00e9, aby sa <a title=\"responsible climate change\" href=\"https:\/\/unearthed.greenpeace.org\/2017\/09\/18\/hurricane-harvey-irma-climate-change\/?_ga=2.127544973.146168217.1508333654-470829304.1499776130\">osoby a\u00a0spolo\u010dnosti, zodpovedn\u00e9 za zmenu klimatick\u00fdch podmienok<\/a>, za\u010dali podie\u013ea\u0165 na rie\u0161en\u00ed a\u00a0poskytli pomocn\u00fa ruku pri odstra\u0148ovan\u00ed n\u00e1sledkov. Je najvy\u0161\u0161\u00ed \u010das odmietnu\u0165 fos\u00edlne paliv\u00e1, \u201e\u0161pinav\u00fa\u201c energiu a\u00a0odvr\u00e1ti\u0165 kurz, ktor\u00fdm v\u0161etci smerujeme. Zajtra m\u00f4\u017ee by\u0165 neskoro.<\/p>\n<p><em>Diego Gonzaga, content editor v Greenpeace USA<\/em><\/p>\n<\/div>\n<\/div>\n","protected":false},"excerpt":{"rendered":"<p>San Francisco je zn\u00e1me svojim miernym po\u010das\u00edm, ktor\u00e9 sa v\u00a0pr\u00edstavnom meste po\u010das roka v\u00fdrazne nemen\u00ed. V\u010faka hmle pr\u00fadiacej z\u00a0Tich\u00e9ho oce\u00e1nu sa v\u00fd\u0161ka teploty pohybuje okolo 17\u00b0C. Prv\u00fd septembrov\u00fd v\u00edkend tohto&hellip;<\/p>\n","protected":false},"author":30,"featured_media":710,"comment_status":"open","ping_status":"open","sticky":false,"template":"","format":"standard","meta":{"ep_exclude_from_search":false,"p4_og_title":"","p4_og_description":"","p4_og_image":"","p4_og_image_id":"","p4_seo_canonical_url":"","p4_campaign_name":"","p4_local_project":"","p4_basket_name":"","p4_department":"","footnotes":""},"categories":[3],"tags":[6],"p4-page-type":[16],"class_list":["post-708","post","type-post","status-publish","format-standard","has-post-thumbnail","hentry","category-zmen","tag-klimatickakriza","p4-page-type-clanok"],"_links":{"self":[{"href":"https:\/\/www.greenpeace.org\/slovakia\/wp-json\/wp\/v2\/posts\/708","targetHints":{"allow":["GET"]}}],"collection":[{"href":"https:\/\/www.greenpeace.org\/slovakia\/wp-json\/wp\/v2\/posts"}],"about":[{"href":"https:\/\/www.greenpeace.org\/slovakia\/wp-json\/wp\/v2\/types\/post"}],"author":[{"embeddable":true,"href":"https:\/\/www.greenpeace.org\/slovakia\/wp-json\/wp\/v2\/users\/30"}],"replies":[{"embeddable":true,"href":"https:\/\/www.greenpeace.org\/slovakia\/wp-json\/wp\/v2\/comments?post=708"}],"version-history":[{"count":2,"href":"https:\/\/www.greenpeace.org\/slovakia\/wp-json\/wp\/v2\/posts\/708\/revisions"}],"predecessor-version":[{"id":715,"href":"https:\/\/www.greenpeace.org\/slovakia\/wp-json\/wp\/v2\/posts\/708\/revisions\/715"}],"wp:featuredmedia":[{"embeddable":true,"href":"https:\/\/www.greenpeace.org\/slovakia\/wp-json\/wp\/v2\/media\/710"}],"wp:attachment":[{"href":"https:\/\/www.greenpeace.org\/slovakia\/wp-json\/wp\/v2\/media?parent=708"}],"wp:term":[{"taxonomy":"category","embeddable":true,"href":"https:\/\/www.greenpeace.org\/slovakia\/wp-json\/wp\/v2\/categories?post=708"},{"taxonomy":"post_tag","embeddable":true,"href":"https:\/\/www.greenpeace.org\/slovakia\/wp-json\/wp\/v2\/tags?post=708"},{"taxonomy":"p4-page-type","embeddable":true,"href":"https:\/\/www.greenpeace.org\/slovakia\/wp-json\/wp\/v2\/p4-page-type?post=708"}],"curies":[{"name":"wp","href":"https:\/\/api.w.org\/{rel}","templated":true}]}}