{"id":740,"date":"2009-06-04T00:00:00","date_gmt":"2009-06-03T22:00:00","guid":{"rendered":"https:\/\/master.k8s.p4.greenpeace.org\/slovakia\/press\/740\/greenpeace-ziada-ministerstvo-o-okamzite-vycistenie-zemplina-od-pcb\/"},"modified":"2019-11-22T18:59:13","modified_gmt":"2019-11-22T17:59:13","slug":"greenpeace-ziada-ministerstvo-o-okamzite-vycistenie-zemplina-od-pcb","status":"publish","type":"post","link":"https:\/\/www.greenpeace.org\/slovakia\/tlacova-sprava\/740\/greenpeace-ziada-ministerstvo-o-okamzite-vycistenie-zemplina-od-pcb\/","title":{"rendered":"Greenpeace \u017eiada ministerstvo o okam\u017eit\u00e9 vy\u010distenie Zempl\u00edna od PCB"},"content":{"rendered":"<h2>Organiz\u00e1cia Greenpeace dnes odovzdala sudy so zeminou kontaminovanou PCB l\u00e1tkami na Ministerstvo \u017eivotn\u00e9ho prostredia SR.<\/h2>\n<\/p>\n<div class=\"leader\" style=\"font-weight: bold;margin-bottom: 12px\">\n\tTri sudy so zeminou z odpadov\u00e9ho kan\u00e1la podniku Chemko Str\u00e1\u017eske, ktor\u00e1 je kontaminovan\u00e1 polychl\u00f3rovan\u00fdmi bifenylmi (PCB), dnes doru\u010dili aktivisti Greenpeace na Ministerstvo \u017eivotn\u00e9ho prostredia SR (M\u017dP). Environmentalisti tak symbolicky preniesli obrovsk\u00fd probl\u00e9m zne\u010distenia v\u00fdchodn\u00e9ho Slovenska toxick\u00fdmi chemik\u00e1liami na p\u00f4du zodpovedn\u00e9ho ministerstva, ktor\u00e9 ani po 25 rokoch od ukon\u010denia v\u00fdroby PCB v Chemku Str\u00e1\u017eske nepokro\u010dilo a neodstr\u00e1nilo zdroj kontamin\u00e1cie. Odhaduje sa pritom, \u017ee na \u00fazem\u00ed kontaminovanom PCB \u017eije pribli\u017ene 250 000 obyvate\u013eov Slovenska.\n<\/div>\n<div>\n<div class=\"events-box small-box left\">\n<div class=\"frame\">\n        <a class=\"open-img EnlargeImage\" href=\"http:\/\/www.greenpeace.org\/slovakia\/Global\/slovakia\/image\/2009\/6\/aktivisti-greenpeace-upozornil-2.jpg\" title=\"\"><br \/>\n            <img decoding=\"async\" id=\"ctl00_cphContentArea_Property3_ctl00_ctl01_Image1\" class=\"Thumbnail\" src=\"https:\/\/www.greenpeace.org\/static\/planet4-slovakia-stateless\/2019\/11\/d419701b-d419701b-aktivisti-greenpeace-upozornil-2.jpg\" alt=\"\" style=\"border-width:0px;\"><\/p>\n<p>        <\/a>\n    <\/div>\n<div class=\"events-content no-title\">\n        <span class=\"date\"><\/span><br \/>\n        <strong><\/strong><\/p>\n<p>\n            Aktivisti Greenpeace upozornili na probl\u00e9m kontamin\u00e1cie Zempl\u00edna nebezpe\u010dn\u00fdmi PCB l\u00e1tkami.\n        <\/p>\n<\/p>\n<\/div>\n<\/div>\n<p>&#8220;\u017diadame ministerstvo, aby presadzovalo konkr\u00e9tne kroky na<br \/>\ndekontamin\u00e1ciu \u00fazemia v\u00fdchodn\u00e9ho Slovenska. Okrem z\u00e1kazu lovu r\u00fdb<br \/>\nv\u00a0Zempl\u00ednskej \u0160\u00edrave neprebehla \u017eiadna v\u00fdznamn\u00e1 informa\u010dn\u00e1 kampa\u0148<br \/>\npre obyvate\u013eov, st\u00e1le neboli vykonan\u00e9 konkr\u00e9tne environment\u00e1lne<br \/>\na\u00a0zdravotn\u00e9 opatrenia. \u013dudia \u017eij\u00faci v\u00a0tejto oblasti s\u00fa ako v\u00a0pasci.<br \/>\nNe\u010dinnos\u0165 a\u00a0bezoh\u013eadnos\u0165 \u0161t\u00e1tu ich n\u00fati \u017ei\u0165 v\u00a0nezdravom \u017eivotnom<br \/>\nprostred\u00ed kontaminovanom PCB za cenu, \u017ee m\u00f4\u017eu ma\u0165 v\u00e1\u017ene zdravotn\u00e9<br \/>\nn\u00e1sledky&#8221;, povedala Mgr. Kate\u0159ina V\u011bntusov\u00e1, koordin\u00e1toka toxickej<br \/>\nkampane Greenpeace.<\/p>\n<p>Organiz\u00e1cia Greenpeace na probl\u00e9m zne\u010distenia PCB upozor\u0148uje u\u017e<br \/>\nsedem rokov. Kontamin\u00e1cia okolia Chemka Str\u00e1\u017eske a regi\u00f3nu Zempl\u00edna<br \/>\nje nato\u013eko rozsiahla, \u017ee je len \u0165a\u017eko mo\u017en\u00e9 ju v kr\u00e1tkodobom<br \/>\nhorizonte \u00faplne odstr\u00e1ni\u0165. Greenpeace preto znovu apeluje na M\u017dP,<br \/>\naby \u010do najsk\u00f4r za\u010dalo s\u00a0pr\u00e1cami na vy\u010disten\u00ed zdroja zne\u010distenia,<br \/>\nktor\u00fdm je hlavne odpadov\u00fd kan\u00e1l. \u00a0<\/p>\n<p>Ministerstvo ned\u00e1vno v tla\u010di zverejnilo, \u017ee pl\u00e1nuje cel\u00fd probl\u00e9m<br \/>\nrie\u0161i\u0165 v\u00a0r\u00e1mci Opera\u010dn\u00e9ho programu \u017divotn\u00e9 prostredie, pod n\u00e1zvom<br \/>\nRie\u0161enie problematiky environment\u00e1lnych z\u00e1\u0165a\u017e\u00ed vr\u00e1tane ich<br \/>\nodstra\u0148ovania. Pod\u013ea vyhl\u00e1senia je dotknut\u00e9 \u00fazemie jedn\u00fdm z<br \/>\nprioritn\u00fdch \u00fazem\u00ed navrhnut\u00fdch na rie\u0161enie \u0161t\u00e1tneho programu<br \/>\nsan\u00e1cie. Organiz\u00e1cia Greenpeace pova\u017euje toto vyhl\u00e1senie za<br \/>\nzav\u00e1dzaj\u00face.<\/p>\n<p>&#8220;Ako zdroj zne\u010distenia bol identifikovan\u00fd odpadov\u00fd kan\u00e1l Chemka<br \/>\nStr\u00e1\u017eske a\u00a0ten sa pod\u013ea v\u00fdsledku Systematickej identifik\u00e1cie<br \/>\nenvironment\u00e1lnych z\u00e1\u0165a\u017e\u00ed v\u00a0SR medzi environment\u00e1lne z\u00e1\u0165a\u017ee nedostal<br \/>\na\u00a0z\u00a0toho vypl\u00fdva, \u017ee sa ur\u010dite nebude rie\u0161i\u0165 ako priorita. Z\u00e1rove\u0148<br \/>\nfinan\u010dn\u00e9 prostriedky z Opera\u010dn\u00e9ho programu nie je mo\u017en\u00e9 \u010derpa\u0165 bez<br \/>\npredo\u0161l\u00e9ho schv\u00e1lenia Z\u00e1kona o\u00a0environment\u00e1lnych z\u00e1\u0165a\u017eiach.<br \/>\nLegislat\u00edvny proces z\u00e1kona zastavil predseda vl\u00e1dy R\u00f3bert Fico<br \/>\nza\u010diatkom tohto roka. Tret\u00edm probl\u00e9mom je obnos financi\u00ed<br \/>\nv\u00a0programe. Zatia\u013e nie je presne ur\u010den\u00e9, ktor\u00e9 lokality sa z\u00a0t\u00fdchto<br \/>\nzdrojov bud\u00fa dekontaminova\u0165 a\u00a0bal\u00edk pe\u0148az\u00ed z\u00a0OP rozhodne na<br \/>\nvy\u010distenie Zempl\u00edna sta\u010di\u0165 nebude&#8221;, dodala Mgr. Kate\u0159ina<br \/>\nV\u011bntusov\u00e1.<\/p>\n<p>Polychl\u00f3rovan\u00e9 bifenyly s\u00fa nebezpe\u010dn\u00e9 toxick\u00e9 l\u00e1tky, ktor\u00e9 sa<br \/>\nhromadia v\u00a0tukov\u00fdch bunk\u00e1ch \u013eud\u00ed a zvierat. Ich dlhodob\u00e9 p\u00f4sobenie<br \/>\nvyvol\u00e1va napr\u00edklad aj oslabenie imunity, poruchy nervov\u00e9ho syst\u00e9mu,<br \/>\nnaru\u0161enie funkcie \u0161t\u00edtnej \u017e\u013eazy a\u00a0pohlavn\u00fdch org\u00e1nov. PCB maj\u00fa<br \/>\nschopnos\u0165 prenika\u0165 placentou do tela vyv\u00edjaj\u00faceho sa plodu a\u00a0m\u00f4\u017eu<br \/>\nnaru\u0161i\u0165 zdrav\u00fd v\u00fdvoj die\u0165a\u0165a.<\/p>\n<\/div>\n","protected":false},"excerpt":{"rendered":"<div>\n\tTri sudy so zeminou z odpadov\u00e9ho kan\u00e1la podniku Chemko Str\u00e1\u017eske, ktor\u00e1 je kontaminovan\u00e1 polychl\u00f3rovan\u00fdmi bifenylmi (PCB), dnes doru\u010dili aktivisti Greenpeace na Ministerstvo \u017eivotn\u00e9ho prostredia SR (M\u017dP). Environmentalisti tak symbolicky preniesli obrovsk\u00fd probl\u00e9m zne\u010distenia v\u00fdchodn\u00e9ho Slovenska toxick\u00fdmi chemik\u00e1liami na p\u00f4du zodpovedn\u00e9ho ministerstva, ktor\u00e9 ani po 25 rokoch od ukon\u010denia v\u00fdroby PCB v Chemku Str\u00e1\u017eske nepokro\u010dilo a neodstr\u00e1nilo zdroj kontamin\u00e1cie. Odhaduje sa pritom, \u017ee na \u00fazem\u00ed kontaminovanom PCB \u017eije pribli\u017ene 250 000 obyvate\u013eov Slovenska.\n<\/div>\n","protected":false},"author":30,"featured_media":741,"comment_status":"open","ping_status":"open","sticky":false,"template":"","format":"standard","meta":{"ep_exclude_from_search":false,"p4_og_title":"","p4_og_description":"","p4_og_image":"","p4_og_image_id":"","p4_seo_canonical_url":"","p4_campaign_name":"","p4_local_project":"","p4_basket_name":"","p4_department":"","footnotes":""},"categories":[3],"tags":[22],"p4-page-type":[14],"class_list":["post-740","post","type-post","status-publish","format-standard","has-post-thumbnail","hentry","category-zmen","tag-toxickelatky","p4-page-type-tlacova-sprava"],"_links":{"self":[{"href":"https:\/\/www.greenpeace.org\/slovakia\/wp-json\/wp\/v2\/posts\/740","targetHints":{"allow":["GET"]}}],"collection":[{"href":"https:\/\/www.greenpeace.org\/slovakia\/wp-json\/wp\/v2\/posts"}],"about":[{"href":"https:\/\/www.greenpeace.org\/slovakia\/wp-json\/wp\/v2\/types\/post"}],"author":[{"embeddable":true,"href":"https:\/\/www.greenpeace.org\/slovakia\/wp-json\/wp\/v2\/users\/30"}],"replies":[{"embeddable":true,"href":"https:\/\/www.greenpeace.org\/slovakia\/wp-json\/wp\/v2\/comments?post=740"}],"version-history":[{"count":1,"href":"https:\/\/www.greenpeace.org\/slovakia\/wp-json\/wp\/v2\/posts\/740\/revisions"}],"predecessor-version":[{"id":742,"href":"https:\/\/www.greenpeace.org\/slovakia\/wp-json\/wp\/v2\/posts\/740\/revisions\/742"}],"wp:featuredmedia":[{"embeddable":true,"href":"https:\/\/www.greenpeace.org\/slovakia\/wp-json\/wp\/v2\/media\/741"}],"wp:attachment":[{"href":"https:\/\/www.greenpeace.org\/slovakia\/wp-json\/wp\/v2\/media?parent=740"}],"wp:term":[{"taxonomy":"category","embeddable":true,"href":"https:\/\/www.greenpeace.org\/slovakia\/wp-json\/wp\/v2\/categories?post=740"},{"taxonomy":"post_tag","embeddable":true,"href":"https:\/\/www.greenpeace.org\/slovakia\/wp-json\/wp\/v2\/tags?post=740"},{"taxonomy":"p4-page-type","embeddable":true,"href":"https:\/\/www.greenpeace.org\/slovakia\/wp-json\/wp\/v2\/p4-page-type?post=740"}],"curies":[{"name":"wp","href":"https:\/\/api.w.org\/{rel}","templated":true}]}}