{"id":743,"date":"2015-01-27T00:00:00","date_gmt":"2015-01-26T23:00:00","guid":{"rendered":"https:\/\/master.k8s.p4.greenpeace.org\/slovakia\/press\/743\/bzzzzz-z-povazskej-bystrice\/"},"modified":"2019-11-06T10:04:20","modified_gmt":"2019-11-06T09:04:20","slug":"bzzzzz-z-povazskej-bystrice","status":"publish","type":"post","link":"https:\/\/www.greenpeace.org\/slovakia\/clanok\/743\/bzzzzz-z-povazskej-bystrice\/","title":{"rendered":"Bzzzzz z Pova\u017eskej Bystrice"},"content":{"rendered":"<h2>O \u010fal\u0161ie v\u010delnice sa postaraj\u00fa &#8220;Mlad\u00ed pre Pova\u017esk\u00fa&#8221;<\/h2>\n<\/p>\n<div class=\"leader\" style=\"font-weight: bold;margin-bottom: 12px\">\n\t\u017dilina, Nitra, Lu\u010denec a Pova\u017esk\u00e1 Bystrica. \u0160tyri z piatich slovensk\u00fdch miest, v ktor\u00fdch by sme u\u017e na jar chceli osadi\u0165 v\u010delnice projektu Adoptuj si v\u010delu, sme u\u017e dohodli. Kooridn\u00e1torka projektu Adoptuj si v\u010delu Katar\u00edna Nikodemov\u00e1 sa porozpr\u00e1vala so Slavom\u00edrom Tur\u010d\u00e1nim z ob\u010dianskeho zdru\u017eenia Mlad\u00ed pre Pova\u017esk\u00fa. Pr\u00e1ve t\u00ed by sa chceli o v\u010dely v Pova\u017eskej Bystrici stara\u0165.\n<\/div>\n<div>\n<p><strong>Va\u0161a organiz\u00e1cia bude ma\u0165 na starosti mestsk\u00fa v\u010delnicu, ktor\u00fa \u00a0vybudujeme v\u010faka projektu Adoptuj si v\u010delu. Viete n\u00e1m p\u00e1r vetami organiz\u00e1ciu predstavi\u0165?<\/strong><\/p>\n<p>Ob\u010dianske zdru\u017eenie Mlad\u00ed pre Pova\u017esk\u00fa (\u010falej len MPP) je politicky nez\u00e1visl\u00e9 zdru\u017eenie mlad\u00fdch \u013eud\u00ed a\u00a0zalo\u017eili sme ho v\u00a0roku 2011. Sme organiz\u00e1cia, ktor\u00e1 sa riadi mottom \u201eNa\u0161e \u017eivoty sa menia v\u010faka \u013eu\u010fom, ktor\u00fdch stret\u00e1vame a\u00a0v\u010faka pr\u00edle\u017eitostiam, ktor\u00e9 vyu\u017e\u00edvame\u201c. Na\u0161e hlavn\u00e9 ciele s\u00fa vytv\u00e1ranie a\u00a0udr\u017eiavanie hodn\u00f4t a\u00a0prior\u00edt u\u00a0mlad\u00fdch \u013eud\u00ed, podporovanie kult\u00farnych, \u0161portov\u00fdch a\u00a0vo\u013eno\u010dasov\u00fdch aktiv\u00edt a\u00a0podpora ochrany \u017eivotn\u00e9ho prostredia. Od novembra 2014 rozbiehame projekt \u201eV\u010dely v\u00a0meste\u201c, ktor\u00fd je najv\u00e4\u010d\u0161ou prioritou n\u00e1\u0161ho ob\u010dianskeho zdru\u017eenia na najbli\u017e\u0161\u00edch 10 rokov.<\/p>\n<\/p>\n<div class=\"events-box big-box left\">\n<div class=\"frame\">\n        <a class=\"open-img EnlargeImage\" href=\"http:\/\/www.greenpeace.org\/slovakia\/PageFiles\/654143\/%c5%beiaci%20Ing.%20Petra%20%c4%8cer%c5%88ansk%c3%a9ho.jpg\" title=\"\"><br \/>\n            <img decoding=\"async\" id=\"ctl00_cphContentArea_Property3_ctl00_ctl02_Image1\" class=\"Thumbnail\" src=\"https:\/\/www.greenpeace.org\/static\/planet4-slovakia-stateless\/2019\/11\/3e2f9ae8-3e2f9ae8-\u017eiaci-ing.-petra-\u010cer\u0148ansk\u00e9ho.jpg\" alt=\"\" style=\"border-width:0px;\"><\/p>\n<p>        <\/a>\n    <\/div>\n<div class=\"events-content no-title\">\n        <span class=\"date\"><\/span><br \/>\n        <strong><\/strong><\/p>\n<p>\n            \u00a9 Slavom\u00edr Tur\u010d\u00e1ni \/ Greenpeace\n        <\/p>\n<\/p>\n<\/div>\n<\/div>\n<p><strong>Kto sa bude o ne stara\u0165? S k\u00fdm budete spolupracova\u0165?<\/strong><\/p>\n<p>Predov\u0161etk\u00fdm chceme v\u010dely chova\u0165 EKO chovom pod veden\u00edm Romana Linharta, ktor\u00fd je medzin\u00e1rodn\u00fdm \u0161pecialistom v\u00a0oblasti chovu v\u010diel. O\u00a0v\u010dely sa bud\u00fa stara\u0165 sk\u00fasen\u00ed v\u010del\u00e1ri, a\u00a0to Peter \u010cer\u0148ansk\u00fd, Alexander \u010celko, p\u00e1n Ho\u0161t\u00e1k, Miroslav Lieskovsk\u00fd v\u00a0spolupr\u00e1ci s\u00a0\u010dlenmi MPP a\u00a0\u017eiakmi Petra \u010cer\u0148ansk\u00e9ho, s\u00a0ktor\u00fdm organizujeme \u0161kolu v\u010del\u00e1rstva.<\/p>\n<p><strong>Projekt za\u010dneme realizova\u0165 na bud\u00faci rok na jar. Viete u\u017e, kde \u00fale so v\u010delami umiestnite? <br \/><\/strong><\/p>\n<p>S\u00a0mestom Pova\u017esk\u00e1 Bystrica rokujeme o\u00a0umiestnen\u00ed \u00fa\u013eov na mestsk\u00fd \u00farad, na s\u00eddlisko L\u00e1nska a\u00a0Rozkvet, v\u010faka \u010domu zvidite\u013en\u00edme n\u00e1\u0161 projekt po\u00a0celom meste. Rokovania by sme chceli uskuto\u010dni\u0165 do konca apr\u00edla tohto roku.<\/p>\n<p><strong>Ako pl\u00e1nujete projekt \u010falej rozv\u00edja\u0165 po prvom roku fungovania?<\/strong><\/p>\n<p>V\u00a0najbli\u017e\u0161\u00edch rokoch pl\u00e1nujeme chov v\u010diel roz\u0161\u00edri\u0165 o\u00a0chov \u010dmeliakov. Po\u010das \u010fal\u0161\u00edch rokov budeme projekt rozv\u00edja\u0165 na medzin\u00e1rodn\u00fa \u00farove\u0148, v\u00a0spolupr\u00e1ci s\u00a0Chrudimskou po\u013enohospod\u00e1rskou \u0161kolou v\u00a0\u010ceskej republike. Chyst\u00e1me sa pom\u00e1ha\u0165 za\u010d\u00ednaj\u00facim v\u010del\u00e1rom a to\u00a0tak, \u017ee im pom\u00f4\u017eeme s vybaven\u00edm na v\u010del\u00e1renie a\u00a0zaobstaran\u00edm v\u010del\u00edch rod\u00edn.<\/p>\n<\/p>\n<div class=\"events-box big-box left\">\n<div class=\"frame\">\n        <a class=\"open-img EnlargeImage\" href=\"http:\/\/www.greenpeace.org\/slovakia\/PageFiles\/654143\/%c4%beudza%20z%20MPP%20a%20v%c4%8del%c3%a1ri%20ktor%c3%ad%20bud%c3%ba%20pom%c3%a1ha%c5%a5%20s%20chovom%20v%c4%8diel%20na%20predn%c3%a1%c5%a1ke%20%20RNDr.%20Romana%20Linharta.jpg\" title=\"\"><br \/>\n            <img decoding=\"async\" id=\"ctl00_cphContentArea_Property3_ctl00_ctl04_Image1\" class=\"Thumbnail\" src=\"https:\/\/www.greenpeace.org\/static\/planet4-slovakia-stateless\/2019\/11\/e9c9645d-e9c9645d-\u013eudza-z-mpp-a-v\u010del\u00e1ri-ktor\u00ed-bud\u00fa-pom\u00e1ha\u0165-s-chovom-v\u010diel-na-predn\u00e1\u0161ke-rndr.-romana-linharta.jpg\" alt=\"\" style=\"border-width:0px;\"><\/p>\n<p>        <\/a>\n    <\/div>\n<div class=\"events-content no-title\">\n        <span class=\"date\"><\/span><br \/>\n        <strong><\/strong><\/p>\n<p>\n            \u00a9 Slavom\u00edr Tur\u010d\u00e1ni \/ Greenpeace\n        <\/p>\n<\/p>\n<\/div>\n<\/div>\n<p><strong>Pre\u010do ste sa rozhodli zapoji\u0165 do projektu a postavi\u0165 v\u010delnicu vo va\u0161om meste? <br \/><\/strong><\/p>\n<p>Celosvetov\u00fd pokles v\u010delstiev je alarmuj\u00faci probl\u00e9m, a\u00a0preto sa sna\u017e\u00edme pom\u00f4c\u0165 ope\u013eova\u010dom a v\u010del\u00e1rom v\u00a0Pova\u017eskej Bystrici a\u00a0okol\u00ed.<\/p>\n<p><strong>Pre\u010do je pod\u013ea V\u00e1s d\u00f4le\u017eit\u00e9 pom\u00e1ha\u0165 v\u010del\u00e1m?<\/strong><\/p>\n<p>Ke\u010f\u017ee v\u010delstv\u00e1 s\u00fa v\u00a0ekosyst\u00e9me nenahradite\u013en\u00e9, pova\u017eujeme pomoc v\u010del\u00e1m za nevyhnutn\u00fa. Pod\u013ea \u00fadajov, ktor\u00e9 n\u00e1m poskytol Roman Linhart, je progn\u00f3za \u00fahynu v\u010diel na rok 2015 katastrof\u00e1lna. Hovor\u00ed sa o 50 \u2013 90%-nom odumret\u00ed v\u010delstiev. \u00a0\u010c\u00edsla sa vz\u0165ahuj\u00fa na \u010cesko a pohrani\u010die so Slovenskom. Vych\u00e1dzame zo \u0161tatist\u00edk, ktor\u00e9 boli vytvoren\u00e9 za posledn\u00e9 roky.\u00a0D\u00fafam, \u017ee v roku 2016 budeme m\u00f4c\u0165 poveda\u0165, \u017ee sme v\u00e1s len stra\u0161ili.<\/p>\n<p><strong>Mysl\u00edte si, \u017ee maj\u00fa \u013eudia vo Va\u0161om meste dostatok vedomost\u00ed o tom, \u010do v\u010del\u00e1m \u0161kod\u00ed, ako vlastne \u017eij\u00fa? Venuj\u00fa sa vo va\u0161om meste akt\u00edvne \u013eudia v\u010del\u00e1reniu?<\/strong><\/p>\n<p>Mysl\u00edme si, \u017ee informovanos\u0165 o\u00a0v\u010delstv\u00e1ch a\u00a0v\u010del\u00e1ren\u00ed je nedostato\u010dn\u00e1. Na\u0161\u00edm z\u00e1merom je pouk\u00e1za\u0165 na potrebu pomoci v\u0161etk\u00fdm ope\u013eova\u010dom. A\u00a0preto za\u010d\u00edname s\u00a0osvetou na z\u00e1kladn\u00fdch a\u00a0stredn\u00fdch \u0161kol\u00e1ch v\u00a0Pova\u017eskej Bystrici prostredn\u00edctvom\u00a0predn\u00e1\u0161ok pre \u017eiakov \u0161k\u00f4l, za\u010d\u00ednaj\u00facich i\u00a0sk\u00fasen\u00fdch v\u010del\u00e1rov. V\u00a0spolupr\u00e1ci s\u00a0v\u010del\u00e1rskym zv\u00e4zom organizujeme pod veden\u00edm\u00a0Petra \u010cer\u0148ansk\u00e9ho nult\u00fd ro\u010dn\u00edk v\u010del\u00e1rskej \u0161koly. V\u00fdu\u010dba trv\u00e1 dva roky a\u00a0kon\u010d\u00ed sa z\u00e1vere\u010dn\u00fdmi sk\u00fa\u0161kami v\u00a0Banskej Bystrici.<\/p>\n<p>\u00a0<\/p>\n<p>\u00a0<\/p>\n<p>\u00a0<\/p>\n<p>\u00a0<\/p>\n<\/div>\n","protected":false},"excerpt":{"rendered":"<div>\n\t\u017dilina, Nitra, Lu\u010denec a Pova\u017esk\u00e1 Bystrica. \u0160tyri z piatich slovensk\u00fdch miest, v ktor\u00fdch by sme u\u017e na jar chceli osadi\u0165 v\u010delnice projektu Adoptuj si v\u010delu, sme u\u017e dohodli. Kooridn\u00e1torka projektu Adoptuj si v\u010delu Katar\u00edna Nikodemov\u00e1 sa porozpr\u00e1vala so Slavom\u00edrom Tur\u010d\u00e1nim z ob\u010dianskeho zdru\u017eenia Mlad\u00ed pre Pova\u017esk\u00fa. Pr\u00e1ve t\u00ed by sa chceli o v\u010dely v Pova\u017eskej Bystrici stara\u0165.\n<\/div>\n","protected":false},"author":30,"featured_media":744,"comment_status":"open","ping_status":"open","sticky":false,"template":"","format":"standard","meta":{"ep_exclude_from_search":false,"p4_og_title":"","p4_og_description":"","p4_og_image":"","p4_og_image_id":"","p4_seo_canonical_url":"","p4_campaign_name":"","p4_local_project":"","p4_basket_name":"","p4_department":"","footnotes":""},"categories":[3],"tags":[19],"p4-page-type":[16],"class_list":["post-743","post","type-post","status-publish","format-standard","has-post-thumbnail","hentry","category-zmen","tag-jedlo","p4-page-type-clanok"],"_links":{"self":[{"href":"https:\/\/www.greenpeace.org\/slovakia\/wp-json\/wp\/v2\/posts\/743","targetHints":{"allow":["GET"]}}],"collection":[{"href":"https:\/\/www.greenpeace.org\/slovakia\/wp-json\/wp\/v2\/posts"}],"about":[{"href":"https:\/\/www.greenpeace.org\/slovakia\/wp-json\/wp\/v2\/types\/post"}],"author":[{"embeddable":true,"href":"https:\/\/www.greenpeace.org\/slovakia\/wp-json\/wp\/v2\/users\/30"}],"replies":[{"embeddable":true,"href":"https:\/\/www.greenpeace.org\/slovakia\/wp-json\/wp\/v2\/comments?post=743"}],"version-history":[{"count":1,"href":"https:\/\/www.greenpeace.org\/slovakia\/wp-json\/wp\/v2\/posts\/743\/revisions"}],"predecessor-version":[{"id":746,"href":"https:\/\/www.greenpeace.org\/slovakia\/wp-json\/wp\/v2\/posts\/743\/revisions\/746"}],"wp:featuredmedia":[{"embeddable":true,"href":"https:\/\/www.greenpeace.org\/slovakia\/wp-json\/wp\/v2\/media\/744"}],"wp:attachment":[{"href":"https:\/\/www.greenpeace.org\/slovakia\/wp-json\/wp\/v2\/media?parent=743"}],"wp:term":[{"taxonomy":"category","embeddable":true,"href":"https:\/\/www.greenpeace.org\/slovakia\/wp-json\/wp\/v2\/categories?post=743"},{"taxonomy":"post_tag","embeddable":true,"href":"https:\/\/www.greenpeace.org\/slovakia\/wp-json\/wp\/v2\/tags?post=743"},{"taxonomy":"p4-page-type","embeddable":true,"href":"https:\/\/www.greenpeace.org\/slovakia\/wp-json\/wp\/v2\/p4-page-type?post=743"}],"curies":[{"name":"wp","href":"https:\/\/api.w.org\/{rel}","templated":true}]}}