{"id":765,"date":"2017-05-18T00:00:00","date_gmt":"2017-05-17T22:00:00","guid":{"rendered":"https:\/\/master.k8s.p4.greenpeace.org\/slovakia\/press\/765\/ministerstvo-podohospodarstva-ignoruje-hlas-viac-ako-50-tisic-ludi-vratane-vcelarov\/"},"modified":"2019-11-21T15:03:00","modified_gmt":"2019-11-21T14:03:00","slug":"ministerstvo-podohospodarstva-ignoruje-hlas-viac-ako-50-tisic-ludi-vratane-vcelarov","status":"publish","type":"post","link":"https:\/\/www.greenpeace.org\/slovakia\/tlacova-sprava\/765\/ministerstvo-podohospodarstva-ignoruje-hlas-viac-ako-50-tisic-ludi-vratane-vcelarov\/","title":{"rendered":"Ministerstvo p\u00f4dohospod\u00e1rstva ignoruje hlas viac ako 50 tis\u00edc \u013eud\u00ed vr\u00e1tane  v\u010del\u00e1rov"},"content":{"rendered":"<div class=\"leader\" style=\"font-weight: bold;margin-bottom: 12px\">\n\tSlovensko pod\u013ea ministerky p\u00f4dohospod\u00e1rstva Gabriely Mate\u010dnej nepodpor\u00ed \u00fapln\u00fd z\u00e1kaz pou\u017e\u00edvania \u0161kodliv\u00fdch pestic\u00eddov \u2013 neonikot\u00ednoidov, nebezpe\u010dn\u00fdch najm\u00e4 pre v\u010dely a in\u00e9 ope\u013eova\u010de. Pod\u013ea Greenpeace Slovensko ide o jasn\u00fd d\u00f4kaz, \u017ee rezort neberie na vedomie v\u00f4\u013eu viac ne\u017e 50 tis\u00edc \u013eud\u00ed vr\u00e1tane v\u010del\u00e1rov. T\u00ed svoj\u00edm podpisom pod pet\u00edciu potvrdili, \u017ee s\u00fa jednozna\u010dne proti ak\u00e9muko\u013evek pou\u017e\u00edvaniu t\u00fdchto l\u00e1tok.<\/div>\n<div>\n<p class=\"m5826093440575816597gmail-p1\"><span class=\"m5826093440575816597gmail-s2\"><span lang=\"SK\">Eur\u00f3pska komisia navrhuje zak\u00e1za\u0165 tri pre v\u010dely naj\u0161kodlivej\u0161ie druhy neonikot\u00ednoidov.&nbsp; V marci podala n\u00e1vrh, ktor\u00fd by sa mal vz\u0165ahova\u0165 na v\u0161etky druhy vyu\u017eitia okrem pou\u017e\u00edvania v trval\u00fdch sklen\u00edkoch. Z\u00e1stupcovia \u010dlensk\u00fdch kraj\u00edn o uvedenom n\u00e1vrhu v t\u00fdchto d\u0148och rokuj\u00fa v Bruseli.&nbsp;Z <\/span><\/span><span lang=\"SK\"><a title=\"Vyjadrenie G.Mate\u010dnej\" href=\"https:\/\/www.teraz.sk\/ekonomika\/mprv-rozsiruje-podpory-pre-vcelarov\/260187-clanok.html\" target=\"_blank\" rel=\"noopener noreferrer\">vyjadrenia ministerky p\u00f4dohospod\u00e1rstva Gabriely Mate\u010dnej<\/a>&nbsp;<span class=\"m5826093440575816597gmail-s2\">je jasn\u00e9, \u017ee Slovensko tak\u00fdto<\/span><span> <span class=\"m5826093440575816597gmail-s2\">z\u00e1kaz nepodpor\u00ed.<\/span><\/span><\/span><\/p>\n<p class=\"m5826093440575816597gmail-p1\"><span class=\"m5826093440575816597gmail-s2\"><span lang=\"SK\">\u201e<em>To, \u017ee Slovensko zak\u00e1\u017ee foli\u00e1rnu aplik\u00e1ciu, \u010di\u017ee postreky listov rastl\u00edn, je dobr\u00fd krok vpred, ale nesta\u010d\u00ed to. Vedeck\u00e9<\/em><\/span><\/span><em><span lang=\"SK\"> <span class=\"m5826093440575816597gmail-s2\">d\u00f4kazy a in\u0161tit\u00facie, medzi in\u00fdmi aj Eur\u00f3psky \u00farad pre bezpe\u010dnos\u0165 potrav\u00edn, jasne hovoria<\/span> <span class=\"m5826093440575816597gmail-s2\">o tom, \u017ee morenie osiva predstavuje vysok\u00e9 riziko pre v\u010dely a&nbsp;m\u00f4\u017ee, okrem in\u00e9ho, sp\u00f4sobi\u0165 aj<\/span> <span class=\"m5826093440575816597gmail-s2\">masov\u00fa otravu v\u010diel,<\/span><\/span><\/em><span class=\"m5826093440575816597gmail-s2\"><span lang=\"SK\">\u201c uviedla koordin\u00e1torka kampane Jedlo pre \u017eivot Katar\u00edna Jur\u00edkov\u00e1<\/span><\/span><span lang=\"SK\"> <span class=\"m5826093440575816597gmail-s2\">z Greenepace Slovensko.<\/span><\/span><\/p>\n<p class=\"m5826093440575816597gmail-p1\"><span class=\"m5826093440575816597gmail-s2\"><span lang=\"SK\">Argument, \u017ee z\u00e1kaz morenia by viedol k pou\u017e\u00edvaniu v\u00e4\u010d\u0161ieho mno\u017estva in\u00fdch l\u00e1tok, poukazuje pod\u013ea<\/span><\/span><span lang=\"SK\"> <span class=\"m5826093440575816597gmail-s2\">Jur\u00edkovej na zle nastaven\u00e9 myslenie ministerstva.&nbsp;\u201e<em>Jedna nebezpe\u010dn\u00e1 chemick\u00e1 l\u00e1tka sa predsa nesmie nahr\u00e1dza\u0165 druhou. Je na\u010dase, aby aj Slovensko za\u010dalo<\/em><\/span><em> <span class=\"m5826093440575816597gmail-s2\">intenz\u00edvne podporova\u0165 farm\u00e1rov v prechode na ekologick\u00e9 po\u013enohospod\u00e1rstvo. To<\/span> <span class=\"m5826093440575816597gmail-s2\">pon\u00faka mno\u017estvo alternat\u00edv k pestic\u00eddom \u2013&nbsp; a funguj\u00fa na mal\u00fdch, ale aj na ve\u013ek\u00fdch farm\u00e1ch.<\/span> <span class=\"m5826093440575816597gmail-s2\">Mysl\u00ed si to aj viac ne\u017e 50 000 \u013eud\u00ed, ktor\u00ed sa podp\u00edsali pod na\u0161u pet\u00edciu. Ministerstvo mus\u00ed<\/span> <span class=\"m5826093440575816597gmail-s2\">podnika\u0165 kroky smerom k po\u013enohospod\u00e1rstvu, ktor\u00e9 nezab\u00edja v\u010dely, nezne\u010dis\u0165uje vodu, neni\u010d\u00ed p\u00f4du<\/span> <span class=\"m5826093440575816597gmail-s2\">a produkuje zdrav\u00e9 potraviny,<\/span><\/em><span class=\"m5826093440575816597gmail-s2\">\u201c uzavrela Jur\u00edkov\u00e1.<\/span><\/span><\/p>\n<p class=\"m5826093440575816597gmail-p1\"><span class=\"m5826093440575816597gmail-s2\"><span lang=\"SK\">Neonikot\u00ednoidy s\u00fa napred\u00e1vanej\u0161\u00edmi pr\u00edpravkami proti \u017eivo\u010d\u00ed\u0161nym \u0161kodcom. V roku 2013<\/span><\/span><span lang=\"SK\"> <span class=\"m5826093440575816597gmail-s2\">Eur\u00f3pska \u00fania obmedzila pou\u017e\u00edvanie troch z t\u00fdchto l\u00e1tok. D\u00f4vodom bola hrozba, ak\u00fa predstavuj\u00fa pre<\/span> <span class=\"m5826093440575816597gmail-s2\">v\u010dely. Obmedzenie tohto roku vypr\u0161\u00ed. Aktivisti za\u010diatkom m\u00e1ja odovzdali na ministerstve<\/span> <span class=\"m5826093440575816597gmail-s2\">pet\u00edciu proti t\u00fdmto l\u00e1tkam. Podp\u00edsalo ju viac ako 50 000 \u013eud\u00ed.<\/span><\/span><\/p>\n<p class=\"m5826093440575816597gmail-p1\"><span class=\"m5826093440575816597gmail-s2\"><span lang=\"SK\">Greenpeace Slovensko z\u00e1rove\u0148 podpor\u00ed zhroma\u017edenie proti neonikot\u00ednoidom, ktor\u00e9 zorganizoval<\/span><\/span><span lang=\"SK\"> <span class=\"m5826093440575816597gmail-s2\">Slovensk\u00fd zv\u00e4z v\u010del\u00e1rov. Uskuto\u010dn\u00ed sa u\u017e t\u00fato sobotu, 20. m\u00e1ja 2017 o 15.00 hod. na N\u00e1mest\u00ed SNP<\/span> <span class=\"m5826093440575816597gmail-s2\">v Bratislave.<\/span><\/span><\/p>\n<\/div>\n","protected":false},"excerpt":{"rendered":"<div>\n\tSlovensko pod\u013ea ministerky p\u00f4dohospod\u00e1rstva Gabriely Mate\u010dnej nepodpor\u00ed \u00fapln\u00fd z\u00e1kaz pou\u017e\u00edvania \u0161kodliv\u00fdch pestic\u00eddov &#8211; neonikot\u00ednoidov, nebezpe\u010dn\u00fdch najm\u00e4 pre v\u010dely a in\u00e9 ope\u013eova\u010de. Pod\u013ea Greenpeace Slovensko ide o jasn\u00fd d\u00f4kaz, \u017ee rezort neberie na vedomie v\u00f4\u013eu viac ne\u017e 50 tis\u00edc \u013eud\u00ed vr\u00e1tane v\u010del\u00e1rov. T\u00ed svoj\u00edm podpisom pod pet\u00edciu potvrdili, \u017ee s\u00fa jednozna\u010dne proti ak\u00e9muko\u013evek pou\u017e\u00edvaniu t\u00fdchto l\u00e1tok.\n<\/div>\n","protected":false},"author":30,"featured_media":950,"comment_status":"open","ping_status":"open","sticky":false,"template":"","format":"standard","meta":{"ep_exclude_from_search":false,"p4_og_title":"","p4_og_description":"","p4_og_image":"","p4_og_image_id":"","p4_seo_canonical_url":"","p4_campaign_name":"not set","p4_local_project":"","p4_basket_name":"not set","p4_department":"","footnotes":""},"categories":[3],"tags":[19],"p4-page-type":[14],"class_list":["post-765","post","type-post","status-publish","format-standard","has-post-thumbnail","hentry","category-zmen","tag-jedlo","p4-page-type-tlacova-sprava"],"_links":{"self":[{"href":"https:\/\/www.greenpeace.org\/slovakia\/wp-json\/wp\/v2\/posts\/765","targetHints":{"allow":["GET"]}}],"collection":[{"href":"https:\/\/www.greenpeace.org\/slovakia\/wp-json\/wp\/v2\/posts"}],"about":[{"href":"https:\/\/www.greenpeace.org\/slovakia\/wp-json\/wp\/v2\/types\/post"}],"author":[{"embeddable":true,"href":"https:\/\/www.greenpeace.org\/slovakia\/wp-json\/wp\/v2\/users\/30"}],"replies":[{"embeddable":true,"href":"https:\/\/www.greenpeace.org\/slovakia\/wp-json\/wp\/v2\/comments?post=765"}],"version-history":[{"count":2,"href":"https:\/\/www.greenpeace.org\/slovakia\/wp-json\/wp\/v2\/posts\/765\/revisions"}],"predecessor-version":[{"id":951,"href":"https:\/\/www.greenpeace.org\/slovakia\/wp-json\/wp\/v2\/posts\/765\/revisions\/951"}],"wp:featuredmedia":[{"embeddable":true,"href":"https:\/\/www.greenpeace.org\/slovakia\/wp-json\/wp\/v2\/media\/950"}],"wp:attachment":[{"href":"https:\/\/www.greenpeace.org\/slovakia\/wp-json\/wp\/v2\/media?parent=765"}],"wp:term":[{"taxonomy":"category","embeddable":true,"href":"https:\/\/www.greenpeace.org\/slovakia\/wp-json\/wp\/v2\/categories?post=765"},{"taxonomy":"post_tag","embeddable":true,"href":"https:\/\/www.greenpeace.org\/slovakia\/wp-json\/wp\/v2\/tags?post=765"},{"taxonomy":"p4-page-type","embeddable":true,"href":"https:\/\/www.greenpeace.org\/slovakia\/wp-json\/wp\/v2\/p4-page-type?post=765"}],"curies":[{"name":"wp","href":"https:\/\/api.w.org\/{rel}","templated":true}]}}