{"id":769,"date":"2019-06-21T00:00:00","date_gmt":"2019-06-20T22:00:00","guid":{"rendered":"https:\/\/master.k8s.p4.greenpeace.org\/slovakia\/press\/769\/uhlie-dostalo-kosom-opat\/"},"modified":"2019-11-06T10:04:06","modified_gmt":"2019-11-06T09:04:06","slug":"uhlie-dostalo-kosom-opat","status":"publish","type":"post","link":"https:\/\/www.greenpeace.org\/slovakia\/clanok\/769\/uhlie-dostalo-kosom-opat\/","title":{"rendered":"Uhlie dostalo ko\u0161om. Op\u00e4\u0165."},"content":{"rendered":"<div class=\"leader\" style=\"font-weight: bold;margin-bottom: 12px\">\n\tU\u017e ste po\u010duli tie dobr\u00e9 spr\u00e1vy?\n<\/div>\n<div>\n<p>Slovensko kon\u010d\u00ed s v\u00fdrobou elektriny z uhlia a prijalo pr\u00edsnej\u0161ie klimatick\u00e9 z\u00e1v\u00e4zky. Pod\u013ea spolo\u010dn\u00e9ho vyhl\u00e1senia pani prezidentky \u010caputovej a p\u00e1na premi\u00e9ra Pellegriniho Slovensko po roku 2023 ukon\u010d\u00ed \u0165a\u017ebu a spa\u013eovanie uhlia a prid\u00e1 sa sa ku krajin\u00e1m, ktor\u00e9 podporuj\u00fa uhl\u00edkov\u00fa neutralitu do roku 2050.<\/p>\n<p style=\"text-align: justify;\" dir=\"ltr\"><strong>\u010co to znamen\u00e1?<\/strong><\/p>\n<p style=\"text-align: justify;\" dir=\"ltr\">Ak p\u00e1n premi\u00e9r dodr\u017e\u00ed slovo, potom sa Slovensko stane prvou krajinou V4, ktor\u00e1 sa rozhodla skoncova\u0165 s v\u00fdrobou elektriny z uhlia. Z\u00e1rove\u0148 sa tak prid\u00e1 k 21 \u0161t\u00e1tom E\u00da, ktor\u00e9 po\u017eaduj\u00fa dosiahnutie uhl\u00edkovej neutrality do roku 2050. Toto je prelomov\u00fd krok nielen pre Slovensko. \u010c\u00edm menej uhlia sp\u00e1lime, t\u00fdm viac budeme ma\u0165 \u010distej\u0161\u00ed vzduch a zdrav\u0161ie \u017eivotn\u00e9 prostredie v celom regi\u00f3ne. Je to prv\u00fd krok k tomu, aby sme zachovali rozmanit\u00fa a ob\u00fdvate\u013en\u00fa krajinu a d\u00f4stojn\u00fd \u017eivot pre s\u00fa\u010dasn\u00e9 a bud\u00face gener\u00e1cie.<\/p>\n<p style=\"text-align: justify;\" dir=\"ltr\"><strong>\u010co spravil Greenpeace?<\/strong><\/p>\n<p style=\"text-align: justify;\" dir=\"ltr\">Akt\u00edvne vedieme kampane po celom svete, aby sme zastavili \u0165a\u017ebu a spa\u013eovanie uhlia, preto\u017ee to je jedna z ciest ako \u00faspe\u0161ne bojova\u0165 s existuj\u00facou klimatickou kr\u00edzou. V decembri minul\u00e9ho roka, aktivisti a aktivistky Greenpeace vyliezli na na \u0165a\u017eobn\u00fa ve\u017eu v nov\u00e1ckej bani, aby zobudili kompetentn\u00fdch na Slovensku. A tu sme sa nezastavili, pokra\u010dujeme v kampani, aj v \u0161ir\u0161om regi\u00f3ne a \u010falej sa budeme sna\u017ei\u0165 obmedzi\u0165 z\u00e1vislos\u0165 od uhlia e\u0161te sk\u00f4r ne\u017e n\u00e1s postihn\u00fa dopady klimatickej kr\u00edzy. Toto v\u00ed\u0165azstvo v\u0161ak patr\u00ed v\u0161etk\u00fdm n\u00e1m a ka\u017ed\u00e9mu z v\u00e1s osobitne. Va\u0161a podpora je k\u013e\u00fa\u010dov\u00fd element, ktor\u00fd n\u00e1s poh\u00e1\u0148a vpred. Po celom svete navy\u0161e silnej\u00fa klimatick\u00e9 hnutia a politici nebud\u00fa m\u00f4c\u0165 \u010falej ignorova\u0165 n\u00e1\u0161 hlas. Pridajte sa ku klimatick\u00e9mu hnutiu a \u017eiadajte od na\u0161ej vl\u00e1dy konkr\u00e9tne kroky na zamedzenie dopadov klimatickej kr\u00edzy.<\/p>\n<p style=\"text-align: justify;\"><img decoding=\"async\" style=\"width: 100%; height: auto;\" src=\"https:\/\/www.greenpeace.org\/static\/planet4-slovakia-stateless\/2019\/11\/ed9d1694-ed9d1694-gp0sttg6c_web_size.jpg\" alt=\"\"><\/p>\n<div style=\"text-align: center;\"><a style=\"background-color: #4aae1e; color: #ffffff; display: inline-block; font-family: sans-serif; font-size: 15px; font-weight: bold; line-height: 50px; text-align: center; text-decoration: none; width: 280px;\" title=\"\" href=\"https:\/\/cee.donate.greenpeace.org\/sk\/campaigns\/?utm_source=website&amp;utm_campaign=SK190620_coal_phaseout_victory&amp;utm_medium=blog\" target=\"_blank\" data-id=\"26318\" rel=\"noopener noreferrer\">Podporte hnutie za kl\u00edmu<\/a><\/div>\n<p style=\"text-align: justify;\" dir=\"ltr\"><span id=\"docs-internal-guid-2a7e8210-7fff-6f48-b82f-77e8357bffe0\">Aby sme zachovali na\u0161u politick\u00fa a finan\u010dn\u00fa nez\u00e1vislos\u0165 pri realiz\u00e1cii na\u0161ich kampan\u00ed, Greenpeace neprij\u00edma \u017eiadne pr\u00edspevky od vl\u00e1d, politick\u00fdch str\u00e1n, Eur\u00f3pskej \u00fanie alebo korpor\u00e1ci\u00ed. Na\u0161a pr\u00e1ca je z\u00e1visl\u00e1 od pr\u00edspevkov, ktor\u00e9 n\u00e1m posielaj\u00fa \u013eudia ako ste Vy! Nepreme\u0161kajte pr\u00edle\u017eitos\u0165 by\u0165 s\u00fa\u010das\u0165ou zmeny. N\u00e1\u0161 boj sa nekon\u010d\u00ed dnes a V\u00e1\u0161 pr\u00edspevok je palivom pre na\u0161e \u010fal\u0161ie aktivity. \u010eAKUJEME! <\/span><\/p>\n<div style=\"text-align: center;\"><a style=\"background-color: #4aae1e; color: #ffffff; display: inline-block; font-family: sans-serif; font-size: 15px; font-weight: bold; line-height: 50px; text-align: center; text-decoration: none; width: 280px;\" title=\"\" href=\"https:\/\/cee.donate.greenpeace.org\/sk\/campaigns\/?utm_source=website&amp;utm_campaign=SK190620_coal_phaseout_victory&amp;utm_medium=blog\" target=\"_blank\" data-id=\"26318\" rel=\"noopener noreferrer\">Me\u0148te svet s nami<\/a><\/div>\n<\/div>\n","protected":false},"excerpt":{"rendered":"<div>\n\tU\u017e ste po\u010duli tie dobr\u00e9 spr\u00e1vy?\n<\/div>\n","protected":false},"author":30,"featured_media":770,"comment_status":"open","ping_status":"open","sticky":false,"template":"","format":"standard","meta":{"ep_exclude_from_search":false,"p4_og_title":"","p4_og_description":"","p4_og_image":"","p4_og_image_id":"","p4_seo_canonical_url":"","p4_campaign_name":"","p4_local_project":"","p4_basket_name":"","p4_department":"","footnotes":""},"categories":[3],"tags":[6,18],"p4-page-type":[16],"class_list":["post-769","post","type-post","status-publish","format-standard","has-post-thumbnail","hentry","category-zmen","tag-klimatickakriza","tag-energia","p4-page-type-clanok"],"_links":{"self":[{"href":"https:\/\/www.greenpeace.org\/slovakia\/wp-json\/wp\/v2\/posts\/769","targetHints":{"allow":["GET"]}}],"collection":[{"href":"https:\/\/www.greenpeace.org\/slovakia\/wp-json\/wp\/v2\/posts"}],"about":[{"href":"https:\/\/www.greenpeace.org\/slovakia\/wp-json\/wp\/v2\/types\/post"}],"author":[{"embeddable":true,"href":"https:\/\/www.greenpeace.org\/slovakia\/wp-json\/wp\/v2\/users\/30"}],"replies":[{"embeddable":true,"href":"https:\/\/www.greenpeace.org\/slovakia\/wp-json\/wp\/v2\/comments?post=769"}],"version-history":[{"count":1,"href":"https:\/\/www.greenpeace.org\/slovakia\/wp-json\/wp\/v2\/posts\/769\/revisions"}],"predecessor-version":[{"id":771,"href":"https:\/\/www.greenpeace.org\/slovakia\/wp-json\/wp\/v2\/posts\/769\/revisions\/771"}],"wp:featuredmedia":[{"embeddable":true,"href":"https:\/\/www.greenpeace.org\/slovakia\/wp-json\/wp\/v2\/media\/770"}],"wp:attachment":[{"href":"https:\/\/www.greenpeace.org\/slovakia\/wp-json\/wp\/v2\/media?parent=769"}],"wp:term":[{"taxonomy":"category","embeddable":true,"href":"https:\/\/www.greenpeace.org\/slovakia\/wp-json\/wp\/v2\/categories?post=769"},{"taxonomy":"post_tag","embeddable":true,"href":"https:\/\/www.greenpeace.org\/slovakia\/wp-json\/wp\/v2\/tags?post=769"},{"taxonomy":"p4-page-type","embeddable":true,"href":"https:\/\/www.greenpeace.org\/slovakia\/wp-json\/wp\/v2\/p4-page-type?post=769"}],"curies":[{"name":"wp","href":"https:\/\/api.w.org\/{rel}","templated":true}]}}