{"id":807,"date":"2011-10-21T00:00:00","date_gmt":"2011-10-20T22:00:00","guid":{"rendered":"https:\/\/master.k8s.p4.greenpeace.org\/slovakia\/press\/807\/environmentalny-zakon-desatrocia-schvaleny\/"},"modified":"2019-11-22T18:58:48","modified_gmt":"2019-11-22T17:58:48","slug":"environmentalny-zakon-desatrocia-schvaleny","status":"publish","type":"post","link":"https:\/\/www.greenpeace.org\/slovakia\/tlacova-sprava\/807\/environmentalny-zakon-desatrocia-schvaleny\/","title":{"rendered":"Environment\u00e1lny z\u00e1kon desa\u0165ro\u010dia schv\u00e1len\u00fd!"},"content":{"rendered":"<div class=\"leader\" style=\"font-weight: bold;margin-bottom: 12px\">\n\tSchv\u00e1lenie z\u00e1kona o environment\u00e1lnych z\u00e1\u0165a\u017eiach v NR SR je pod\u013ea Greenpeace d\u00f4le\u017eit\u00fdm v\u00ed\u0165azstvom pre ob\u010danov aj \u017eivotn\u00e9 prostredie.\n<\/div>\n<div>\n<p>Organiz\u00e1cia Greenpeace priv\u00edtala dne\u0161n\u00e9 rozhodnutie poslancov NR SR, ktor\u00ed schv\u00e1lili vl\u00e1dny n\u00e1vrh z\u00e1kona o niektor\u00fdch opatreniach na \u00faseku environment\u00e1lnej z\u00e1\u0165a\u017ee. Pod\u013ea environmentalistov sa prijat\u00edm tejto legislat\u00edvnej normy vytv\u00e1ra priestor pre komplexn\u00e9 rie\u0161enie jedn\u00e9ho z najv\u00e1\u017enej\u0161\u00edch environment\u00e1lnych probl\u00e9mov Slovenska.<\/p>\n<p>\u201e Dne\u0161n\u00e9 rozhodnutie poslancov NR SR je prelomov\u00e9. Prijatie z\u00e1kona o environment\u00e1lnych z\u00e1\u0165a\u017eiach je jasn\u00fd sign\u00e1l, \u017ee Slovensko vn\u00edma, ak\u00fd v\u00e1\u017eny probl\u00e9m predstavuj\u00fa ch\u00e1traj\u00face sklady toxick\u00fdch chemik\u00e1li\u00ed, opusten\u00e9 odkalisk\u00e1, \u010di kontaminovan\u00e9 are\u00e1ly b\u00fdval\u00fdch priemyseln\u00fdch podnikov, ktor\u00e9 n\u00e1m tu zanechal b\u00fdval\u00fd re\u017eim a obdobie divokej privatiz\u00e1cie. Tento z\u00e1kon n\u00e1m v\u0161etk\u00fdm &#8211; \u0161t\u00e1tu, samospr\u00e1ve, podnikate\u013eom aj akt\u00edvnym ob\u010danom umo\u017e\u0148uje za\u010da\u0165 probl\u00e9m environment\u00e1lnych z\u00e1\u0165a\u017e\u00ed rie\u0161i\u0165 v praxi,\u201c povedal riadite\u013e organiz\u00e1cie Greenpeace Juraj Rizman. \u00a0<\/p>\n<p>Odhaduje sa, \u017ee problematika environment\u00e1lnych z\u00e1\u0165a\u017e\u00ed sa na Slovensku t\u00fdka pribli\u017ene 30 000 lokal\u00edt. Vy\u0161e 1800 lokal\u00edt predstavuje pod\u013ea zisten\u00ed \u0161t\u00e1tnych org\u00e1nov z\u00e1va\u017en\u00e9 nebezpe\u010denstvo pre \u013eudsk\u00e9 zdravie a \u017eivotn\u00e9 prostredie.<\/p>\n<p>\u201eT\u00e1to legislat\u00edvna norma je uk\u00e1\u017ekou, \u017ee spolupr\u00e1ca expertov, predstavite\u013eov \u0161t\u00e1tu, podnikate\u013eskej a mimovl\u00e1dnej sf\u00e9ry m\u00f4\u017ee fungova\u0165 a prin\u00e1\u0161a\u0165 v\u00fdsledky.\u00a0 Som ve\u013emi r\u00e1d, \u017ee po dlh\u00fdch rokoch slov a diskusi\u00ed, prich\u00e1dza \u010das konkr\u00e9tnych \u010dinov,\u201c vyhl\u00e1sil Rizman. <\/p>\n<p>Riadite\u013e Greenpeace pri tejto pr\u00edle\u017eitosti verejne po\u010fakoval v\u0161etk\u00fdm akt\u00edvnym ob\u010danom a dobrovo\u013en\u00edkom, ktor\u00ed po\u010das deviatich rokov kampane podporili snahu environmentalistov presadi\u0165 legislat\u00edvne rie\u0161enie probl\u00e9mu environment\u00e1lnych z\u00e1\u0165a\u017e\u00ed. \u00a0<\/p>\n<p>Z\u00e1kon o niektor\u00fdch opatreniach na \u00faseku environment\u00e1lnej z\u00e1\u0165a\u017ee nepochybne patr\u00ed k jedn\u00fdm z najdlh\u0161ie pripravovan\u00fdch pr\u00e1vnych predpisov v SR. O potrebe jeho vzniku sa za\u010dalo hovori\u0165 tesne po p\u00e1de b\u00fdval\u00e9ho re\u017eimu v roku 1989. Organiz\u00e1cia Greenpeace spustila v roku 2002 kampa\u0148, ktorej cie\u013eom bolo presved\u010di\u0165 zodpovedn\u00fdch k pr\u00edprave legislat\u00edvnej normy, ktor\u00e1 by problematiku star\u00fdch environment\u00e1lnych z\u00e1\u0165a\u017e\u00ed rie\u0161ila komplexne a syst\u00e9movo. Pr\u00e1ce na konkr\u00e9tnom znen\u00ed z\u00e1kona za\u010dali v roku 2003. V obdob\u00ed rokov 2003 \u2013 2010 sa uskuto\u010dnili desiatky odborn\u00fdch podujat\u00ed, rokovan\u00ed pracovn\u00fdch skup\u00edn a expertn\u00fdch komisi\u00ed, kde sa problematika d\u00f4kladne prediskutovala so v\u0161etk\u00fdmi zainteresovan\u00fdmi subjektmi. Do procesu pr\u00edpravy n\u00e1vrhu z\u00e1kona o niektor\u00fdch opatrenia na \u00faseku environment\u00e1lnej z\u00e1\u0165a\u017ee sa zapojili nielen predstavitelia \u0161t\u00e1tnych in\u0161tit\u00faci\u00ed, ale aj experti podnikate\u013esk\u00fdch, zamestn\u00e1vate\u013esk\u00fdch a profesijn\u00fdch zv\u00e4zov a zdru\u017een\u00ed, ako aj \u0161irok\u00e9 spektrum odborn\u00edkov z vedeckej sf\u00e9ry a mimovl\u00e1dnych organiz\u00e1ci\u00ed. Definit\u00edvny impulz na dokon\u010denie pr\u00edpravn\u00fdch pr\u00e1v a zaradenie n\u00e1vrhu z\u00e1kona do legislat\u00edvneho procesu dalo M\u017dP SR v roku 2010, po hav\u00e1rii odkaliska \u010derven\u00e9ho kalu v ma\u010farskej \u00c1jke.<\/p>\n<p><!-- START DYNAMIC CONTENT --><\/p>\n<div class=\"embedded-image-gallery promo general-form\">\n<h1>9 rokov kampane &#8211; environment\u00e1lne z\u00e1\u0165a\u017ee<\/h1>\n<div class=\"gallery\">\n<div class=\"img-view galleria_container\">\n        <input type=\"hidden\" value=\"\/slovakia\/ReSizes\/ImageGalleryLarge\/PageFiles\/356143\/2002_06_10_zaciatok kampane _\u00a9Greenpeace_Rizman (1).jpg\" class=\"hidStartImage\"><\/p>\n<div class=\"galleria_wrapper\">\n            <img decoding=\"async\" src=\"http:\/\/www.greenpeace.org\/slovakia\/ReSizes\/ImageGalleryLarge\/PageFiles\/356143\/2002_06_10_zaciatok%20kampane%20_%C2%A9Greenpeace_Rizman%20(1).jpg\" class=\"replaced\" title=\"Environment\u00e1lne z\u00e1\u0165a\u017ee\" alt=\"Environment\u00e1lne z\u00e1\u0165a\u017ee\"><\/p>\n<\/div>\n<p>        <span class=\"caption\"><\/span>\n    <\/div>\n<div class=\"img-nav\">\n<div class=\"carousel\">\n<ul class=\"img-list galleria\">\n<li class=\"active\">\n                            <a title=\"Za\u010diatok kampane o environemnt\u00e1lnych z\u00e1\u0165a\u017eiach\" href=\"http:\/\/www.greenpeace.org\/slovakia\/sk\/multimedia\/fotografie\/Zaiatok-kampane-o-environemntalnych-zaaiach\/\" rel=\"V roku 2002 sa Greenpeace za\u010dal venova\u0165 toxick\u00e9mu zne\u010disteniu Slovenska. Ako rie\u0161enie ve\u013ek\u00e9ho zne\u010distenia r\u00f4znymi toxick\u00fdmi z\u00e1\u0165a\u017eami sme uviedli nutnos\u0165 vytvori\u0165 z\u00e1kon o environment\u00e1lnych z\u00e1\u0165a\u017eiach.~^Greenpeace\/Juraj Rizman~^\/slovakia\/ReSizes\/ImageGalleryLarge\/PageFiles\/356143\/2002_06_10_zaciatok kampane _\u00a9Greenpeace_Rizman (1).jpg~^272816\"><br \/>\n                                <img decoding=\"async\" id=\"ctl00_cphContentArea_Property3_ctl00_ctl02_ctl00_repImages_ctl00_thumbImg\" title=\"Za\u010diatok kampane o environemnt\u00e1lnych z\u00e1\u0165a\u017eiach\" src=\"https:\/\/www.greenpeace.org\/static\/planet4-slovakia-stateless\/2019\/11\/16320576-16320576-2002_06_10_zaciatok-kampane-_\u00a9greenpeace_rizman-1.jpg\" alt=\"Za\u010diatok kampane o environemnt\u00e1lnych z\u00e1\u0165a\u017eiach\" style=\"border-width:0px;\"><br \/>\n                            <\/a>\n                        <\/li>\n<li>\n                            <a title=\"Environment\u00e1lne z\u00e1\u0165a\u017ee\" href=\"http:\/\/www.greenpeace.org\/slovakia\/sk\/multimedia\/fotografie\/Environmentalne-zaae\/\" rel=\"Po\u010das Clean Water tour 2002 zistil Greenpeace v\u00fdrazn\u00e9 zne\u010dis\u0165ovanie \u017eivotn\u00e9ho prostredia v Nov\u00e1ckych chemick\u00fdch z\u00e1vodoch a ich okol\u00ed. Dnes s\u00fa tieto lokality ofici\u00e1lne zaraden\u00e9 v zozname environment\u00e1lnych z\u00e1\u0165a\u017e\u00ed.~^Greenpeace\/Juraj Rizman~^\/slovakia\/ReSizes\/ImageGalleryLarge\/PageFiles\/356145\/2002_06_11_enviro zataz_Novaky_\u00a9Greenpeace_Rizman (1).jpg~^272818\"><br \/>\n                                <img decoding=\"async\" id=\"ctl00_cphContentArea_Property3_ctl00_ctl02_ctl00_repImages_ctl01_thumbImg\" title=\"Environment\u00e1lne z\u00e1\u0165a\u017ee\" src=\"https:\/\/www.greenpeace.org\/static\/planet4-slovakia-stateless\/2019\/11\/333c9bf9-333c9bf9-2002_06_11_enviro-zataz_novaky_\u00a9greenpeace_rizman-1.jpg\" alt=\"Environment\u00e1lne z\u00e1\u0165a\u017ee\" style=\"border-width:0px;\"><br \/>\n                            <\/a>\n                        <\/li>\n<li>\n                            <a title=\"Akcia Nov\u00e1ky\" href=\"http:\/\/www.greenpeace.org\/slovakia\/sk\/multimedia\/fotografie\/Akcia-Novaky\/\" rel=\"Greenpeace \u017eiada, aby NCHZ Nov\u00e1ky prestali vyp\u00fa\u0161\u0165a\u0165 nebezpe\u010dn\u00e9 chemik\u00e1lie do rieky Nitra. \u010cas\u0165 priemyslu sa dlh\u00e9 roky br\u00e1nila podpori\u0165 z\u00e1kon a nechcela sa spolupodie\u013ea\u0165 na financovan\u00ed z\u00e1\u0165a\u017e\u00ed.~^Greenpeace\/Juraj Rizman~^\/slovakia\/ReSizes\/ImageGalleryLarge\/PageFiles\/356151\/2002_06_12_akcia nchz _\u00a9Greenpeace_Rizman (1).jpg~^272819\"><br \/>\n                                <img decoding=\"async\" id=\"ctl00_cphContentArea_Property3_ctl00_ctl02_ctl00_repImages_ctl02_thumbImg\" title=\"Akcia Nov\u00e1ky\" src=\"https:\/\/www.greenpeace.org\/static\/planet4-slovakia-stateless\/2019\/11\/333c9bf9-333c9bf9-2002_06_12_akcia-nchz-_\u00a9greenpeace_rizman-1.jpg\" alt=\"Akcia Nov\u00e1ky\" style=\"border-width:0px;\"><br \/>\n                            <\/a>\n                        <\/li>\n<li>\n                            <a title=\"Sudy, Dulov dvor\" href=\"http:\/\/www.greenpeace.org\/slovakia\/sk\/multimedia\/fotografie\/Sudy-Dulov-dvor\/\" rel=\"Z\u00e1\u0165a\u017e nemus\u00ed by\u0165 iba vo ve\u013ek\u00fdch chemick\u00fdch z\u00e1vodoch. Po celom Slovensku s\u00fa stovky drobn\u00fdch, ale nebezpe\u010dn\u00fdch zdrojov zne\u010distenia, ktor\u00e9 zostali napr\u00edklad z b\u00fdval\u00fdch JRD \u010di \u010derpac\u00edch stan\u00edc. \u010casto s\u00fa vo\u013ene pr\u00edstupn\u00e9 a nemonitorovan\u00e9.~^Greenpeace\/Branislav Bla\u0161\u010d\u00e1k~^\/slovakia\/ReSizes\/ImageGalleryLarge\/PageFiles\/356153\/2002_06_enviro zataz Dulov dvor_\u00a9Greenpeace_Bla\u0161\u010d\u00e1k (1).jpg~^272826\"><br \/>\n                                <img decoding=\"async\" id=\"ctl00_cphContentArea_Property3_ctl00_ctl02_ctl00_repImages_ctl03_thumbImg\" title=\"Sudy, Dulov dvor\" src=\"https:\/\/www.greenpeace.org\/static\/planet4-slovakia-stateless\/2019\/11\/1723ae07-1723ae07-2002_06_enviro-zataz-dulov-dvor_\u00a9greenpeace_bla\u0161\u010d\u00e1k-1.jpg\" alt=\"Sudy, Dulov dvor\" style=\"border-width:0px;\"><br \/>\n                            <\/a>\n                        <\/li>\n<li>\n                            <a title=\"Akcia PCB Str\u00e1\u017eske\" href=\"http:\/\/www.greenpeace.org\/slovakia\/sk\/multimedia\/fotografie\/Akcia-PCB-Straske\/\" rel=\"Na v\u00fdchode Slovenska je ve\u013ek\u00e9 zne\u010distenie polychl\u00f3rovan\u00fdmi bifenylmi, ktor\u00e9 produkoval z\u00e1vod Chemko Str\u00e1\u017eske. PCB l\u00e1tky sp\u00f4sobuj\u00fa spektrum zdravotn\u00fdch probl\u00e9mov. Odborn\u00edci zistili u det\u00ed negat\u00edvne vplyvy na sluch, po\u0161kodenie zubnej skloviny a naru\u0161enie neurobehavior\u00e1lneho v\u00fdvoja. U dospel\u00fdch ide predov\u0161etk\u00fdm o po\u0161kodenie \u0161t\u00edtnej \u017e\u013eazy, diabetes mellitus a znaky autoimunitn\u00fdch procesov.~^Greenpeace\/Juraj Rizman~^\/slovakia\/ReSizes\/ImageGalleryLarge\/PageFiles\/356169\/2002_07_24_akcia Chemko_\u00a9Greenpeace_Rizman (1).jpg~^272828\"><br \/>\n                                <img decoding=\"async\" id=\"ctl00_cphContentArea_Property3_ctl00_ctl02_ctl00_repImages_ctl04_thumbImg\" title=\"Akcia PCB Str\u00e1\u017eske\" src=\"https:\/\/www.greenpeace.org\/static\/planet4-slovakia-stateless\/2019\/11\/1723ae07-1723ae07-2002_07_24_akcia-chemko_\u00a9greenpeace_rizman-1.jpg\" alt=\"Akcia PCB Str\u00e1\u017eske\" style=\"border-width:0px;\"><br \/>\n                            <\/a>\n                        <\/li>\n<li>\n                            <a title=\"Sklad chemik\u00e1li\u00ed \u010c\u00ed\u010dov\" href=\"http:\/\/www.greenpeace.org\/slovakia\/sk\/multimedia\/fotografie\/Sklad-chemikalii-cicov\/\" rel=\"Sklady s nebezpe\u010dn\u00fdmi chemik\u00e1liami b\u00fdvaj\u00fa \u010dasto nezabezpe\u010den\u00e9. Hroz\u00ed z nich \u00fanik toxick\u00fdch l\u00e1tok do \u017eivotn\u00e9ho prostredia a ohrozenie zdravia obyvate\u013estva.~^Greenpeace\/Branislav Bla\u0161\u010d\u00e1k~^\/slovakia\/ReSizes\/ImageGalleryLarge\/PageFiles\/356171\/2002_07_25_enviro zataz \u010ci\u010dov_\u00a9Greenpeace_Bla\u0161\u010d\u00e1k (1).jpg~^272829\"><br \/>\n                                <img decoding=\"async\" id=\"ctl00_cphContentArea_Property3_ctl00_ctl02_ctl00_repImages_ctl05_thumbImg\" title=\"Sklad chemik\u00e1li\u00ed \u010c\u00ed\u010dov\" src=\"https:\/\/www.greenpeace.org\/static\/planet4-slovakia-stateless\/2019\/11\/97bcfa4f-97bcfa4f-2002_07_25_enviro-zataz-\u010ci\u010dov_\u00a9greenpeace_bla\u0161\u010d\u00e1k-1.jpg\" alt=\"Sklad chemik\u00e1li\u00ed \u010c\u00ed\u010dov\" style=\"border-width:0px;\"><br \/>\n                            <\/a>\n                        <\/li>\n<li>\n                            <a title=\"Chemko Str\u00e1\u017eske\" href=\"http:\/\/www.greenpeace.org\/slovakia\/sk\/multimedia\/fotografie\/Chemko-Strazske\/\" rel=\"Pod\u013ea v\u00fdskumu Slovenskej zdravotn\u00edckej univerzity je PCB zne\u010disten\u00edm ohrozen\u00fdch pribli\u017ene 250 000 \u013eud\u00ed. Ide tak o najv\u00e4\u010d\u0161ie zne\u010distenie PCB l\u00e1tkami na svete. Napriek almaruj\u00facej situ\u00e1cii sa probl\u00e9m nepohol k rie\u0161eniu. Jednou z prek\u00e1\u017eok bola aj neexistencia z\u00e1kona o environment\u00e1lnych z\u00e1\u0165a\u017eiach.~^~^\/slovakia\/ReSizes\/ImageGalleryLarge\/PageFiles\/356173\/2002_07_26_akcia Chemko_\u00a9Greenpeace_Rizman (2).jpg~^272874\"><br \/>\n                                <img decoding=\"async\" id=\"ctl00_cphContentArea_Property3_ctl00_ctl02_ctl00_repImages_ctl06_thumbImg\" title=\"Chemko Str\u00e1\u017eske\" src=\"https:\/\/www.greenpeace.org\/static\/planet4-slovakia-stateless\/2019\/11\/9af3ce12-9af3ce12-2002_07_26_akcia-chemko_\u00a9greenpeace_rizman-2.jpg\" alt=\"Chemko Str\u00e1\u017eske\" style=\"border-width:0px;\"><br \/>\n                            <\/a>\n                        <\/li>\n<li>\n                            <a title=\"Bielovce sklad\" href=\"http:\/\/www.greenpeace.org\/slovakia\/sk\/multimedia\/fotografie\/Bielovce-sklad\/\" rel=\"Sklady s chemik\u00e1liami, ktor\u00e9 zostali aj po skrachovan\u00fdch po\u013enohospod\u00e1rskych dru\u017estv\u00e1ch s\u00fa \u010dasto vo\u013en\u00e9 pr\u00edstupn\u00e9 v ch\u00e1traj\u00facich budov\u00e1ch.~^Greenpeace\/Juraj Rizman~^\/slovakia\/ReSizes\/ImageGalleryLarge\/PageFiles\/356226\/2004_09_Akcia Bielovce_\u00a9Greenpeace_Rizman (1).jpg~^273037\"><br \/>\n                                <img decoding=\"async\" id=\"ctl00_cphContentArea_Property3_ctl00_ctl02_ctl00_repImages_ctl07_thumbImg\" title=\"Bielovce sklad\" src=\"https:\/\/www.greenpeace.org\/static\/planet4-slovakia-stateless\/2019\/11\/9af3ce12-9af3ce12-2004_09_akcia-bielovce_\u00a9greenpeace_rizman-1.jpg\" alt=\"Bielovce sklad\" style=\"border-width:0px;\"><br \/>\n                            <\/a>\n                        <\/li>\n<li>\n                            <a title=\"Odoberanie vzoriek Bielovce\" href=\"http:\/\/www.greenpeace.org\/slovakia\/sk\/multimedia\/fotografie\/Odoberanie-vzoriek-Bielovce\/\" rel=\"V opusten\u00fdch skladoch sme objavili mno\u017estvo nebezpe\u010dn\u00fdch chemik\u00e1li\u00ed. Ve\u013ea z nich je u\u017e nieko\u013eko rokov zak\u00e1zan\u00fdch na pou\u017e\u00edvanie. V tomto konkr\u00e9tnom pr\u00edpade v\u00fdskum potvrdil, \u017ee nebezpe\u010dn\u00e9 chemik\u00e1lie prenikli do p\u00f4dy a podzemn\u00fdch v\u00f4d.~^Greenpeace\/Juraj Rizman~^\/slovakia\/ReSizes\/ImageGalleryLarge\/PageFiles\/356415\/2004_09_Akcia Bielovce_\u00a9Greenpeace_Rizman (2).jpg~^273040\"><br \/>\n                                <img decoding=\"async\" id=\"ctl00_cphContentArea_Property3_ctl00_ctl02_ctl00_repImages_ctl08_thumbImg\" title=\"Odoberanie vzoriek Bielovce\" src=\"https:\/\/www.greenpeace.org\/static\/planet4-slovakia-stateless\/2019\/11\/0e06cf4d-0e06cf4d-2004_09_akcia-bielovce_\u00a9greenpeace_rizman-2.jpg\" alt=\"Odoberanie vzoriek Bielovce\" style=\"border-width:0px;\"><br \/>\n                            <\/a>\n                        <\/li>\n<li>\n                            <a title=\"\u010cistenie Bielovce\" href=\"http:\/\/www.greenpeace.org\/slovakia\/sk\/multimedia\/fotografie\/istenie-Bielovce\/\" rel=\"Nako\u013eko \u0161t\u00e1t nedok\u00e1zal rie\u0161i\u0165 probl\u00e9m environment\u00e1lnych z\u00e1\u0165a\u017e\u00ed, zabezpe\u010dili sme toxick\u00e9 l\u00e1tky v opustenom sklade v Bielovciach.~^Greenpeace\/Juraj Rizman~^\/slovakia\/ReSizes\/ImageGalleryLarge\/PageFiles\/356421\/2004_09_Akcia Bielovce_\u00a9Greenpeace_Rizman (4).jpg~^273041\"><br \/>\n                                <img decoding=\"async\" id=\"ctl00_cphContentArea_Property3_ctl00_ctl02_ctl00_repImages_ctl09_thumbImg\" title=\"\u010cistenie Bielovce\" src=\"https:\/\/www.greenpeace.org\/static\/planet4-slovakia-stateless\/2019\/11\/f1f96526-f1f96526-2004_09_akcia-bielovce_\u00a9greenpeace_rizman-4.jpg\" alt=\"\u010cistenie Bielovce\" style=\"border-width:0px;\"><br \/>\n                            <\/a>\n                        <\/li>\n<li>\n                            <a title=\"Nevstupova\u0165\" href=\"http:\/\/www.greenpeace.org\/slovakia\/sk\/multimedia\/fotografie\/Nevstupova\/\" rel=\"Aktivista Greenpeace ozna\u010duje sklad v Bielovciach v\u00fdstra\u017enou tabu\u013eou. Miesto bolo vo\u013ene pr\u00edstupn\u00e9 bez ak\u00e9hoko\u013evek ozna\u010denia, \u017ee sa jedn\u00e1 o zdraviu nebezpe\u010dn\u00fa lokalitu.~^Greenpeace\/Juraj Rizman~^\/slovakia\/ReSizes\/ImageGalleryLarge\/PageFiles\/356423\/2004_09_Akcia Bielovce_\u00a9Greenpeace_Rizman (5).jpg~^273042\"><br \/>\n                                <img decoding=\"async\" id=\"ctl00_cphContentArea_Property3_ctl00_ctl02_ctl00_repImages_ctl10_thumbImg\" title=\"Nevstupova\u0165\" src=\"https:\/\/www.greenpeace.org\/static\/planet4-slovakia-stateless\/2019\/11\/f1f96526-f1f96526-2004_09_akcia-bielovce_\u00a9greenpeace_rizman-5.jpg\" alt=\"Nevstupova\u0165\" style=\"border-width:0px;\"><br \/>\n                            <\/a>\n                        <\/li>\n<li>\n                            <a title=\"Katerina Ventusova\" href=\"http:\/\/www.greenpeace.org\/slovakia\/sk\/multimedia\/fotografie\/Katerina-Ventusova\/\" rel=\"Koordin\u00e1torka toxickej kampane Greenpeace, Kate\u0159ina V\u011bntusov\u00e1, priniesla na Ministerstvo \u017eivotn\u00e9ho prostredia vzorky zne\u010distenej zeminy. Napriek rokom snahy a mno\u017estve rokovan\u00ed sa pr\u00edprava z\u00e1kona nepohla dopredu ani v roku 2005.~^Greenpeace\/Juraj Rizman~^\/slovakia\/ReSizes\/ImageGalleryLarge\/PageFiles\/356434\/2005_09_Mzp SR_\u00a9Greenpeace_Rizman (1).jpg~^273047\"><br \/>\n                                <img decoding=\"async\" id=\"ctl00_cphContentArea_Property3_ctl00_ctl02_ctl00_repImages_ctl11_thumbImg\" title=\"Katerina Ventusova\" src=\"https:\/\/www.greenpeace.org\/static\/planet4-slovakia-stateless\/2019\/11\/a4865c60-a4865c60-2005_09_mzp-sr_\u00a9greenpeace_rizman-1.jpg\" alt=\"Katerina Ventusova\" style=\"border-width:0px;\"><br \/>\n                            <\/a>\n                        <\/li>\n<li>\n                            <a title=\"Z\u00e1\u0165a\u017ee Hontianske Tes\u00e1re\" href=\"http:\/\/www.greenpeace.org\/slovakia\/sk\/multimedia\/fotografie\/Zaae-Hontianske-Tesare\/\" rel=\"Greenpeace zabezpe\u010dil spolu tri sklady chemik\u00e1li\u00ed, ktor\u00e9 ohrozovali \u017eivotn\u00e9 prostredie a zdravie \u013eud\u00ed.~^Greenpeace\/Juraj Rizman~^\/slovakia\/ReSizes\/ImageGalleryLarge\/PageFiles\/356440\/2005_10_hontianske tesare_\u00a9rizman (82).jpg~^273056\"><br \/>\n                                <img decoding=\"async\" id=\"ctl00_cphContentArea_Property3_ctl00_ctl02_ctl00_repImages_ctl12_thumbImg\" title=\"Z\u00e1\u0165a\u017ee Hontianske Tes\u00e1re\" src=\"https:\/\/www.greenpeace.org\/static\/planet4-slovakia-stateless\/2019\/11\/a4865c60-a4865c60-2005_10_hontianske-tesare_\u00a9rizman-82.jpg\" alt=\"Z\u00e1\u0165a\u017ee Hontianske Tes\u00e1re\" style=\"border-width:0px;\"><br \/>\n                            <\/a>\n                        <\/li>\n<li>\n                            <a title=\"Cisterna K\u013e\u00fa\u010dov\u00e9\" href=\"http:\/\/www.greenpeace.org\/slovakia\/sk\/multimedia\/fotografie\/Cisterna-Kuove\/\" rel=\"Z\u00e1\u0165a\u017ee m\u00f4\u017eu by\u0165 r\u00f4zne, pri prieskume r\u00f4znych lokal\u00edt sme objavili potenci\u00e1lne z\u00e1\u0165a\u017ee r\u00f4znych druhov a ve\u013ekost\u00ed.~^Greenpeace\/Branislav Bla\u0161\u010d\u00e1k~^\/slovakia\/ReSizes\/ImageGalleryLarge\/PageFiles\/356463\/2006_enviro zataz_K\u013e\u00fa\u010dov\u00e9_\u00a9Greenpeace_Bla\u0161\u010d\u00e1k (1).jpg~^273057\"><br \/>\n                                <img decoding=\"async\" id=\"ctl00_cphContentArea_Property3_ctl00_ctl02_ctl00_repImages_ctl13_thumbImg\" title=\"Cisterna K\u013e\u00fa\u010dov\u00e9\" src=\"https:\/\/www.greenpeace.org\/static\/planet4-slovakia-stateless\/2019\/11\/32004dee-32004dee-2006_enviro-zataz_k\u013e\u00fa\u010dov\u00e9_\u00a9greenpeace_bla\u0161\u010d\u00e1k-1.jpg\" alt=\"Cisterna K\u013e\u00fa\u010dov\u00e9\" style=\"border-width:0px;\"><br \/>\n                            <\/a>\n                        <\/li>\n<li>\n                            <a title=\"Odkalisko Po\u0161a\" href=\"http:\/\/www.greenpeace.org\/slovakia\/sk\/multimedia\/fotografie\/Odkalisko-Poa\/\" rel=\"Odkalisko v Po\u0161i vyzer\u00e1 na prv\u00fd poh\u013ead ako priehrada. Napriek tomu, \u017ee je k nemu vo\u013en\u00fd pr\u00edstup nach\u00e1dza sa v \u0148om nieko\u013eko druhov nebezpe\u010dn\u00fdch l\u00e1tok. Pre obce bolo ve\u013emi problematick\u00e9 ur\u010di\u0165 zodpovedn\u00fa osobu, ktor\u00e1 m\u00e1 z\u00e1\u0165a\u017e odstr\u00e1ni\u0165. Z\u00e1kon o environemnt\u00e1nych z\u00e1\u0165a\u017eiach rie\u0161i aj tieto situ\u00e1cie.~^Greenpeace\/Branislav Bla\u0161\u010d\u00e1k~^\/slovakia\/ReSizes\/ImageGalleryLarge\/PageFiles\/356465\/2006_enviro zataz_Po\u0161a_\u00a9Greenpeace_Bla\u0161\u010d\u00e1k (1).jpg~^273058\"><br \/>\n                                <img decoding=\"async\" id=\"ctl00_cphContentArea_Property3_ctl00_ctl02_ctl00_repImages_ctl14_thumbImg\" title=\"Odkalisko Po\u0161a\" src=\"http:\/\/www.greenpeace.org\/slovakia\/ReSizes\/ImageGalleryTiny\/PageFiles\/356465\/2006_enviro%20zataz_Po%c5%a1a_%c2%a9Greenpeace_Bla%c5%a1%c4%8d%c3%a1k%20(1).jpg\" alt=\"Odkalisko Po\u0161a\" style=\"border-width:0px;\"><br \/>\n                            <\/a>\n                        <\/li>\n<li>\n                            <a title=\"Tekovsk\u00e9 Lu\u017eany\" href=\"http:\/\/www.greenpeace.org\/slovakia\/sk\/multimedia\/fotografie\/Tekovske-Luzany\/\" rel=\"Na rie\u0161enie environemnt\u00e1lnych z\u00e1\u0165a\u017e\u00ed sa \u010dak\u00e1 u\u017e od revol\u00facie v roku 1989. \u010c\u00edm dlh\u0161ie sa tento probl\u00e9m nerie\u0161i, t\u00fdm bude dekontamin\u00e1cia technicky aj finan\u010dne n\u00e1ro\u010dnej\u0161ia.~^Greenpeace\/Juraj Rizman~^\/slovakia\/ReSizes\/ImageGalleryLarge\/PageFiles\/356468\/2006_enviro zataz_Tekovske Luzany_\u00a9Greenpeace_Rizman (1).jpg~^273060\"><br \/>\n                                <img decoding=\"async\" id=\"ctl00_cphContentArea_Property3_ctl00_ctl02_ctl00_repImages_ctl15_thumbImg\" title=\"Tekovsk\u00e9 Lu\u017eany\" src=\"http:\/\/www.greenpeace.org\/slovakia\/ReSizes\/ImageGalleryTiny\/PageFiles\/356468\/2006_enviro%20zataz_Tekovske%20Luzany_%c2%a9Greenpeace_Rizman%20(1).jpg\" alt=\"Tekovsk\u00e9 Lu\u017eany\" style=\"border-width:0px;\"><br \/>\n                            <\/a>\n                        <\/li>\n<li>\n                            <a title=\"Gudr\u00f3ny\" href=\"http:\/\/www.greenpeace.org\/slovakia\/sk\/multimedia\/fotografie\/Gudrony\/\" rel=\"Odpadov\u00e9 l\u00e1tky z petrochemickej v\u00fdroby s\u00fa u\u017e desa\u0165ro\u010dia uskladnen\u00e9 v kame\u0148olome Srdce v bratislavskej Dev\u00ednskej Novej Vsi. Environemnt\u00e1lne z\u00e1\u0165a\u017ee sa nech\u00e1dzaj\u00fa po celom slovensku, bez oh\u013eadu na to, \u010di ide o mest\u00e1, obce, \u010di vo\u013en\u00fa krajinu.~^Greenpeace\/Lucia Szabov\u00e1~^\/slovakia\/ReSizes\/ImageGalleryLarge\/PageFiles\/356474\/2011 gudrony DNV_szabova (55).jpg~^273062\"><br \/>\n                                <img decoding=\"async\" id=\"ctl00_cphContentArea_Property3_ctl00_ctl02_ctl00_repImages_ctl16_thumbImg\" title=\"Gudr\u00f3ny\" src=\"http:\/\/www.greenpeace.org\/slovakia\/ReSizes\/ImageGalleryTiny\/PageFiles\/356474\/2011%20gudrony%20DNV_szabova%20(55).jpg\" alt=\"Gudr\u00f3ny\" style=\"border-width:0px;\"><br \/>\n                            <\/a>\n                        <\/li>\n<li>\n                            <a title=\"Sudy na M\u017dP\" href=\"http:\/\/www.greenpeace.org\/slovakia\/sk\/multimedia\/fotografie\/Sudy-na-MZP\/\" rel=\"Po mno\u017estve rokovan\u00ed a pracovn\u00fdch skup\u00edn po\u017eadoval Greenpeace, aby sa kone\u010dne za\u010dala rie\u0161i\u0165 situ\u00e1cia zne\u010distenia toxick\u00fdmi l\u00e1tkami. Aktivisti doniesli na Ministerstvo \u017eivotn\u00e9ho prostredia sudy s kontaminovanou zeminou PCB l\u00e1tkami z v\u00fdchodn\u00e9ho Slovenska.~^Greenpeace\/Branislav Bla\u0161\u010d\u00e1k~^\/slovakia\/ReSizes\/ImageGalleryLarge\/PageFiles\/356472\/2009_akcia MZP SR_\u00a9Greenpeace_Bla\u0161\u010d\u00e1k (1).jpg~^273061\"><br \/>\n                                <img decoding=\"async\" id=\"ctl00_cphContentArea_Property3_ctl00_ctl02_ctl00_repImages_ctl17_thumbImg\" title=\"Sudy na M\u017dP\" src=\"http:\/\/www.greenpeace.org\/slovakia\/ReSizes\/ImageGalleryTiny\/PageFiles\/356472\/2009_akcia%20MZP%20SR_%c2%a9Greenpeace_Bla%c5%a1%c4%8d%c3%a1k%20(1).jpg\" alt=\"Sudy na M\u017dP\" style=\"border-width:0px;\"><br \/>\n                            <\/a>\n                        <\/li>\n<li>\n                            <a title=\"Odkalisko v \u017diari nad Hronom\" href=\"http:\/\/www.greenpeace.org\/slovakia\/sk\/multimedia\/fotografie\/Odkalisko-v-Ziari-nad-Hronom\/\" rel=\"Z\u00e1vody SNP v \u017diari nad Hronom prist\u00fapili k rekultiv\u00e1cii kalov\u00e9ho po\u013ea. Je to jeden z m\u00e1la pr\u00edkladov, kedy s\u00fakromn\u00fd vlastn\u00edk pristupuje iniciat\u00edvne a z vlastn\u00fdch zdrojov zabezpe\u010duje environemnt\u00e1lnu z\u00e1\u0165a\u017e aj bez don\u00fatenia \u0161t\u00e1tom.~^Greenpeace\/Juraj Rizman~^\/slovakia\/ReSizes\/ImageGalleryLarge\/PageFiles\/356588\/2009_enviro zataz_odkalisko ZSNP_\u00a9Greenpeace_Juraj Rizman (1).jpg~^273114\"><br \/>\n                                <img decoding=\"async\" id=\"ctl00_cphContentArea_Property3_ctl00_ctl02_ctl00_repImages_ctl18_thumbImg\" title=\"Odkalisko v \u017diari nad Hronom\" src=\"http:\/\/www.greenpeace.org\/slovakia\/ReSizes\/ImageGalleryTiny\/PageFiles\/356588\/2009_enviro%20zataz_odkalisko%20ZSNP_%c2%a9Greenpeace_Juraj%20Rizman%20(1).jpg\" alt=\"Odkalisko v \u017diari nad Hronom\" style=\"border-width:0px;\"><br \/>\n                            <\/a>\n                        <\/li>\n<li>\n                            <a title=\"Odber vzoriek\" href=\"http:\/\/www.greenpeace.org\/slovakia\/sk\/multimedia\/fotografie\/Odber-vzoriek\/\" rel=\"Greenpeace zmonitoroval mno\u017estvo lokal\u00edt. V\u00fdhrou prijatia z\u00e1kona o environemnt\u00e1lnych z\u00e1\u0165a\u017eiach bude, ke\u010f \u017eivotn\u00e9 prostredie okolo n\u00e1s nebude kontaminovan\u00e9 nebezpe\u010dn\u00fdmi chemick\u00fdmi l\u00e1tkami a ohrozova\u0165 na\u0161e zdravie.~^Greenpeace\/Juraj Rizman~^\/slovakia\/ReSizes\/ImageGalleryLarge\/PageFiles\/356593\/2010_enviro zataz_Nizna Slana_odber vzoriek_\u00a9Greenpeace_Rizman (1).jpg~^273118\"><br \/>\n                                <img decoding=\"async\" id=\"ctl00_cphContentArea_Property3_ctl00_ctl02_ctl00_repImages_ctl19_thumbImg\" title=\"Odber vzoriek\" src=\"http:\/\/www.greenpeace.org\/slovakia\/ReSizes\/ImageGalleryTiny\/PageFiles\/356593\/2010_enviro%20zataz_Nizna%20Slana_odber%20vzoriek_%c2%a9Greenpeace_Rizman%20(1).jpg\" alt=\"Odber vzoriek\" style=\"border-width:0px;\"><br \/>\n                            <\/a>\n                        <\/li>\n<\/ul>\n<\/div>\n<div class=\"navi\">\n<div class=\"link-wrap\">\n\t\t        <a href=\"javascript:void(0);\" class=\"link-prev gal-pre\" title=\"Predch\u00e1dzaj\u00face\"><span class=\"prev\">Predch\u00e1dzaj\u00face<\/span><\/a><br \/>\n\t\t        <a href=\"javascript:void(0);\" class=\"link-next gal-next\" title=\"\u010eal\u0161ie\"><span class=\"next\">\u010eal\u0161ie<\/span><\/a>\n\t        <\/div>\n<div class=\"play-holder\">\n\t\t        <span class=\"number-img\"><em><span class=\"galindex\">1<\/span>\/20<\/em><\/span><br \/>\n\t\t        <a href=\"javascript:void(0);\" class=\"link-play\" title=\"Prehra\u0165\">Prehra\u0165<\/a>\n\t        <\/div>\n<\/p>\n<\/div>\n<\/div>\n<\/div>\n<div class=\"text\">\n<p class=\"description\">Schv\u00e1lenie z\u00e1konu o environment\u00e1lnych z\u00e1\u0165a\u017eiach je prv\u00fdm krokom k vy\u010disteniu Slovenska od toxick\u00fdch l\u00e1tok. Odhaduje sa, \u017ee problematika environment\u00e1lnych z\u00e1\u0165a\u017e\u00ed sa na Slovensku t\u00fdka pribli\u017ene 30 000 lokal\u00edt. Vy\u0161e 1800 lokal\u00edt predstavuje pod\u013ea zisten\u00ed \u0161t\u00e1tnych org\u00e1nov z\u00e1va\u017en\u00e9 nebezpe\u010denstvo pre \u013eudsk\u00e9 zdravie a \u017eivotn\u00e9 prostredie.<\/p>\n<p class=\"copyright\">\n<\/div>\n<\/div>\n<p> <!-- END DYNAMIC CONTENT -->\n<\/div><\/p>\n","protected":false},"excerpt":{"rendered":"<div>\n\tSchv\u00e1lenie z\u00e1kona o environment\u00e1lnych z\u00e1\u0165a\u017eiach v NR SR je pod\u013ea Greenpeace d\u00f4le\u017eit\u00fdm v\u00ed\u0165azstvom pre ob\u010danov aj \u017eivotn\u00e9 prostredie.\n<\/div>\n","protected":false},"author":30,"featured_media":815,"comment_status":"open","ping_status":"open","sticky":false,"template":"","format":"standard","meta":{"ep_exclude_from_search":false,"p4_og_title":"","p4_og_description":"","p4_og_image":"","p4_og_image_id":"","p4_seo_canonical_url":"","p4_campaign_name":"","p4_local_project":"","p4_basket_name":"","p4_department":"","footnotes":""},"categories":[3],"tags":[22],"p4-page-type":[14],"class_list":["post-807","post","type-post","status-publish","format-standard","has-post-thumbnail","hentry","category-zmen","tag-toxickelatky","p4-page-type-tlacova-sprava"],"_links":{"self":[{"href":"https:\/\/www.greenpeace.org\/slovakia\/wp-json\/wp\/v2\/posts\/807","targetHints":{"allow":["GET"]}}],"collection":[{"href":"https:\/\/www.greenpeace.org\/slovakia\/wp-json\/wp\/v2\/posts"}],"about":[{"href":"https:\/\/www.greenpeace.org\/slovakia\/wp-json\/wp\/v2\/types\/post"}],"author":[{"embeddable":true,"href":"https:\/\/www.greenpeace.org\/slovakia\/wp-json\/wp\/v2\/users\/30"}],"replies":[{"embeddable":true,"href":"https:\/\/www.greenpeace.org\/slovakia\/wp-json\/wp\/v2\/comments?post=807"}],"version-history":[{"count":1,"href":"https:\/\/www.greenpeace.org\/slovakia\/wp-json\/wp\/v2\/posts\/807\/revisions"}],"predecessor-version":[{"id":830,"href":"https:\/\/www.greenpeace.org\/slovakia\/wp-json\/wp\/v2\/posts\/807\/revisions\/830"}],"wp:featuredmedia":[{"embeddable":true,"href":"https:\/\/www.greenpeace.org\/slovakia\/wp-json\/wp\/v2\/media\/815"}],"wp:attachment":[{"href":"https:\/\/www.greenpeace.org\/slovakia\/wp-json\/wp\/v2\/media?parent=807"}],"wp:term":[{"taxonomy":"category","embeddable":true,"href":"https:\/\/www.greenpeace.org\/slovakia\/wp-json\/wp\/v2\/categories?post=807"},{"taxonomy":"post_tag","embeddable":true,"href":"https:\/\/www.greenpeace.org\/slovakia\/wp-json\/wp\/v2\/tags?post=807"},{"taxonomy":"p4-page-type","embeddable":true,"href":"https:\/\/www.greenpeace.org\/slovakia\/wp-json\/wp\/v2\/p4-page-type?post=807"}],"curies":[{"name":"wp","href":"https:\/\/api.w.org\/{rel}","templated":true}]}}