{"id":9658,"date":"2024-10-15T15:30:43","date_gmt":"2024-10-15T13:30:43","guid":{"rendered":"https:\/\/www.greenpeace.org\/slovakia\/?p=9658"},"modified":"2024-10-15T20:22:43","modified_gmt":"2024-10-15T18:22:43","slug":"ideu-rusenia-ic-vlakov-na-trati-bratislava-kosice-povazuje-greenpeace-za-absurditu","status":"publish","type":"post","link":"https:\/\/www.greenpeace.org\/slovakia\/tlacova-sprava\/9658\/ideu-rusenia-ic-vlakov-na-trati-bratislava-kosice-povazuje-greenpeace-za-absurditu\/","title":{"rendered":"Ideu ru\u0161enia IC vlakov na trati Bratislava &#8211; Ko\u0161ice\u00a0 pova\u017euje Greenpeace za absurditu"},"content":{"rendered":"\n<p>Zru\u0161enie najr\u00fdchlej\u0161\u00edch vlakov a namiesto nich dotovanie zne\u010dis\u0165uj\u00facej leteckej dopravy medzi Ko\u0161icami a Bratislavou v kontexte eskaluj\u00facej klimatickej kr\u00edzy pova\u017eujeme za \u00fapln\u00fa absurditu. Vlaky s\u00fa najekologickej\u0161\u00edm sp\u00f4sobom dopravy. Aby ich ako sp\u00f4sob dopravy vyu\u017e\u00edvalo viac \u013eud\u00ed, musia by\u0165 lacn\u00e9, dostupn\u00e9, pohodln\u00e9, a z\u00e1rove\u0148 musia jazdi\u0165 \u010dasto a bez me\u0161kania. Do vlakovej dopravy potrebujeme investova\u0165, nie ru\u0161i\u0165 najr\u00fdchlej\u0161ie vlaky. Minister dopravy namiesto toho, aby h\u013eadal zdroje, ako zlep\u0161i\u0165 fungovanie \u017eelezn\u00edc, pl\u00e1nuje navy\u0161e obnovi\u0165 leteck\u00e9 spojenie medzi Bratislavou a Ko\u0161icami a e\u0161te ho aj dotova\u0165 zo \u0161t\u00e1tnych pe\u0148az\u00ed. \u013dudia, ktor\u00ed maj\u00fa peniaze na letenku z Ko\u0161\u00edc do Bratislavy, nepotrebuj\u00fa, aby sa na ich zne\u010dis\u0165uj\u00faci \u017eivotn\u00fd \u0161t\u00fdl skladalo cel\u00e9 Slovensko.&nbsp;<\/p>\n\n<p><a href=\"https:\/\/greenpeace.at\/uploads\/2023\/05\/report-climate-and-public-transport-tickets-in-europe.pdf\">Anal\u00fdza Greenpeace<\/a> ukazuje, \u017ee Slovensko je na chvoste v oblasti verejnej dopravy. Keby sa \u010do i len 5 % j\u00e1zd autom presunulo do verejnej dopravy, E\u00da by u\u0161etrila 25 mili\u00f3nov ton CO2. Verejn\u00e1 doprava mus\u00ed by\u0165 dostupn\u00e1 pre v\u0161etk\u00fdch, len tak m\u00f4\u017eu \u013eudia presadn\u00fa\u0165 z \u00e1ut na ekologickej\u0161ie formy mobility, a tak prispie\u0165 k rie\u0161eniu klimatickej kr\u00edzy.&nbsp;<\/p>\n\n<p>Greenpeace Slovensko vyz\u00fdva \u017delezni\u010dn\u00fa spolo\u010dnos\u0165 Slovensko, aby nezhor\u0161ovala u\u017e tak slab\u00fa mobilitu ob\u010danov Slovenska ru\u0161en\u00edm najr\u00fdchlej\u0161\u00edch vlakov z Bratislavy do Ko\u0161\u00edc. Z\u00e1rove\u0148 vyz\u00fdvame slovensk\u00fa vl\u00e1du k zv\u00fd\u0161eniu da\u0148ovej z\u00e1\u0165a\u017ee pre zne\u010dis\u0165uj\u00face sp\u00f4soby dopravy, ako s\u00fa lety, zn\u00ed\u017eenie da\u0148ovej z\u00e1\u0165a\u017ee pre ekologick\u00fa dopravu, akou s\u00fa vlaky, a zavedenie klimatick\u00fdch l\u00edstkov, \u010do s\u00fa cenovo dostupn\u00e9, dlhodob\u00e9 l\u00edstky na verejn\u00fa dopravu, ktor\u00e9 s\u00fa platn\u00e9 vo v\u0161etk\u00fdch prostriedkoch verejnej dopravy v danej krajine \u010di regi\u00f3ne.<\/p>\n","protected":false},"excerpt":{"rendered":"<p>Zru\u0161enie najr\u00fdchlej\u0161\u00edch vlakov a namiesto nich dotovanie zne\u010dis\u0165uj\u00facej leteckej dopravy medzi Ko\u0161icami a Bratislavou v kontexte eskaluj\u00facej klimatickej kr\u00edzy pova\u017eujeme za \u00fapln\u00fa absurditu. Vlaky s\u00fa najekologickej\u0161\u00edm sp\u00f4sobom dopravy. Aby ich&hellip;<\/p>\n","protected":false},"author":59,"featured_media":9659,"comment_status":"open","ping_status":"open","sticky":false,"template":"","format":"standard","meta":{"ep_exclude_from_search":false,"p4_og_title":"Ideu ru\u0161enia IC vlakov na trati Bratislava - Ko\u0161ice pova\u017euje Greenpeace za absurditu","p4_og_description":"Zru\u0161enie najr\u00fdchlej\u0161\u00edch vlakov a namiesto nich dotovanie zne\u010dis\u0165uj\u00facej leteckej dopravy medzi Ko\u0161icami a Bratislavou v kontexte eskaluj\u00facej klimatickej kr\u00edzy pova\u017eujeme za \u00fapln\u00fa absurditu.","p4_og_image":"https:\/\/www.greenpeace.org\/static\/planet4-slovakia-stateless\/2024\/10\/6d3ca14e-gp0stu09u_low-res-800px.jpg","p4_og_image_id":"9659","p4_seo_canonical_url":"","p4_campaign_name":"","p4_local_project":"","p4_basket_name":"Climate &amp; Energy","p4_department":"","footnotes":""},"categories":[3],"tags":[27],"p4-page-type":[14],"class_list":["post-9658","post","type-post","status-publish","format-standard","has-post-thumbnail","hentry","category-zmen","tag-doprava","p4-page-type-tlacova-sprava"],"_links":{"self":[{"href":"https:\/\/www.greenpeace.org\/slovakia\/wp-json\/wp\/v2\/posts\/9658","targetHints":{"allow":["GET"]}}],"collection":[{"href":"https:\/\/www.greenpeace.org\/slovakia\/wp-json\/wp\/v2\/posts"}],"about":[{"href":"https:\/\/www.greenpeace.org\/slovakia\/wp-json\/wp\/v2\/types\/post"}],"author":[{"embeddable":true,"href":"https:\/\/www.greenpeace.org\/slovakia\/wp-json\/wp\/v2\/users\/59"}],"replies":[{"embeddable":true,"href":"https:\/\/www.greenpeace.org\/slovakia\/wp-json\/wp\/v2\/comments?post=9658"}],"version-history":[{"count":1,"href":"https:\/\/www.greenpeace.org\/slovakia\/wp-json\/wp\/v2\/posts\/9658\/revisions"}],"predecessor-version":[{"id":9660,"href":"https:\/\/www.greenpeace.org\/slovakia\/wp-json\/wp\/v2\/posts\/9658\/revisions\/9660"}],"wp:featuredmedia":[{"embeddable":true,"href":"https:\/\/www.greenpeace.org\/slovakia\/wp-json\/wp\/v2\/media\/9659"}],"wp:attachment":[{"href":"https:\/\/www.greenpeace.org\/slovakia\/wp-json\/wp\/v2\/media?parent=9658"}],"wp:term":[{"taxonomy":"category","embeddable":true,"href":"https:\/\/www.greenpeace.org\/slovakia\/wp-json\/wp\/v2\/categories?post=9658"},{"taxonomy":"post_tag","embeddable":true,"href":"https:\/\/www.greenpeace.org\/slovakia\/wp-json\/wp\/v2\/tags?post=9658"},{"taxonomy":"p4-page-type","embeddable":true,"href":"https:\/\/www.greenpeace.org\/slovakia\/wp-json\/wp\/v2\/p4-page-type?post=9658"}],"curies":[{"name":"wp","href":"https:\/\/api.w.org\/{rel}","templated":true}]}}