{"id":9662,"date":"2024-11-04T13:46:49","date_gmt":"2024-11-04T12:46:49","guid":{"rendered":"https:\/\/www.greenpeace.org\/slovakia\/?p=9662"},"modified":"2024-11-04T13:46:55","modified_gmt":"2024-11-04T12:46:55","slug":"peticiu-za-odstupenie-vedenia-rezortu-zivotneho-prostredia-podpisalo-uz-25-tisic-ludi","status":"publish","type":"post","link":"https:\/\/www.greenpeace.org\/slovakia\/tlacova-sprava\/9662\/peticiu-za-odstupenie-vedenia-rezortu-zivotneho-prostredia-podpisalo-uz-25-tisic-ludi\/","title":{"rendered":"Pet\u00edciu za odst\u00fapenie vedenia rezortu \u017eivotn\u00e9ho prostredia podp\u00edsalo u\u017e 25-tis\u00edc \u013eud\u00ed."},"content":{"rendered":"\n<p><strong>Odchod ministra \u017eivotn\u00e9ho prostredia Tom\u00e1\u0161a Tarabu a jeho tajomn\u00edkov u\u017e \u017eiada viac ako 25-tis\u00edc \u013eud\u00ed. D\u00f4vodom s\u00fa syst\u00e9mov\u00e9 zlyhania vedenia rezortu, ni\u010denie odborn\u00fdch kapac\u00edt a likvid\u00e1cia \u0161tandardov ochrany pr\u00edrody. D\u00f4vody na podporu pet\u00edcie \u201cZa na\u0161u pr\u00edrodu\u201d pod\u013ea ochran\u00e1rov prib\u00fadaj\u00fa ka\u017ed\u00fd de\u0148.<\/strong><\/p>\n\n<p>\u0160kodliv\u00e9 zmeny z\u00e1konov, oslabovanie in\u0161tit\u00facii v kompetencii ministerstva \u017eivotn\u00e9ho prostredia, odvol\u00e1vanie odborn\u00edkov, ohrozovanie financi\u00ed z Eur\u00f3pskej \u00fanie, podpora kontroverzn\u00fdch projektov \u010di agres\u00edvna komunik\u00e1cia &#8211; to s\u00fa d\u00f4vody, ktor\u00fdmi v pet\u00edcii argumentuje dvadsa\u0165 environment\u00e1lnych organiz\u00e1ci\u00ed a viacero vedcov. <a href=\"https:\/\/www.zanasuprirodu.sk\/\">Okrem in\u00e9ho <\/a>\u017eiadaj\u00fa okam\u017eit\u00e9 odst\u00fapenie \u0161\u00e9fa rezortu \u017eivotn\u00e9ho prostredia Tom\u00e1\u0161 Tarabu, \u0161t\u00e1tnych tajomn\u00edkov Filipa&nbsp; a \u0160tefana Kuffovcov aj \u0161t\u00e1tnej tajomn\u00ed\u010dky Gabriely Mate\u010dnej.&nbsp;&nbsp;<\/p>\n\n<p>Pod\u013ea hovorkyne organiz\u00e1cie Greenpeace Slovensko Miroslavy \u00c1belovej sa minister \u017eivotn\u00e9ho prostredia Taraba s\u00edce na soci\u00e1lnych sie\u0165ach \u010di v m\u00e9di\u00e1ch sna\u017e\u00ed svoju pr\u00e1cu v rezorte prezentova\u0165 v pozit\u00edvnom svetle, no jeho aktivity s\u00fa v skuto\u010dnosti prav\u00fdm opakom. \u201cZa rok vo funkcii rezort pod jeho veden\u00edm predlo\u017eil mno\u017estvo legislat\u00edvnych zmien, ktor\u00e9 po\u0161kodzuj\u00fa \u017eivotn\u00e9 prostredie a obch\u00e1dzaj\u00fa \u0161tandardn\u00fd proces bez konzult\u00e1cie s odborn\u00edkmi. Ministerstvo dlhodobo nedok\u00e1\u017ee plni\u0165 m\u00ed\u013eniky Pl\u00e1nu obnovy, \u010do ohrozuje financie z E\u00da a vedie k netransparentn\u00e9mu financovaniu projektov. Minister a jeho t\u00edm navy\u0161e podporuj\u00fa \u0161kodliv\u00e9 projekty, ak\u00fdmi s\u00fa spa\u013eovne \u010di vodn\u00e9 diela, ktor\u00e9 predstavuj\u00fa hrozbu pre \u017eivotn\u00e9 prostredie. \u010cere\u0161ni\u010dkou na torte je slovn\u00e9 nap\u00e1danie ochran\u00e1rov, novin\u00e1rok \u010di odborn\u00edkov, ke\u010f pouk\u00e1\u017eu na ich \u0161kodliv\u00e9 kroky,\u201d dodala.&nbsp;<\/p>\n\n<p>Ondrej Kameniar z iniciat\u00edvy My sme les upozor\u0148uje, \u017ee ministerstvo \u017ealostne zlyh\u00e1va aj v t\u00e9me ochrany lesov. \u201cVyjadrenia a konkr\u00e9tne kroky z\u00e1stupcov ministerstva sved\u010dia o v\u00e1\u017enom nepochopen\u00ed d\u00f4le\u017eitosti ochrany lesov pred \u0165a\u017ebou. Ministerstvo sk\u00f4r rob\u00ed kroky smerom k u\u013eah\u010deniu r\u00fabania, a to dokonca aj v chr\u00e1nen\u00fdch \u00fazemiach. Cel\u00e1 Eur\u00f3pa ide smerom k v\u00fdrazn\u00e9mu roz\u0161irovaniu chr\u00e1nen\u00fdch \u00fazem\u00ed a obnove pr\u00edrody, iba u n\u00e1s ideme presne naopak &#8211; smerom k zni\u017eovaniu ochrany a ni\u010deniu aj toho, \u010do sa podarilo zachr\u00e1ni\u0165 a\u017e doteraz. To je v \u010dase zr\u00fdch\u013euj\u00facej sa klimatickej kr\u00edzy a kr\u00edzy biodiverzity neodpustite\u013en\u00fd hazard s bud\u00facnos\u0165ou krajiny,\u201d tvrd\u00ed. Iniciat\u00edva rovnako kritizuje aj pr\u00edstup ministerstva k mana\u017ementu medve\u010fov &#8211; namiesto funk\u010dn\u00fdch prevent\u00edvnych opatren\u00ed presadzuje strie\u013eanie medve\u010fov ako jedin\u00e9 opatrenie. T\u00fdm v\u0161ak poru\u0161uje eur\u00f3psku legislat\u00edvu a nerie\u0161i probl\u00e9my.&nbsp;&nbsp;&nbsp;<\/p>\n\n<p>Aj s\u00fa\u010dasn\u00e9 politick\u00e9 roztr\u017eky medzi Tom\u00e1\u0161om Tarabom a Rudolfom Huliakom ukazuj\u00fa pod\u013ea Lucie Szabovej z Klimatickej koal\u00edcie&nbsp; nelichotiv\u00fd obraz. \u201cK\u00fdm e\u0161te ned\u00e1vno spolupracovali na mnoh\u00fdch probl\u00e9mov\u00fdch n\u00e1vrhoch, dnes sa navz\u00e1jom obvi\u0148uj\u00fa z nekompetentnosti. S\u00fahlas\u00edme. My \u017eiadame, aby odst\u00fapili v\u0161etci. K\u00fdm oni rie\u0161ia, kam si dosadili ktor\u00e9ho nominata a \u010fal\u0161ie politick\u00e9 spory, na\u0161a pr\u00edroda trp\u00ed a opatrenia na ochranu pred klimatickou zmenou stoja,\u201d uzavrela.<\/p>\n","protected":false},"excerpt":{"rendered":"<p>Odchod ministra \u017eivotn\u00e9ho prostredia Tom\u00e1\u0161a Tarabu a jeho tajomn\u00edkov u\u017e \u017eiada viac ako 25-tis\u00edc \u013eud\u00ed. D\u00f4vodom s\u00fa syst\u00e9mov\u00e9 zlyhania vedenia rezortu, ni\u010denie odborn\u00fdch kapac\u00edt a likvid\u00e1cia \u0161tandardov ochrany pr\u00edrody. D\u00f4vody&hellip;<\/p>\n","protected":false},"author":59,"featured_media":9663,"comment_status":"open","ping_status":"open","sticky":false,"template":"","format":"standard","meta":{"ep_exclude_from_search":false,"p4_og_title":"","p4_og_description":"","p4_og_image":"https:\/\/www.greenpeace.org\/static\/planet4-slovakia-stateless\/2024\/11\/a659266a-og-image.png","p4_og_image_id":"9663","p4_seo_canonical_url":"","p4_campaign_name":"","p4_local_project":"","p4_basket_name":"Climate &amp; Energy","p4_department":"","footnotes":""},"categories":[21,3],"tags":[6,8],"p4-page-type":[14],"class_list":["post-9662","post","type-post","status-publish","format-standard","has-post-thumbnail","hentry","category-greenpeace","category-zmen","tag-klimatickakriza","tag-lesy","p4-page-type-tlacova-sprava"],"_links":{"self":[{"href":"https:\/\/www.greenpeace.org\/slovakia\/wp-json\/wp\/v2\/posts\/9662","targetHints":{"allow":["GET"]}}],"collection":[{"href":"https:\/\/www.greenpeace.org\/slovakia\/wp-json\/wp\/v2\/posts"}],"about":[{"href":"https:\/\/www.greenpeace.org\/slovakia\/wp-json\/wp\/v2\/types\/post"}],"author":[{"embeddable":true,"href":"https:\/\/www.greenpeace.org\/slovakia\/wp-json\/wp\/v2\/users\/59"}],"replies":[{"embeddable":true,"href":"https:\/\/www.greenpeace.org\/slovakia\/wp-json\/wp\/v2\/comments?post=9662"}],"version-history":[{"count":1,"href":"https:\/\/www.greenpeace.org\/slovakia\/wp-json\/wp\/v2\/posts\/9662\/revisions"}],"predecessor-version":[{"id":9664,"href":"https:\/\/www.greenpeace.org\/slovakia\/wp-json\/wp\/v2\/posts\/9662\/revisions\/9664"}],"wp:featuredmedia":[{"embeddable":true,"href":"https:\/\/www.greenpeace.org\/slovakia\/wp-json\/wp\/v2\/media\/9663"}],"wp:attachment":[{"href":"https:\/\/www.greenpeace.org\/slovakia\/wp-json\/wp\/v2\/media?parent=9662"}],"wp:term":[{"taxonomy":"category","embeddable":true,"href":"https:\/\/www.greenpeace.org\/slovakia\/wp-json\/wp\/v2\/categories?post=9662"},{"taxonomy":"post_tag","embeddable":true,"href":"https:\/\/www.greenpeace.org\/slovakia\/wp-json\/wp\/v2\/tags?post=9662"},{"taxonomy":"p4-page-type","embeddable":true,"href":"https:\/\/www.greenpeace.org\/slovakia\/wp-json\/wp\/v2\/p4-page-type?post=9662"}],"curies":[{"name":"wp","href":"https:\/\/api.w.org\/{rel}","templated":true}]}}