{"id":9833,"date":"2025-06-20T11:43:18","date_gmt":"2025-06-20T09:43:18","guid":{"rendered":"https:\/\/www.greenpeace.org\/slovakia\/?p=9833"},"modified":"2025-06-20T11:43:21","modified_gmt":"2025-06-20T09:43:21","slug":"nove-znepokojujuce-varovanie-na-udrzanie-oteplenia-o-15-c-svetu-podla-vedcov-zostavaju-tri-roky","status":"publish","type":"post","link":"https:\/\/www.greenpeace.org\/slovakia\/tlacova-sprava\/9833\/nove-znepokojujuce-varovanie-na-udrzanie-oteplenia-o-15-c-svetu-podla-vedcov-zostavaju-tri-roky\/","title":{"rendered":"Nov\u00e9 znepokojuj\u00face varovanie: na udr\u017eanie oteplenia o 1,5 \u00b0C svetu pod\u013ea vedcov zost\u00e1vaj\u00fa tri roky"},"content":{"rendered":"\n<p><strong>Pod\u013ea nov\u00fdch vedeck\u00fdch \u00fadajov n\u00e1m zost\u00e1vaj\u00fa len tri roky na to, aby sme udr\u017eali cie\u013e Par\u00ed\u017eskej dohody o obmedzen\u00ed glob\u00e1lneho otep\u013eovania na 1,5 \u00b0C. V\u0161etky krajiny sveta, vr\u00e1tane Slovenska, musia neodkladne ur\u00fdchli\u0165 zni\u017eovanie emisi\u00ed a okam\u017eite posilni\u0165 klimatick\u00e9 opatrenia. Greenpeace Slovensko vyz\u00fdva vl\u00e1du, aby za\u010dala ur\u00fdchlene kona\u0165 &#8211; opatrenia proti klimatickej kr\u00edze s\u00fa toti\u017e pod\u013ea aktivistov pre vl\u00e1du absol\u00fatne nepodstatn\u00e9.&nbsp;<\/strong><\/p>\n\n<p>\u00dadaje od vedcov ukazuj\u00fa, \u017ee dostupn\u00fd uhl\u00edkov\u00fd rozpo\u010det sa r\u00fdchlo zmen\u0161uje a pri s\u00fa\u010dasnej miere emisi\u00ed m\u00f4\u017ee svet zost\u00e1vaj\u00faci rozpo\u010det na obmedzenie glob\u00e1lneho otep\u013eovania na 1,5 \u00b0C vy\u010derpa\u0165 u\u017e o tri roky.[1]<\/p>\n\n<p>Pod\u013ea hovorkyne Greenpeace Slovensko Miroslavy \u00c1belovej sa moment\u00e1lne nach\u00e1dzame v stave, ke\u010f nie je \u010das na v\u00fdhovorky a zabra\u0165 mus\u00ed ka\u017ed\u00e1 jedna krajina a ka\u017ed\u00fd jeden sektor n\u00e1\u0161ho \u017eivota.<\/p>\n\n<p>\u201cU\u017e nie je \u010das sa vyhov\u00e1ra\u0165. Na Slovensku me\u0161k\u00e1me so \u0161ialen\u00fdm mno\u017estvom klimatick\u00fdch strat\u00e9gi\u00ed \u010di pl\u00e1nov, ktor\u00e9 u\u017e d\u00e1vno mali by\u0165 hotov\u00e9. Pre vl\u00e1du Roberta Fica ako aj pre samotn\u00e9ho ministra \u017eivotn\u00e9ho prostredia je to absol\u00fatne nepodstatn\u00e9. Minister Taraba nerob\u00ed v\u00f4bec ni\u010d &#8211; mal by si uvedomi\u0165, \u017ee pr\u00e1ve on a aj zvy\u0161ok kabinetu Roberta Fica bud\u00fa zodpovedn\u00ed za to, ako budeme \u017ei\u0165 nielen o p\u00e4\u0165 rokov ale aj o dvadsa\u0165. To, \u017ee nekonaj\u00fa, sa n\u00e1m \u0161karedo vypomst\u00ed a pred n\u00e1sledkami klimatickej kr\u00edzy naozaj nebud\u00fa ma\u0165 kam utiec\u0165,\u201d skon\u0161tatovala \u00c1belov\u00e1.&nbsp;<\/p>\n\n<p>Pod\u013ea nej m\u00e1 vl\u00e1da obrovsk\u00e9 mno\u017estvo pr\u00edle\u017eitost\u00ed ako pom\u00f4c\u0165 \u013eu\u010fom a aj boju s klimatickou kr\u00edzou.<\/p>\n\n<p>\u201cSpome\u0148me aspo\u0148 tri pr\u00edklady: vl\u00e1da mus\u00ed ur\u00fdchlene za\u010da\u0165 zav\u00e1dza\u0165 obnovite\u013en\u00e9 zdroje a umo\u017eni\u0165 rozvoj energetick\u00fdch spolo\u010denstiev &#8211; ktor\u00e9 m\u00f4\u017eu navy\u0161e \u013eu\u010fom pom\u00f4c\u0165 u\u0161etri\u0165 aj mnoho pe\u0148az\u00ed, mus\u00ed za\u010da\u0165 okam\u017eite rie\u0161i\u0165 adapta\u010dn\u00e9 opatrenia a me\u0161k\u00e1 napr\u00edklad tie\u017e v nastavovan\u00ed Soci\u00e1lno-klimatick\u00e9ho fondu.\u201d&nbsp;<\/p>\n\n<p>Najnov\u0161ie vedeck\u00e9 \u00fadaje s\u00fa pod\u013ea Greenpeace \u010fal\u0161\u00edm v\u00e1\u017enym varovan\u00edm, ktor\u00e9 mus\u00ed podnieti\u0165 reakciu. Re\u010di sa musia premeni\u0165 na \u010diny a vl\u00e1dy cel\u00e9ho sveta musia kona\u0165. Znamen\u00e1 to predstavi\u0165 odv\u00e1\u017ene a ambici\u00f3zne klimatick\u00e9 ak\u010dn\u00e9 pl\u00e1ny na rok 2035, ktor\u00e9 r\u00fdchlo zaved\u00fa ukon\u010denie vyu\u017e\u00edvania uhlia, ropy a plynu \u2013 najm\u00e4 v bohat\u00fdch rozvinut\u00fdch krajin\u00e1ch, ktor\u00e9 musia kona\u0165 najr\u00fdchlej\u0161ie. Cie\u013e 1,5 \u00b0C je tie\u017e \u00fazko sp\u00e4t\u00fd s ukon\u010den\u00edm odles\u0148ovania, a preto musia vl\u00e1dy na nasleduj\u00facom COP30 prija\u0165 ak\u010dn\u00fd pl\u00e1n na realiz\u00e1ciu existuj\u00facich z\u00e1v\u00e4zkov o zastaven\u00ed odles\u0148ovania a degrad\u00e1cie lesov do roku 2030. Ke\u010f\u017ee sa COP30 pres\u00fava do Amazonu pod predsedn\u00edctvom Braz\u00edlie, krajiny musia pod\u013ea Greenpeace&nbsp; t\u00fato v\u00fdznamn\u00fa pr\u00edle\u017eitos\u0165 vyu\u017ei\u0165 na ur\u00fdchlenie ochrany a obnovy kritick\u00fdch ekosyst\u00e9mov.<\/p>\n\n<p><strong>Pozn\u00e1mky:<\/strong><strong><br><\/strong><a href=\"https:\/\/climate.leeds.ac.uk\/news\/scientists-find-three-years-left-of-remaining-carbon-budget-for-1-5c\/\"> [1] Vedci zistili, \u017ee na dosiahnutie limitu 1,5 \u00b0C zost\u00e1vaj\u00fa len tri roky uhl\u00edkov\u00e9ho rozpo\u010dtu<\/a><\/p>\n\n<p><\/p>\n","protected":false},"excerpt":{"rendered":"<p>Pod\u013ea nov\u00fdch vedeck\u00fdch \u00fadajov n\u00e1m zost\u00e1vaj\u00fa len tri roky na to, aby sme udr\u017eali cie\u013e Par\u00ed\u017eskej dohody o obmedzen\u00ed glob\u00e1lneho otep\u013eovania na 1,5 \u00b0C. V\u0161etky krajiny sveta, vr\u00e1tane Slovenska, musia&hellip;<\/p>\n","protected":false},"author":60,"featured_media":9834,"comment_status":"open","ping_status":"open","sticky":false,"template":"","format":"standard","meta":{"ep_exclude_from_search":false,"p4_og_title":"","p4_og_description":"","p4_og_image":"","p4_og_image_id":"","p4_seo_canonical_url":"","p4_campaign_name":"","p4_local_project":"","p4_basket_name":"","p4_department":"","footnotes":""},"categories":[2,30,3],"tags":[18,31,6,24,8,28,23],"p4-page-type":[14],"class_list":["post-9833","post","type-post","status-publish","format-standard","has-post-thumbnail","hentry","category-chran","category-energeticke-spolocenstva","category-zmen","tag-energia","tag-energetickespolocenstva","tag-klimatickakriza","tag-oceany","tag-lesy","tag-plasty","tag-spotreba","p4-page-type-tlacova-sprava"],"_links":{"self":[{"href":"https:\/\/www.greenpeace.org\/slovakia\/wp-json\/wp\/v2\/posts\/9833","targetHints":{"allow":["GET"]}}],"collection":[{"href":"https:\/\/www.greenpeace.org\/slovakia\/wp-json\/wp\/v2\/posts"}],"about":[{"href":"https:\/\/www.greenpeace.org\/slovakia\/wp-json\/wp\/v2\/types\/post"}],"author":[{"embeddable":true,"href":"https:\/\/www.greenpeace.org\/slovakia\/wp-json\/wp\/v2\/users\/60"}],"replies":[{"embeddable":true,"href":"https:\/\/www.greenpeace.org\/slovakia\/wp-json\/wp\/v2\/comments?post=9833"}],"version-history":[{"count":1,"href":"https:\/\/www.greenpeace.org\/slovakia\/wp-json\/wp\/v2\/posts\/9833\/revisions"}],"predecessor-version":[{"id":9835,"href":"https:\/\/www.greenpeace.org\/slovakia\/wp-json\/wp\/v2\/posts\/9833\/revisions\/9835"}],"wp:featuredmedia":[{"embeddable":true,"href":"https:\/\/www.greenpeace.org\/slovakia\/wp-json\/wp\/v2\/media\/9834"}],"wp:attachment":[{"href":"https:\/\/www.greenpeace.org\/slovakia\/wp-json\/wp\/v2\/media?parent=9833"}],"wp:term":[{"taxonomy":"category","embeddable":true,"href":"https:\/\/www.greenpeace.org\/slovakia\/wp-json\/wp\/v2\/categories?post=9833"},{"taxonomy":"post_tag","embeddable":true,"href":"https:\/\/www.greenpeace.org\/slovakia\/wp-json\/wp\/v2\/tags?post=9833"},{"taxonomy":"p4-page-type","embeddable":true,"href":"https:\/\/www.greenpeace.org\/slovakia\/wp-json\/wp\/v2\/p4-page-type?post=9833"}],"curies":[{"name":"wp","href":"https:\/\/api.w.org\/{rel}","templated":true}]}}