{"id":9943,"date":"2025-07-04T13:09:39","date_gmt":"2025-07-04T11:09:39","guid":{"rendered":"https:\/\/www.greenpeace.org\/slovakia\/?p=9943"},"modified":"2025-07-04T13:10:59","modified_gmt":"2025-07-04T11:10:59","slug":"aktivisti-nechali-roztopit-ministra-tarabu-greenpeace-ladovou-sochou-upozornuje-na-vysoke-horucavy-a-necinnost-ministra-v-oblasti-ochrany-klimy","status":"publish","type":"post","link":"https:\/\/www.greenpeace.org\/slovakia\/tlacova-sprava\/9943\/aktivisti-nechali-roztopit-ministra-tarabu-greenpeace-ladovou-sochou-upozornuje-na-vysoke-horucavy-a-necinnost-ministra-v-oblasti-ochrany-klimy\/","title":{"rendered":"Aktivisti nechali roztopi\u0165 ministra Tarabu: Greenpeace \u013eadovou sochou upozor\u0148uje na vysok\u00e9 hor\u00fa\u010davy a ne\u010dinnos\u0165 ministra v oblasti ochrany kl\u00edmy"},"content":{"rendered":"\n<p><strong>Greenpeace Slovensko priniesol pred ministerstvo \u017eivotn\u00e9ho prostredia \u013eadov\u00fa sochu, ktor\u00fa nechal v dne\u0161nej, 37-stup\u0148ovej hor\u00fa\u010dave na mieste roztopi\u0165. Socha v \u017eivotnej ve\u013ekosti zn\u00e1zor\u0148ovala ministra Tom\u00e1\u0161a Tarabu, ktor\u00fd v ruke dr\u017eal tabu\u013eku s n\u00e1pisom \u201cKlimatick\u00e1 kr\u00edza neexistuje\u201d. Ochrancovia pr\u00edrody kritizuj\u00fa ministra za to, \u017ee svojou ne\u010dinnos\u0165ou v oblasti ochrany kl\u00edmy nechr\u00e1ni pred extr\u00e9mnymi hor\u00fa\u010davami t\u00fdch najzranite\u013enej\u0161\u00edch &#8211; star\u00fdch \u013eud\u00ed a deti.&nbsp;<\/strong><\/p>\n\n<p>Len za dva dni prv\u00e9ho pr\u00e1zdninov\u00e9ho t\u00fd\u017ed\u0148a (30. 6. a 1. 7.) absolvovali z\u00e1chran\u00e1ri ku kolapsov\u00fdm stavom z tepla v d\u00f4sledku extr\u00e9mnych hor\u00fa\u010dav na Slovensku a\u017e 170 v\u00fdjazdov. Extr\u00e9mne hor\u00fa\u010davy najviac ohrozuj\u00fa mal\u00e9 deti, star\u0161\u00edch \u013eud\u00ed, osoby s chronick\u00fdmi ochoreniami (napr. srdcovocievnymi, d\u00fdchac\u00edmi), \u013eud\u00ed bez domova a osoby s obmedzenou mobilitou. Vysok\u00e9 teploty negat\u00edvne vpl\u00fdvaj\u00fa aj na du\u0161evn\u00e9 zdravie &#8211; m\u00f4\u017eu sp\u00f4sobi\u0165 zv\u00fd\u0161enie stresu a \u00fazkosti, najm\u00e4 zv\u00fd\u0161enou produkciou \u201chorm\u00f3nu stresu\u201d kortizolu. Koordin\u00e1torka kampane Greenpeace Slovensko Dorota Osvaldov\u00e1 upozor\u0148uje, \u017ee minister \u017eivotn\u00e9ho prostredia Tom\u00e1\u0161 Taraba nerob\u00ed ni\u010d preto, aby ochr\u00e1nil \u013eud\u00ed pred extr\u00e9mnymi v\u00fdkyvmi po\u010dasia a navy\u0161e aj podkop\u00e1va rie\u0161enia, ktor\u00e9 prin\u00e1\u0161a Eur\u00f3pska \u00fania. Pr\u00e1ve preto sa rozhodli prinies\u0165 pred ministerstvo \u017eivotn\u00e9ho prostredia takmer 400-kilogramov\u00fa \u013eadov\u00fa sochu, ktor\u00fa v 37-stup\u0148ov\u00fdch hor\u00fa\u010dav\u00e1ch nechali na mieste roztopi\u0165.&nbsp;&nbsp;<\/p>\n\n<p>\u201cPri\u0161li sme odk\u00e1za\u0165 ministrovi: nechceme sa tu roztopi\u0165 ako t\u00e1to socha. Teplo, ktor\u00e9 za\u017e\u00edvame dnes, nie je be\u017en\u00fdm letn\u00fdm po\u010das\u00edm \u2013 je jasn\u00fdm d\u00f4sledkom prehlbuj\u00facej sa klimatickej kr\u00edzy. Rozdiel medzi priemernou ro\u010dnou teplotou v roku 1965 a rokom 2024 je len v Bratislave 4,5 stup\u0148a Celzia. Situ\u00e1cia je ve\u013emi podobn\u00e1 vo v\u0161etk\u00fdch monitorovan\u00fdch oblastiach na Slovensku. Slovensko sa rap\u00eddne otep\u013euje a my sa tu nechceme roztopi\u0165. Minister Taraba namiesto rie\u0161en\u00ed t\u00fato kr\u00edzu ignoruje a e\u0161te k tomu akt\u00edvne podkop\u00e1va snahy E\u00da o jej zmiernenie. Opakovane deklaroval podporu oslabeniu Zelenej dohody pre Eur\u00f3pu \u2013 ambici\u00f3zneho pl\u00e1nu, ktor\u00fd m\u00e1 chr\u00e1ni\u0165 \u013eud\u00ed pred d\u00f4sledkami extr\u00e9mneho po\u010dasia, ak\u00fdmi s\u00fa aj tieto hor\u00fa\u010davy. Ako minister zodpovedn\u00fd za rie\u0161enie klimatickej kr\u00edzy vedome brzd\u00ed kroky, ktor\u00e9 by mohli zmierni\u0165 jej d\u00f4sledky. Zaplatia za to ob\u010dania, ktor\u00fdch z\u00e1ujmy \u00fadajne zastupuje.\u201d&nbsp;<\/p>\n\n<p>Minister by mal pod\u013ea nej za\u010da\u0165 bra\u0165 klimatick\u00fa kr\u00edzu kone\u010dne v\u00e1\u017ene.&nbsp;<\/p>\n\n<p>\u201cPotrebujeme ur\u00fdchlene prija\u0165 dobr\u00fd klimatick\u00fd z\u00e1kon, spolu s odborn\u00edkmi vypracova\u0165 skuto\u010dne aktu\u00e1lny a kvalitn\u00fd pl\u00e1n adapta\u010dn\u00fdch opatren\u00ed a v s\u00fa\u010dinnosti s ministerstvom hospod\u00e1rstvapodpori\u0165 rozvoj obnovite\u013en\u00fdch zdrojov a odstr\u00e1ni\u0165 bari\u00e9ry pre rozvoj energetick\u00fdch spolo\u010denstiev,\u201d dodala.\u00a0<\/p>\n\n<p>Minister by mal tie\u017e venova\u0165 zv\u00fd\u0161en\u00fa pozornos\u0165 aj lesom, ktor\u00e9 sl\u00fa\u017eia ako z\u00e1sob\u00e1rne uhl\u00edka a v\u00fdznamne prispievaj\u00fa k zachyt\u00e1vaniu emisi\u00ed. Klimatickou kr\u00edzou sp\u00f4soben\u00e9 extr\u00e9mne hor\u00fa\u010davy a sucho v\u0161ak zni\u017euj\u00fa ich odolnos\u0165 a zvy\u0161uj\u00fa n\u00e1chylnos\u0165 vo\u010di \u0161kodcom, ako je napr\u00edklad lyko\u017er\u00fat.&nbsp;<\/p>\n\n<p>\u201cNamiesto mas\u00edvnej \u0165a\u017eby, ktor\u00e1 prebieha v mnoh\u00fdch oblastiach Slovenska, by sa mal kl\u00e1s\u0165 d\u00f4raz na pr\u00edrode bl\u00edzky mana\u017ement (napr. z\u00e1kaz holorubov, selekt\u00edvne v\u00fdruby stromov) a na druhov\u00fa obmenu lesov \u2013 nahradi\u0165 druhy citliv\u00e9 na sucho (napr. smrek v n\u00ed\u017ein\u00e1ch) odolnej\u0161\u00edmi druhmi, ktor\u00e9 lep\u0161ie zvl\u00e1daj\u00fa sucho a hor\u00fa\u010davy,\u201d uzavrela Dorota Osvaldov\u00e1.&nbsp;<\/p>\n\n<p><\/p>\n","protected":false},"excerpt":{"rendered":"<p>Greenpeace Slovensko priniesol pred ministerstvo \u017eivotn\u00e9ho prostredia \u013eadov\u00fa sochu, ktor\u00fa nechal v dne\u0161nej, 37-stup\u0148ovej hor\u00fa\u010dave na mieste roztopi\u0165. Socha v \u017eivotnej ve\u013ekosti zn\u00e1zor\u0148ovala ministra Tom\u00e1\u0161a Tarabu, ktor\u00fd v ruke dr\u017eal&hellip;<\/p>\n","protected":false},"author":60,"featured_media":9944,"comment_status":"open","ping_status":"open","sticky":false,"template":"","format":"standard","meta":{"ep_exclude_from_search":false,"p4_og_title":"","p4_og_description":"","p4_og_image":"","p4_og_image_id":"","p4_seo_canonical_url":"","p4_campaign_name":"","p4_local_project":"","p4_basket_name":"","p4_department":"","footnotes":""},"categories":[21],"tags":[6,31],"p4-page-type":[14],"class_list":["post-9943","post","type-post","status-publish","format-standard","has-post-thumbnail","hentry","category-greenpeace","tag-klimatickakriza","tag-energetickespolocenstva","p4-page-type-tlacova-sprava"],"_links":{"self":[{"href":"https:\/\/www.greenpeace.org\/slovakia\/wp-json\/wp\/v2\/posts\/9943","targetHints":{"allow":["GET"]}}],"collection":[{"href":"https:\/\/www.greenpeace.org\/slovakia\/wp-json\/wp\/v2\/posts"}],"about":[{"href":"https:\/\/www.greenpeace.org\/slovakia\/wp-json\/wp\/v2\/types\/post"}],"author":[{"embeddable":true,"href":"https:\/\/www.greenpeace.org\/slovakia\/wp-json\/wp\/v2\/users\/60"}],"replies":[{"embeddable":true,"href":"https:\/\/www.greenpeace.org\/slovakia\/wp-json\/wp\/v2\/comments?post=9943"}],"version-history":[{"count":1,"href":"https:\/\/www.greenpeace.org\/slovakia\/wp-json\/wp\/v2\/posts\/9943\/revisions"}],"predecessor-version":[{"id":9945,"href":"https:\/\/www.greenpeace.org\/slovakia\/wp-json\/wp\/v2\/posts\/9943\/revisions\/9945"}],"wp:featuredmedia":[{"embeddable":true,"href":"https:\/\/www.greenpeace.org\/slovakia\/wp-json\/wp\/v2\/media\/9944"}],"wp:attachment":[{"href":"https:\/\/www.greenpeace.org\/slovakia\/wp-json\/wp\/v2\/media?parent=9943"}],"wp:term":[{"taxonomy":"category","embeddable":true,"href":"https:\/\/www.greenpeace.org\/slovakia\/wp-json\/wp\/v2\/categories?post=9943"},{"taxonomy":"post_tag","embeddable":true,"href":"https:\/\/www.greenpeace.org\/slovakia\/wp-json\/wp\/v2\/tags?post=9943"},{"taxonomy":"p4-page-type","embeddable":true,"href":"https:\/\/www.greenpeace.org\/slovakia\/wp-json\/wp\/v2\/p4-page-type?post=9943"}],"curies":[{"name":"wp","href":"https:\/\/api.w.org\/{rel}","templated":true}]}}