{"id":1027,"date":"2017-06-02T00:00:00","date_gmt":"2017-06-02T00:00:00","guid":{"rendered":"https:\/\/master.k8s.p4.greenpeace.org\/slovenia\/blog\/1027\/cas-za-podnebno-ukrepanje-je-zdaj\/"},"modified":"2023-06-01T16:18:16","modified_gmt":"2023-06-01T16:18:16","slug":"cas-za-podnebno-ukrepanje-je-zdaj","status":"publish","type":"post","link":"https:\/\/www.greenpeace.org\/slovenia\/sporocilo-za-javnost\/1027\/cas-za-podnebno-ukrepanje-je-zdaj\/","title":{"rendered":"\u010cAS ZA PODNEBNO UKREPANJE JE ZDAJ"},"content":{"rendered":"<h2>Javno pismo predsedniku Vlade RS Dr. Miru Cerarju<\/h2>\n<\/p>\n<div class=\"leader\">\n\tJavno pismo predsedniku Vlade RS dr. Miru Ceraju\n<\/div>\n<div>\n\t<span>Ljubljana, 2.6.2017<\/span><br \/>\n\u010cAS ZA PODNEBNO UKREPANJE JE ZDAJ<br \/>\nSpo\u0161tovani predsednik Vlade RS dr. Miro Cerar,<br \/>\nV\u010deraj je predsednik Donald Trump Zdru\u017eene dr\u017eave Amerike umaknil iz pari\u0161kega podnebnega sporazuma. Njegova odlo\u010ditev je v nasprotju z \u017eeljami ve\u010dine Ameri\u010danov in postavlja ZDA v osamel polo\u017eaj napram drugim dr\u017eavam sveta. Na nedavnem vrhu G7 so se svetovni voditelji ponovno zavezali k odlo\u010dnemu podnebnemu ukrepanju in spo\u0161tovanju pari\u0161kega sporazuma, svojo zavezo sporazumu v odzivu na Trumpovo odlo\u010ditev potrjujejo \u0161e drugi svetovni voditelji, danes pa svoje skupno in okrepljeno podnebno ukrepanje naznanjata tudi Evropska Unija in Kitajska.<br \/>\nKot predsednik Vlade RS od vas pri\u010dakujemo, da boste skupaj z drugimi dr\u017eavami EU prevzeli vodilno vlogo v boju proti podnebnim spremembam. V odzivu na Trumpovo odlo\u010ditev ste dejali, da ostaja Slovenija zavezana varovanju na\u0161ega planeta. <strong>Ali namerava slovenska vlada to zavezo dr\u017eati in izpolniti pri\u010dakovanja svojih prebivalcev, bo pokazal \u017ee Energetski koncept Slovenije. Zahtevamo, da se spo\u0161tovanje Pari\u0161kega sporazuma odra\u017ea v nastajajo\u010dem Energetskem konceptu Slovenije, ki mora jasno za\u010drtati pot pravo\u010dasnega opu\u0161\u010danja fosilnih goriv, najprej premoga. <\/strong>[1]<br \/>\nPodnebni ukrepi niso pravna ali politi\u010dna razprava \u2013 gre za neizogibno dol\u017enost trenutnih voditeljev dr\u017eav, da za\u0161\u010ditijo ljudi in planet. Vsaka odgovorna vlada ve, da moramo sodelovati v pospe\u0161eni tranziciji k \u010disti energiji, saj je to neodlo\u017eljiva odlo\u010ditev za dobro ljudi in podnebja ter edinstvena prilo\u017enost za na\u0161e gospodarstvo.<br \/>\n\u00a0<br \/>\nVodja Greenpeacea v Sloveniji,<br \/>\nmag. \u00a0Nina \u0160tros<br \/>\n<span><img loading=\"lazy\" decoding=\"async\" src=\"https:\/\/www.greenpeace.org\/static\/planet4-slovenia-stateless\/2019\/03\/LZaBcyXgutjH_y9wYoX_js0pKo5mPUrdGhMAl3-xgAW4OEzOoMiAZjjWDjGEdl0VU7PV4AybzatTQVb51imsVBHuqlq2l79MVmp3VRjBX9PvgmThJiqCdGuLsOQF3RPpFgRvZ8J0pwPtUI6IdQ\" alt=\"\" width=\"112\" height=\"81\"><\/span><br \/>\n\u00a0<br \/>\n<span>V vednost: <\/span><br \/>\n<span>podpredsednik vlade in minister za javno upravo Boris Koprivnikar, <\/span><br \/>\n<span>podpredsednik vlade in minister za zunanje zadeve Karl Erjavec, <\/span><br \/>\n<span>podpredsednik vlade in minister za kmetijstvo, gozdarstvo in prehrano Dejan \u017didan, <\/span><br \/>\n<span>minister za infrastrukturo dr. Peter Ga\u0161per\u0161i\u010d, <\/span><br \/>\n<span>ministrica za okolje in prostor Irena Majcen.<\/span><br \/>\n\u00a0<br \/>\n[1]\u00a0<span id=\"docs-internal-guid-fda27461-68a0-94f9-c94b-77796a0acb91\"><span> <\/span><span>V svoji zadnji analizi je in\u0161titut <\/span><span>Climate Analytics<\/span><span> ocenil, kdaj bi se morala zapreti vsaka od obstoje\u010dih evropskih termolektrarn, da bi se izognili najhuj\u0161im posledicam podnebnih sprememb in uresni\u010dili cilj Pari\u0161kega sporazuma. Glede na njihove ocene bi se naj peti blok Termoelekrarne \u0160o\u0161tanj zaprl najkasneje do leta 2023, \u0161esti blok pa do leta 2028.<\/span><\/span><\/p>\n<p><span>\u00a0<\/span><\/p>\n<p>Javno pismo je na voljo <a href=\"https:\/\/www.greenpeace.org\/static\/planet4-slovenia-stateless\/2019\/03\/73e28eae-73e28eae-2017-junij_javnopismo_cerar.pdf\">tukaj<\/a>.<\/p>\n<\/div>\n","protected":false},"excerpt":{"rendered":"<div>\n\tJavno pismo predsedniku Vlade RS dr. Miru Ceraju\n<\/div>\n","protected":false},"author":64,"featured_media":1028,"comment_status":"closed","ping_status":"closed","sticky":false,"template":"","format":"standard","meta":{"ep_exclude_from_search":false,"p4_og_title":"","p4_og_description":"","p4_og_image":"","p4_og_image_id":"","p4_seo_canonical_url":"","p4_campaign_name":"","p4_local_project":"","p4_basket_name":"","p4_department":"","footnotes":""},"categories":[45],"tags":[23,32],"p4-page-type":[46],"class_list":["post-1027","post","type-post","status-publish","format-standard","has-post-thumbnail","hentry","category-podnebje","tag-podnebje","tag-brezpremoga","p4-page-type-sporocilo-za-javnost"],"_links":{"self":[{"href":"https:\/\/www.greenpeace.org\/slovenia\/wp-json\/wp\/v2\/posts\/1027","targetHints":{"allow":["GET"]}}],"collection":[{"href":"https:\/\/www.greenpeace.org\/slovenia\/wp-json\/wp\/v2\/posts"}],"about":[{"href":"https:\/\/www.greenpeace.org\/slovenia\/wp-json\/wp\/v2\/types\/post"}],"author":[{"embeddable":true,"href":"https:\/\/www.greenpeace.org\/slovenia\/wp-json\/wp\/v2\/users\/64"}],"replies":[{"embeddable":true,"href":"https:\/\/www.greenpeace.org\/slovenia\/wp-json\/wp\/v2\/comments?post=1027"}],"version-history":[{"count":1,"href":"https:\/\/www.greenpeace.org\/slovenia\/wp-json\/wp\/v2\/posts\/1027\/revisions"}],"predecessor-version":[{"id":1030,"href":"https:\/\/www.greenpeace.org\/slovenia\/wp-json\/wp\/v2\/posts\/1027\/revisions\/1030"}],"wp:featuredmedia":[{"embeddable":true,"href":"https:\/\/www.greenpeace.org\/slovenia\/wp-json\/wp\/v2\/media\/1028"}],"wp:attachment":[{"href":"https:\/\/www.greenpeace.org\/slovenia\/wp-json\/wp\/v2\/media?parent=1027"}],"wp:term":[{"taxonomy":"category","embeddable":true,"href":"https:\/\/www.greenpeace.org\/slovenia\/wp-json\/wp\/v2\/categories?post=1027"},{"taxonomy":"post_tag","embeddable":true,"href":"https:\/\/www.greenpeace.org\/slovenia\/wp-json\/wp\/v2\/tags?post=1027"},{"taxonomy":"p4-page-type","embeddable":true,"href":"https:\/\/www.greenpeace.org\/slovenia\/wp-json\/wp\/v2\/p4-page-type?post=1027"}],"curies":[{"name":"wp","href":"https:\/\/api.w.org\/{rel}","templated":true}]}}