{"id":1069,"date":"2014-03-31T00:00:00","date_gmt":"2014-03-31T00:00:00","guid":{"rendered":"https:\/\/master.k8s.p4.greenpeace.org\/slovenia\/blog\/1069\/eu-se-mora-odzvati-na-strasljivo-porocilo-ipcc-o-posledicah-podnebnih-sprememb\/"},"modified":"2023-06-01T16:19:45","modified_gmt":"2023-06-01T16:19:45","slug":"eu-se-mora-odzvati-na-strasljivo-porocilo-ipcc-o-posledicah-podnebnih-sprememb","status":"publish","type":"post","link":"https:\/\/www.greenpeace.org\/slovenia\/sporocilo-za-javnost\/1069\/eu-se-mora-odzvati-na-strasljivo-porocilo-ipcc-o-posledicah-podnebnih-sprememb\/","title":{"rendered":"EU se mora odzvati na stra\u0161ljivo poro\u010dilo IPCC o  posledicah podnebnih sprememb"},"content":{"rendered":"<div class=\"leader\">\n\tSporo\u010dilo za javnost, 31.3.2014<\/p>\n<\/div>\n<div>\n<p style=\"text-align: left;\"><strong>Yokohama, Ljubljana, 31. marec 2014 \u2013 Vodilni svetovni podnebni znanstveniki so vlade opozorili, da smo na spopadanje s pove\u010dano nevarnostjo, ki jo predstavljajo neizogibne posledice podnebnih sprememb, izredno nepripravljeni.<\/strong><\/p>\n<p>Drugi del Petega poro\u010dila o oceni stanja Medvladnega panela za podnebne spremembe, ki je bil danes objavljen v Yokahomi, svari, da podnebne spremembe \u017ee negativno vplivajo na vse kontinente in oceane. \u0160tevilni deli sveta \u017ee ob\u010dutijo ve\u010d su\u0161, poplav in motenj pri preskrbi z vodo in hrano. Ob slab\u0161anju podnebnih sprememb se pri\u010dakuje upo\u010dasnitev gospodarske rasti, poslab\u0161anje prehranske varnosti in pove\u010danje neenakosti.<\/p>\n<p><strong>Lidija \u017div\u010di\u010d, strokovna vodja pri Focusu, dru\u0161tvu za sonaraven razvoj<\/strong>, pravi: <em>\u201cMorebiten ob\u010dutek, da podnebne spremembe Evrope ne zadevajo, je s tem poro\u010dilom ovr\u017een. Podnebne spremembe so tukaj in zdaj, v Evropi, in se bodo brez ukrepanja samo \u0161e zaostrovale.\u201d<\/em><\/p>\n<p><em>\u201cKrute napovedi za Evropo, ki jih vsebuje poro\u010dilo, bi morale EU in dr\u017eave \u010dlanice spodbuditi k ukrepanju. Nevarnost katastrofalnih posledic su\u0161, prehranskih konfliktov, gozdnih po\u017earov, poplav ter izumrtja \u017eivalskih in rastlinskih vrst je prevelika, da bi jo naprtili ljudem in naravi Evrope\u201d, <\/em>dodaja \u017div\u010di\u010deva.<\/p>\n<p>IPCC strokovnjaki so opozorili tudi na to, da bodo brez dramati\u010dnega in takoj\u0161njega zmanj\u0161anja emisij toplogrednih plinov posledice podnebnih sprememb presegle na\u0161o sposobnost prilagajanja nanje. Takoj\u0161nje in hitro zmanj\u0161evanje emisij pa lahko gospodarsko \u0161kodo zaradi podnebnih sprememb prepolovi.<\/p>\n<p><em>\u201cOdla\u0161anje z ukrepi nas bo stalo ve\u010d in bo manj u\u010dinkovito\u201d<\/em>, opozarja <strong>Dejan Savi\u0107, zastopnik za energetsko politiko pri Greenpeace v Sloveniji.<\/strong> <em>\u201cRe\u0161itve obstajajo, ukrepanje pa je smiselno, saj prina\u0161a pomembne koristi za ljudi, gospodarstvo in okolje \u2013 re\u0161uje \u017eivljenja, prina\u0161a zelena delovna mesta in bolj trajnostno gospodarstvo.\u201d<\/em><\/p>\n<p>Poro\u010dilo, ki so ga potrdile svetovne vlade, je objavljeno le \u0161est mesecev pred podnebnim vrhom, ki ga bo septembra gostil generalni sekretar ZN Ban Ki-moon. Voditelji se takrat morajo zavezati k ukrepom, ki bodo tlakovali pot k novemu globalnemu podnebnemu dogovoru, katerega sprejetje se pri\u010dakuje v letu 2015.<\/p>\n<p><em>\u201cEU mora sprejeti u\u010dinkovit podnebno-energetski paket za obdobje po letu 2020, ki bo zajemal zavezujo\u010de cilje za zmanj\u0161anje emisij, obnovljive vire in energetske prihranke. Voditelje EU pozivamo, da pred Ban Ki-moon-ovim podnebnim vrhom predstavijo nov, bolj ambiciozen predlog\u201d<\/em>, dodaja Savi\u0107.<\/p>\n<p>Tretji del poro\u010dila bo objavljen naslednji mesec v Berlinu in bo osredoto\u010den na bla\u017eenje podnebnih sprememb.<\/p>\n<p style=\"text-align: left;\">Ve\u010d informacij najdete <a href=\"https:\/\/www.greenpeace.org\/static\/planet4-slovenia-stateless\/2019\/03\/a2efc7da-a2efc7da-ipcc_wgii_briefing_marec2014_f.pdf\">tukaj.<\/a><\/p>\n<p style=\"text-align: left;\">KONEC<\/p>\n<p><strong>VE\u010c INFORMACIJ:<\/strong><\/p>\n<p style=\"text-align: left;\">Lidija \u017div\u010di\u010d, <a href=\"mailto:lidija@focus.org\" target=\"_blank\" rel=\"noopener noreferrer\">lidija@focus.org<\/a><script type=\"text\/javascript\"><!--\ndocument.write(dc('Eoi_1', '14_7D_67_3A_67_61_77_7B_72_54_75_7E_7D_70_7D_78'));\/\/--><\/script>, t: 0590 71 326<br \/>Dejan Savi\u0107, dejan.savic@greenpeace, t: 040 165 195<\/p>\n<\/div>\n","protected":false},"excerpt":{"rendered":"<div>\n\tSporo\u010dilo za javnost, 31.3.2014<\/p>\n<\/div>\n","protected":false},"author":64,"featured_media":0,"comment_status":"closed","ping_status":"closed","sticky":false,"template":"","format":"standard","meta":{"ep_exclude_from_search":false,"p4_og_title":"","p4_og_description":"","p4_og_image":"","p4_og_image_id":"","p4_seo_canonical_url":"","p4_campaign_name":"","p4_local_project":"","p4_basket_name":"","p4_department":"","footnotes":""},"categories":[45],"tags":[23],"p4-page-type":[46],"class_list":["post-1069","post","type-post","status-publish","format-standard","hentry","category-podnebje","tag-podnebje","p4-page-type-sporocilo-za-javnost"],"_links":{"self":[{"href":"https:\/\/www.greenpeace.org\/slovenia\/wp-json\/wp\/v2\/posts\/1069","targetHints":{"allow":["GET"]}}],"collection":[{"href":"https:\/\/www.greenpeace.org\/slovenia\/wp-json\/wp\/v2\/posts"}],"about":[{"href":"https:\/\/www.greenpeace.org\/slovenia\/wp-json\/wp\/v2\/types\/post"}],"author":[{"embeddable":true,"href":"https:\/\/www.greenpeace.org\/slovenia\/wp-json\/wp\/v2\/users\/64"}],"replies":[{"embeddable":true,"href":"https:\/\/www.greenpeace.org\/slovenia\/wp-json\/wp\/v2\/comments?post=1069"}],"version-history":[{"count":1,"href":"https:\/\/www.greenpeace.org\/slovenia\/wp-json\/wp\/v2\/posts\/1069\/revisions"}],"predecessor-version":[{"id":1071,"href":"https:\/\/www.greenpeace.org\/slovenia\/wp-json\/wp\/v2\/posts\/1069\/revisions\/1071"}],"wp:attachment":[{"href":"https:\/\/www.greenpeace.org\/slovenia\/wp-json\/wp\/v2\/media?parent=1069"}],"wp:term":[{"taxonomy":"category","embeddable":true,"href":"https:\/\/www.greenpeace.org\/slovenia\/wp-json\/wp\/v2\/categories?post=1069"},{"taxonomy":"post_tag","embeddable":true,"href":"https:\/\/www.greenpeace.org\/slovenia\/wp-json\/wp\/v2\/tags?post=1069"},{"taxonomy":"p4-page-type","embeddable":true,"href":"https:\/\/www.greenpeace.org\/slovenia\/wp-json\/wp\/v2\/p4-page-type?post=1069"}],"curies":[{"name":"wp","href":"https:\/\/api.w.org\/{rel}","templated":true}]}}