{"id":1102,"date":"2013-06-19T00:00:00","date_gmt":"2013-06-19T00:00:00","guid":{"rendered":"https:\/\/master.k8s.p4.greenpeace.org\/slovenia\/blog\/1102\/izbrisani-vsi-dvomi-premog-ubija\/"},"modified":"2023-06-01T16:20:01","modified_gmt":"2023-06-01T16:20:01","slug":"izbrisani-vsi-dvomi-premog-ubija","status":"publish","type":"post","link":"https:\/\/www.greenpeace.org\/slovenia\/sporocilo-za-javnost\/1102\/izbrisani-vsi-dvomi-premog-ubija\/","title":{"rendered":"Izbrisani vsi dvomi: premog ubija"},"content":{"rendered":"<h2>Vsako izgubljeno \u017eivljenje je \u017eivljenje, ki bi ga lahko ohranili.<\/h2>\n<\/p>\n<div class=\"leader\">\n\tLjubljana, 19. junij 2013 \u2013 V Stari mestni elektrarni so danes nevladne organizacije na tiskovni konferenci javnost izzvale z jasnim vpra\u0161anjem: \u00bbKako dolgo bomo \u0161e dopu\u0161\u010dali, da nam bo umazana politika vsiljevala umazano energijo, ki uni\u010duje na\u0161e zdravje?\u00ab Tiskovna konferenca je bila organizirana ob obletnici za\u010detka kampanje \u0160e je \u010das, ki je z opozarjanjem na posledice kurjenja premoga na zdravje ljudi posku\u0161ala prepre\u010diti odobritev dr\u017eavnega poro\u0161tva za sporen projekt TE\u0160 6. Danes so organizacije pozvale Ministra za zdravje, da \u0161ir\u0161o javnost celovito seznani s tveganji, ki jih kurjenje premoga prina\u0161a za zdravje ljudi in k pripravi na\u010drta odprave teh tveganj.\n<\/div>\n<div>\n<p>Pred svetovnim dnevom boja proti kurjenju premoga, ki bo 29. junija, in ob skoraj\u0161nji obletnici odobritve dr\u017eavnega poro\u0161tva za sporni projekt TE\u0160 6, je skupina nevladnih organizacij \u2013 Eko krog, Focus, dru\u0161tvo za sonaraven razvoj, Greenpeace v Sloveniji in Slovenska zveza za javno zdravje, okolje in toba\u010dno kontrolo \u2013 na tiskovni konferenci v Stari mestni elektrarni v Ljubljani ponovno opozorila na spornost kurjenja premoga. Predstavljeni so bili tudi izsledki treh mednarodnih poro\u010dil, ki dokazujejo \u0161kodljivost kurjenja premoga za zdravje ljudi.<\/p>\n<p>Lanskoletna kampanja \u0160e je \u010das [1] je poleg okoljskih in ekonomskih argumentov opozorila tudi in predvsem na hude posledice delovanja TE\u0160 6 na zdravje ljudi. S poro\u010dilom <em>Dru\u017ebeni stro\u0161ek energije iz \u0160o\u0161tanja<\/em> [2], ki je na podlagi metodologije Evropske agencije za okolje ocenil, da bo TE\u0160 6 v \u010dasu delovanja povzro\u010dil med 33 in 48 smrtnih \u017ertev ter med 168 in 242 milijonov evrov gospodarske \u0161kode na leto, je v razpravo vnesla skrb za zdravje. Poro\u010dilo je dvignilo kar nekaj prahu, a opozorila politika ni sli\u0161ala.<\/p>\n<p>Negativne vplive kurjenja premoga na zdravje je marca letos dodatno pojasnilo poro\u010dilo organizacije HEAL (Health and Environment Alliance) <em>Nepla\u010dan ra\u010dun na zdravje \u2013 kako nam kurjenje premoga povzro\u010da bolezni<\/em> [3], ki razkriva zdravstveno in finan\u010dno breme kurjenja premoga v dr\u017eavah EU. Stro\u0161ek bolezni, ki jih povzro\u010dajo termoelektrarne na premog, evropske dr\u017eavljane na leto stane dodatnih 42,8 milijard evrov. Najnovej\u0161i dokaz o \u0161kodljivosti premoga za zdravje ljudi pa je 12. junija objavljeno poro\u010dilo organizacije Greenpeace <em>Tihi ubilajci \u2013 Zakaj mora Evropa energijo iz premoga nadomestiti z zeleno energijo<\/em>[4]. To poro\u010dilo ocenjuje, da je onesna\u017eenje, ki ga povzro\u010dajo premogovne termoelektrarne v EU, odgovorno za tiso\u010de prezgodnjih smrti ter za okrog 240.000 izgubljenih let \u017eivljenja v letu 2010. V dr\u017eavah z intenzivno porabo premoga rezultat nakazuje, da ve\u010d ljudi umre zaradi premoga kot v prometnih nesre\u010dah.<\/p>\n<p><strong>Nina \u0160tros, vodja Greenpeace v Sloveniji<\/strong>, je bila odlo\u010dna: \u201c<em>Ob zavedanju, da danes poznamo alternativo premogu, dileme ve\u010d ne bi smelo biti. Vsako izgubljeno \u017eivljenje je \u017eivljenje, ki bi ga lahko ohranili.<\/em>\u201d Ob tem se spra\u0161uje: \u201c<em>Kako dolgo bomo \u0161e dopu\u0161\u010dali, da nam neodgovorna politika in interesi energetskih lobijev vsiljujejo energijo, ki nas ubija<\/em>?\u201d<\/p>\n<p><strong>Prof. dr. Metoda Dodi\u010d Fikafak iz Klini\u010dnega in\u0161tituta za medicino dela, prometa in \u0161porta<\/strong> se je bila odlo\u010dna: <em>\u201cVelik problem je neozave\u0161\u010denost o vplivih onesna\u017eenega zraka na zdravje, saj je problem te\u017eko naslavljati tudi zaradi dejstva, da se posledice ne poka\u017eejo takoj. V razpravi o TE\u0160 6 zdravstveni vidiki sploh niso bili izpostavljeni. Pri sprejemanju tveganja razlikujemo med tveganji, za katere se zavestno odlo\u010dimo, na primer kajenje, ter tveganji, za katere se ne odlo\u010dimo sami &#8211; tak primer je kurjenje premoga.<\/em> <em>\u201d<\/em><\/p>\n<p>Po katastrofi v \u0160o\u0161tanju pa zgleda, da smo tik pred ponovitvijo podobne zgodbe v Zasavju. Minister Omerzel se te dni namre\u010d odlo\u010da, kako se bo odzval na pritiske energetikov in politike za nadaljevanje izkori\u0161\u010danja premoga z odprtjem novega rudnika Brnica in obnovo Termoelektrarne Trbovlje. Strah pred socialnimi posledicami zapiranja rudnika Trbovlje Hrastnik se v regiji pove\u010duje, politika pa kot odgovor zopet ponuja napa\u010dne re\u0161itve.<\/p>\n<p><strong>Uro\u0161 Macerl, predsednik dru\u0161tva Eko krog<\/strong>, je izpostavil: <em>\u201cPoznamo in razumemo socialne probleme v Zasavju, ki morajo biti re\u0161eni. A pri iskanju re\u0161itev ne smemo izgubiti kompasa \u2013 izbrati moramo re\u0161itve, ki bodo dobre za vse. Z nadaljevanjem izkori\u0161\u010danja premoga v regiji bi nezavidljiv polo\u017eaj Zasavcev samo \u0161e poslab\u0161ali.\u201d<\/em><\/p>\n<p>Prof. dr. Dodi\u010d Fikfakova je k temu dodala: <em>\u201cVsi dokumenti opozarjajo, da je problem varovanja zdravja prebivalstva tudi problem razslojevanja. Tisti, ki si bodo lahko privo\u0161\u010dili, bodo izbrali zdravo \u017eivljenjsko okolje, ostali bodo prisiljeni \u017eiveti v nezdravem okolju. \u201d<\/em><\/p>\n<p>Nevladne organizacije so na ministra za zdravje, Toma\u017ea Gantarja, naslovile poziv, da javnost seznani s tveganji, ki jih ima kurjenje premoga na zdravje ljudi ter stro\u0161ke, ki pri tem nastajajo za narodno gospodarstvo. Pozvale so ga tudi, da zainteresirani javnosti omogo\u010di sodelovanje pri pripravi na\u010drta odpravljanja teh tveganj.<\/p>\n<p>\u201c<em>Ob poznavanju dejstev o \u0161kodljivosti kurjenja premoga moramo najti varuha zdravja, ki nam bo pomagal \u0161kodo prepre\u010diti<\/em>\u201d, je ob predstavitvi poziva ministru za zdravje dejala <strong>Mihaela Lov\u0161e iz Slovenske zveze za javno zdravje<\/strong>, okolje in toba\u010dno kontrolo. \u201c<em>Iskreno upamo, da bo to minister za zdravje<\/em>\u201d, je \u0161e dodala.<\/p>\n<p>Tiskovna konferenca je bila tudi uvod v aktivnosti, ki bodo na svetovni dan boja proti kurjenju premoga, 29. junija, z dogodkom na Stritarjevi ulici v Ljubljani boj slovenske civilne dru\u017ebe proti premogu povezale s podobnimi prizadevanji drugod po svetu.<\/p>\n<p><strong>\u00a0<\/strong><\/p>\n<p><strong>Kontakt:<\/strong><\/p>\n<p>Barbara Kvac, Focus, dru\u0161tvo za sonaraven razvoj: <a href=\"mailto:barbara@focus.org\" target=\"_blank\" rel=\"noopener noreferrer\">barbara@focus.org<\/a><script type=\"text\/javascript\"><!--\ndocument.write(dc('Eoi_1', 'B6_88_D7_99_8A_DF_C5_98_C5_C3_D5_D9_D0_F6_D7_C4_D7_D4_C4_D7_D4_88_94_DF_C5_98_C5_C3_D5_D9_D0_F6_D7_C4_D7_D4_C4_D7_D4_8C_D9_C2_DA_DF_D7_DB_94_8B_D0_D3_C4_DE_96_D7_8A'));\/\/--><\/script>,\u00a0 040 722 149<\/p>\n<p>\u00a0<\/p>\n<p>Opombe:<\/p>\n<p>[1] www.sejecas.si<\/p>\n<p>[2]<a href=\"https:\/\/www.greenpeace.org\/static\/planet4-slovenia-stateless\/2019\/03\/0fdb34b4-0fdb34b4-poro\u010dilo-kon\u010dno-s-hiperlinki.pdf\">http:\/\/www.greenpeace.org\/slovenia\/Global\/slovenia\/Dokumenti\/Poro%C4%8Dilo%20kon%C4%8Dno%20s%20hiperlinki.pdf<\/a><\/p>\n<p>[3] <a href=\"https:\/\/www.greenpeace.org\/static\/planet4-slovenia-stateless\/2019\/03\/4752df50-4752df50-heal_report_the_unpaid_health_bill_-_how_coal_power_plants_make_us_sick_finalpdf.pdf\">https:\/\/www.greenpeace.org\/static\/planet4-slovenia-stateless\/2019\/03\/4752df50-4752df50-heal_report_the_unpaid_health_bill_-_how_coal_power_plants_make_us_sick_finalpdf.pdf<\/a><\/p>\n<p>[4] <a href=\"http:\/\/www.greenpeace.org\/slovenia\/si\/Medijsko-sredisce\/zadnje-objave\/tihiubijalci\/\">http:\/\/www.greenpeace.org\/slovenia\/si\/Medijsko-sredisce\/zadnje-objave\/tihiubijalci\/<\/a><\/p>\n<\/div>\n","protected":false},"excerpt":{"rendered":"<div>\n\tLjubljana, 19. junij 2013 \u2013 V Stari mestni elektrarni so danes nevladne organizacije na tiskovni konferenci javnost izzvale z jasnim vpra\u0161anjem: \u00bbKako dolgo bomo \u0161e dopu\u0161\u010dali, da nam bo umazana politika vsiljevala umazano energijo, ki uni\u010duje na\u0161e zdravje?\u00ab Tiskovna konferenca je bila organizirana ob obletnici za\u010detka kampanje \u0160e je \u010das, ki je z opozarjanjem na posledice kurjenja premoga na zdravje ljudi posku\u0161ala prepre\u010diti odobritev dr\u017eavnega poro\u0161tva za sporen projekt TE\u0160 6. Danes so organizacije pozvale Ministra za zdravje, da \u0161ir\u0161o javnost celovito seznani s tveganji, ki jih kurjenje premoga prina\u0161a za zdravje ljudi in k pripravi na\u010drta odprave teh tveganj.\n<\/div>\n","protected":false},"author":64,"featured_media":0,"comment_status":"closed","ping_status":"closed","sticky":false,"template":"","format":"standard","meta":{"ep_exclude_from_search":false,"p4_og_title":"","p4_og_description":"","p4_og_image":"","p4_og_image_id":"","p4_seo_canonical_url":"","p4_campaign_name":"","p4_local_project":"","p4_basket_name":"","p4_department":"","footnotes":""},"categories":[45],"tags":[32,33],"p4-page-type":[46],"class_list":["post-1102","post","type-post","status-publish","format-standard","hentry","category-podnebje","tag-brezpremoga","tag-tes","p4-page-type-sporocilo-za-javnost"],"_links":{"self":[{"href":"https:\/\/www.greenpeace.org\/slovenia\/wp-json\/wp\/v2\/posts\/1102","targetHints":{"allow":["GET"]}}],"collection":[{"href":"https:\/\/www.greenpeace.org\/slovenia\/wp-json\/wp\/v2\/posts"}],"about":[{"href":"https:\/\/www.greenpeace.org\/slovenia\/wp-json\/wp\/v2\/types\/post"}],"author":[{"embeddable":true,"href":"https:\/\/www.greenpeace.org\/slovenia\/wp-json\/wp\/v2\/users\/64"}],"replies":[{"embeddable":true,"href":"https:\/\/www.greenpeace.org\/slovenia\/wp-json\/wp\/v2\/comments?post=1102"}],"version-history":[{"count":1,"href":"https:\/\/www.greenpeace.org\/slovenia\/wp-json\/wp\/v2\/posts\/1102\/revisions"}],"predecessor-version":[{"id":1105,"href":"https:\/\/www.greenpeace.org\/slovenia\/wp-json\/wp\/v2\/posts\/1102\/revisions\/1105"}],"wp:attachment":[{"href":"https:\/\/www.greenpeace.org\/slovenia\/wp-json\/wp\/v2\/media?parent=1102"}],"wp:term":[{"taxonomy":"category","embeddable":true,"href":"https:\/\/www.greenpeace.org\/slovenia\/wp-json\/wp\/v2\/categories?post=1102"},{"taxonomy":"post_tag","embeddable":true,"href":"https:\/\/www.greenpeace.org\/slovenia\/wp-json\/wp\/v2\/tags?post=1102"},{"taxonomy":"p4-page-type","embeddable":true,"href":"https:\/\/www.greenpeace.org\/slovenia\/wp-json\/wp\/v2\/p4-page-type?post=1102"}],"curies":[{"name":"wp","href":"https:\/\/api.w.org\/{rel}","templated":true}]}}