{"id":1137,"date":"2013-10-04T00:00:00","date_gmt":"2013-10-04T00:00:00","guid":{"rendered":"https:\/\/master.k8s.p4.greenpeace.org\/slovenia\/blog\/1137\/skupni-poziv-vladi-in-parlamentu-pravi-cas-za-ukrepanje-je-zdaj\/"},"modified":"2023-06-01T16:19:53","modified_gmt":"2023-06-01T16:19:53","slug":"skupni-poziv-vladi-in-parlamentu-pravi-cas-za-ukrepanje-je-zdaj","status":"publish","type":"post","link":"https:\/\/www.greenpeace.org\/slovenia\/sporocilo-za-javnost\/1137\/skupni-poziv-vladi-in-parlamentu-pravi-cas-za-ukrepanje-je-zdaj\/","title":{"rendered":"Skupni poziv vladi in parlamentu: Pravi \u010das za ukrepanje je zdaj!"},"content":{"rendered":"<h2>Odprto pismo<\/h2>\n<\/p>\n<div class=\"leader\">\n\tLjubljana. 4. oktober &#8211;\n<\/div>\n<div>\n<p><span style=\"color: #000000; font-family: Verdana, Arial, Helvetica, sans-serif; font-size: 11px; font-style: normal; font-variant: normal; font-weight: normal; letter-spacing: normal; line-height: normal; orphans: auto; text-align: start; text-indent: 0px; text-transform: none; white-space: normal; widows: auto; word-spacing: 0px; display: inline !important; float: none;\">Teden dni po objavi poro\u010dila<\/span><a style=\"color: #990026; text-decoration: none; font-family: Verdana, Arial, Helvetica, sans-serif; font-size: 11px; font-style: normal; font-variant: normal; font-weight: normal; letter-spacing: normal; line-height: normal; orphans: auto; text-align: start; text-indent: 0px; text-transform: none; white-space: normal; widows: auto; word-spacing: 0px;\" href=\"http:\/\/www.ipcc.ch\/report\/ar5\/wg1\/#.Uk6raxCb6td\" target=\"_blank\" rel=\"noopener noreferrer\"><span class=\"Apple-converted-space\">\u00a0<\/span>Medvladnega panela za podnebne spremembe IPCC<\/a><span style=\"color: #000000; font-family: Verdana, Arial, Helvetica, sans-serif; font-size: 11px; font-style: normal; font-variant: normal; font-weight: normal; letter-spacing: normal; line-height: normal; orphans: auto; text-align: start; text-indent: 0px; text-transform: none; white-space: normal; widows: auto; word-spacing: 0px; display: inline !important; float: none;\">, v katerem so zbrane najbolj zaskrbljujo\u010de ugotovitve o podnebnih spremembah do sedaj, so tri slovenske nevladne organizacije<span class=\"Apple-converted-space\">\u00a0<\/span><\/span><a style=\"color: #990026; text-decoration: none; font-family: Verdana, Arial, Helvetica, sans-serif; font-size: 11px; font-style: normal; font-variant: normal; font-weight: normal; letter-spacing: normal; line-height: normal; orphans: auto; text-align: start; text-indent: 0px; text-transform: none; white-space: normal; widows: auto; word-spacing: 0px;\" href=\"http:\/\/www.umanotera.org\/\">Umanotera<\/a><span style=\"color: #000000; font-family: Verdana, Arial, Helvetica, sans-serif; font-size: 11px; font-style: normal; font-variant: normal; font-weight: normal; letter-spacing: normal; line-height: normal; orphans: auto; text-align: start; text-indent: 0px; text-transform: none; white-space: normal; widows: auto; word-spacing: 0px; display: inline !important; float: none;\">,<span class=\"Apple-converted-space\">\u00a0<\/span><\/span><a style=\"color: #990026; text-decoration: none; font-family: Verdana, Arial, Helvetica, sans-serif; font-size: 11px; font-style: normal; font-variant: normal; font-weight: normal; letter-spacing: normal; line-height: normal; orphans: auto; text-align: start; text-indent: 0px; text-transform: none; white-space: normal; widows: auto; word-spacing: 0px;\" href=\"http:\/\/www.focus.si\/\" target=\"_blank\" rel=\"noopener noreferrer\">Focus<span class=\"Apple-converted-space\">\u00a0<\/span><\/a><span style=\"color: #000000; font-family: Verdana, Arial, Helvetica, sans-serif; font-size: 11px; font-style: normal; font-variant: normal; font-weight: normal; letter-spacing: normal; line-height: normal; orphans: auto; text-align: start; text-indent: 0px; text-transform: none; white-space: normal; widows: auto; word-spacing: 0px; display: inline !important; float: none;\">in<span class=\"Apple-converted-space\">\u00a0<\/span><\/span><a style=\"color: #990026; text-decoration: none; font-family: Verdana, Arial, Helvetica, sans-serif; font-size: 11px; font-style: normal; font-variant: normal; font-weight: normal; letter-spacing: normal; line-height: normal; orphans: auto; text-align: start; text-indent: 0px; text-transform: none; white-space: normal; widows: auto; word-spacing: 0px;\" href=\"http:\/\/www.greenpeace.si\/\" target=\"_blank\" rel=\"noopener noreferrer\">Greenpeace<span class=\"Apple-converted-space\">\u00a0<\/span><\/a><span style=\"color: #000000; font-family: Verdana, Arial, Helvetica, sans-serif; font-size: 11px; font-style: normal; font-variant: normal; font-weight: normal; letter-spacing: normal; line-height: normal; orphans: auto; text-align: start; text-indent: 0px; text-transform: none; white-space: normal; widows: auto; word-spacing: 0px; display: inline !important; float: none;\">v Sloveniji ponovno pozvale slovensko vlado in poslance, naj prevzamejo pobudo in vodilno vlogo v boju proti podnebnim spremembam.<\/span><\/p>\n<p><span style=\"color: #000000; font-family: Verdana, Arial, Helvetica, sans-serif; font-size: 11px; font-style: normal; font-variant: normal; font-weight: normal; letter-spacing: normal; line-height: normal; orphans: auto; text-align: start; text-indent: 0px; text-transform: none; white-space: normal; widows: auto; word-spacing: 0px; display: inline !important; float: none;\">Od vlade in parlamenta med drugim pri\u010dakujejo:<\/span><\/p>\n<ul style=\"padding: 0px; margin: 10px 0px 10px 20px; color: #000000; font-family: Verdana, Arial, Helvetica, sans-serif; font-size: 11px; font-style: normal; font-variant: normal; font-weight: normal; letter-spacing: normal; line-height: normal; orphans: auto; text-align: start; text-indent: 0px; text-transform: none; white-space: normal; widows: auto; word-spacing: 0px;\">\n<li style=\"padding: 0px; margin: 5px 0px 5px 10px; font-family: Verdana, Arial, Helvetica, sans-serif; font-size: 11px; text-decoration: none; font-weight: normal;\">Slovenija naj zaostri svoje cilje zmanj\u0161anja emisij do leta 2020<\/li>\n<li style=\"padding: 0px; margin: 5px 0px 5px 10px; font-family: Verdana, Arial, Helvetica, sans-serif; font-size: 11px; text-decoration: none; font-weight: normal;\">Sklic izredne seje v Dr\u017eavnem zboru, na kateri bodo prisotni vsi ministri s predsednico Vlade na \u010delu, kjer bodo med drugim prisluhnili priporo\u010dilom znanstvene, gospodarske, civilno-dru\u017ebene sfere na temo bla\u017eenja in prilagajanja na podnebne spremembe<\/li>\n<li style=\"padding: 0px; margin: 5px 0px 5px 10px; font-family: Verdana, Arial, Helvetica, sans-serif; font-size: 11px; text-decoration: none; font-weight: normal;\">Vlada naj v najkraj\u0161em mo\u017enem \u010dasu pripravi in Dr\u017eavni zbor sprejme podnebno strategijo za Slovenijo, ki bo vsebovala tudi strategijo prilagajanja.<\/li>\n<li style=\"padding: 0px; margin: 5px 0px 5px 10px; font-family: Verdana, Arial, Helvetica, sans-serif; font-size: 11px; text-decoration: none; font-weight: normal;\">V okviru sanacije javnih financ naj se ukinejo vse subvencije, ki spodbujajo uporabo fosilnih goriv, in izvede naj se celovita zelena dav\u010dna reforma.<\/li>\n<li style=\"padding: 0px; margin: 5px 0px 5px 10px; font-family: Verdana, Arial, Helvetica, sans-serif; font-size: 11px; text-decoration: none; font-weight: normal;\">Ponovno naj se vzpostavi Slu\u017eba Vlade RS za podnebje, ki bo delovala resni\u010dno horizontalno in proaktivno.<\/li>\n<li style=\"padding: 0px; margin: 5px 0px 5px 10px; font-family: Verdana, Arial, Helvetica, sans-serif; font-size: 11px; text-decoration: none; font-weight: normal;\">Slovenija naj se ponovno pridru\u017ei dr\u017eavam EU, ki podpirajo napredno podnebno politiko v procesu oblikovanja ciljev za leto 2030.<\/li>\n<li style=\"padding: 0px; margin: 5px 0px 5px 10px; font-family: Verdana, Arial, Helvetica, sans-serif; font-size: 11px; text-decoration: none; font-weight: normal;\">Slovenija naj zagotovi pravi\u010dni dele\u017e svojih sredstev za podnebne ukrepe v dr\u017eavah v razvoju.<\/li>\n<\/ul>\n<p><span style=\"color: #000000; font-family: Verdana, Arial, Helvetica, sans-serif; font-size: 11px; font-style: normal; font-variant: normal; font-weight: normal; letter-spacing: normal; line-height: normal; orphans: auto; text-align: start; text-indent: 0px; text-transform: none; white-space: normal; widows: auto; word-spacing: 0px; display: inline !important; float: none;\">Ve\u010d o pozivu ter predlaganih re\u0161itvah in spremembah v preberite<a title=\"poro\u010dilo\" href=\"https:\/\/www.greenpeace.org\/static\/planet4-slovenia-stateless\/2019\/03\/831663b3-831663b3-poziv_vladi_in_dz___podnebne_spremembe_04.pdf\" target=\"_blank\" rel=\"noopener noreferrer\"> tukaj<\/a>.<\/span><\/p>\n<\/div>\n","protected":false},"excerpt":{"rendered":"<div>\n\tLjubljana. 4. oktober &#8211;\n<\/div>\n","protected":false},"author":64,"featured_media":0,"comment_status":"closed","ping_status":"closed","sticky":false,"template":"","format":"standard","meta":{"ep_exclude_from_search":false,"p4_og_title":"","p4_og_description":"","p4_og_image":"","p4_og_image_id":"","p4_seo_canonical_url":"","p4_campaign_name":"","p4_local_project":"","p4_basket_name":"","p4_department":"","footnotes":""},"categories":[45],"tags":[23],"p4-page-type":[46],"class_list":["post-1137","post","type-post","status-publish","format-standard","hentry","category-podnebje","tag-podnebje","p4-page-type-sporocilo-za-javnost"],"_links":{"self":[{"href":"https:\/\/www.greenpeace.org\/slovenia\/wp-json\/wp\/v2\/posts\/1137","targetHints":{"allow":["GET"]}}],"collection":[{"href":"https:\/\/www.greenpeace.org\/slovenia\/wp-json\/wp\/v2\/posts"}],"about":[{"href":"https:\/\/www.greenpeace.org\/slovenia\/wp-json\/wp\/v2\/types\/post"}],"author":[{"embeddable":true,"href":"https:\/\/www.greenpeace.org\/slovenia\/wp-json\/wp\/v2\/users\/64"}],"replies":[{"embeddable":true,"href":"https:\/\/www.greenpeace.org\/slovenia\/wp-json\/wp\/v2\/comments?post=1137"}],"version-history":[{"count":1,"href":"https:\/\/www.greenpeace.org\/slovenia\/wp-json\/wp\/v2\/posts\/1137\/revisions"}],"predecessor-version":[{"id":1139,"href":"https:\/\/www.greenpeace.org\/slovenia\/wp-json\/wp\/v2\/posts\/1137\/revisions\/1139"}],"wp:attachment":[{"href":"https:\/\/www.greenpeace.org\/slovenia\/wp-json\/wp\/v2\/media?parent=1137"}],"wp:term":[{"taxonomy":"category","embeddable":true,"href":"https:\/\/www.greenpeace.org\/slovenia\/wp-json\/wp\/v2\/categories?post=1137"},{"taxonomy":"post_tag","embeddable":true,"href":"https:\/\/www.greenpeace.org\/slovenia\/wp-json\/wp\/v2\/tags?post=1137"},{"taxonomy":"p4-page-type","embeddable":true,"href":"https:\/\/www.greenpeace.org\/slovenia\/wp-json\/wp\/v2\/p4-page-type?post=1137"}],"curies":[{"name":"wp","href":"https:\/\/api.w.org\/{rel}","templated":true}]}}