{"id":1155,"date":"2014-04-14T00:00:00","date_gmt":"2014-04-14T00:00:00","guid":{"rendered":"https:\/\/master.k8s.p4.greenpeace.org\/slovenia\/blog\/1155\/katastrofalnim-podnebnim-spremembam-se-lahko-izognemo-ce-ukrepamo-hitro\/"},"modified":"2023-06-01T16:19:44","modified_gmt":"2023-06-01T16:19:44","slug":"katastrofalnim-podnebnim-spremembam-se-lahko-izognemo-ce-ukrepamo-hitro","status":"publish","type":"post","link":"https:\/\/www.greenpeace.org\/slovenia\/sporocilo-za-javnost\/1155\/katastrofalnim-podnebnim-spremembam-se-lahko-izognemo-ce-ukrepamo-hitro\/","title":{"rendered":"Katastrofalnim podnebnim spremembam se lahko izognemo, \u010de ukrepamo hitro"},"content":{"rendered":"<div class=\"leader\">\n\tSporo\u010dilo za javnost, 13.4.2014\n<\/div>\n<div>\n<p><strong>Berlin\/Ljubljana, 13. april 2014 &#8211; Zadnje poro\u010dilo Medvladnega panela<\/strong><br \/><strong> za podnebne spremembe (IPCC WGIII), ki je danes iz\u0161lo v Berlinu, ka\u017ee,<\/strong><br \/><strong> da se je katastrofalnim podnebnim spremembam \u0161e mo\u017eno izogniti, a le,<\/strong><br \/><strong> \u010de bomo hitro in trajno zmanj\u0161ali onesna\u017eevanje ozra\u010dja.<\/strong><\/p>\n<p> Poro\u010dilo izpostavlja koristi pove\u010dane rabe okolju prijazne obnovljive<br \/> energije in dolgoro\u010dno opu\u0161\u010danje umazanih fosilnih goriv. Strokovnjaki<br \/> IPCC opozarjajo, da bodo za re\u0161itev podnebne krize, poleg prenove<br \/> energetskega sistema potrebne tudi druge re\u0161itve. Potrebno bo<br \/> pove\u010devati u\u010dinkovitost rabe energije ter vlagati v bolj\u0161e tehnologije<br \/> na podro\u010dju prometa in stavb.<\/p>\n<p> \u010ce \u017eelimo prepre\u010diti najhuj\u0161e posledice podnebnih sprememb, moramo<br \/> rabo brez- ali nizko-oglji\u010dnih energetskih virov do leta 2050 vsaj<br \/> potrojiti, pravijo v IPCC. Za financiranje prehoda bo potrebno v<br \/> prihodnjih desetletjih zmanj\u0161ati investicije v umazano energijo za<br \/> vsaj 30 milijard dolarjev letno, investicije v obnovljive vire pa<br \/> podvojiti.<\/p>\n<p> Focus, dru\u0161tvo za sonaraven razvoj in Greenpeace v Sloveniji<br \/> pozdravljata ugotovitve novega poro\u010dila. <em>&#8220;To poro\u010dilo ka\u017ee, da re\u0161itve<\/em><br \/><em> za podnebno krizo imamo&#8221;, <\/em><strong>komentira Lidija \u017div\u010di\u010d, strokovna vodja pri<\/strong><br \/><strong> Focusu, dru\u0161tvu za sonaraven razvoj<\/strong><em><strong>. <\/strong><\/em>A ker emisije toplogrednih<br \/> plinov na globalni ravni \u0161e vedno nara\u0161\u010dajo, je jasno, da je potrebno<br \/> za pospe\u0161itev prehoda od umazane energije k \u010distim obnovljivim virom<br \/> narediti ve\u010d in ukrepati hitreje.&#8221;<\/p>\n<p> Tretji del Petega poro\u010dila o oceni stanja IPCC &#8211; pri katerem je zadnja<br \/> spoznanja iz relevantnega znanstvenega podro\u010dja zbiralo ve\u010d kot 800<br \/> znanstvenikov &#8211; je pove\u010dal pritisk na vlade, da ukrepajo, saj<br \/> poudarja, da bo takoj\u0161nje zmanj\u0161evanje emisij cenej\u0161e in bolj<br \/> u\u010dinkovito.<\/p>\n<p> <em>&#8220;Slovenija spada med dr\u017eave, ki jo bodo podnebne spremembe prizadele<\/em><br \/><em> bolj od nekaterih drugih dr\u017eav&#8221;<\/em>, opozarja <strong>Dejan Savi\u0107, zastopnik za<\/strong><br \/><strong> energetsko politiko pri Greenpace v Sloveniji<\/strong>,<em> &#8220;zato je na\u0161a dol\u017enost<\/em><br \/><em> ukrepanja toliko ve\u010dja<\/em>. <em>Vlada Alenke Bratu\u0161ek naj v aktualni<\/em><br \/><em> evropski razpravi podpre ambiciozno podnebno-energetsko politiko EU za<\/em><br \/><em> leto 2030, ki bo temeljila na treh nacionalno obvezujo\u010dih ciljih. S<\/em><br \/><em> tem bomo najve\u010d naredili za globalno re\u0161evanje podnebnih<\/em><br \/><em> sprememb,&#8221; <\/em>dodaja Savi\u0107.<\/p>\n<p> Prehod k obnovljivi energiji bo zagotovil ogromne koristi &#8211; od<br \/> izbolj\u0161anja zdravja in kakovosti okolja, energetske varnosti,<br \/> neodvisnosti od politi\u010dnih konfliktov v dr\u017eavah proizvajalkah nafte in<br \/> plina, do ustvarjanja mno\u017eice novih delovnih mest razpr\u0161eno po dr\u017eavah.<\/p>\n<p> V dru\u0161tvu Focus in Greenpeace pri\u010dakujemo, da se bo predsednica vlade<br \/> Alenka Bratu\u0161ek na prihajajo\u010dem podnebnem vrhu septembra letos<br \/> zavezala k odlo\u010dnemu podnebnemu ukrepanju in s tem pomagala tlakovati<br \/> pot za u\u010dinkovit globalni sporazum, ki mora biti v skladu z<br \/> mednarodnim dogovorim podpisan konec leta 2015 v Parizu.<\/p>\n<p> *** KONEC ***<\/p>\n<p> VE\u010c INFORMACIJ:<br \/> Lidija \u017div\u010di\u010d, <a href=\"mailto:lidija@focus.org\" target=\"_blank\" rel=\"noopener noreferrer\">lidija@focus.org<\/a><script type=\"text\/javascript\"><!--\ndocument.write(dc('Eoi_1', '8D_B3_EC_A2_B1_E4_FE_A3_FE_F8_EE_E2_EB_CD_EC_E7_E4_E9_E4_E1_B3_AF_E6_E3_EC_E1_EF_D2_AF_B0_F9_E8_EA_FF_EC_F9_AD_AF_E4_FE_A3_FE_F8_EE_E2_EB_CD_EC_E7_E4_E9_E4_E1_B7_E2_F9_E1_E4_EC_E0_AF_B0_EB_E8_FF_E5_AD_EC_B1'));\/\/--><\/script>, T: 0590 71 326<br \/> Dejan Savi\u0107, <a href=\"http:\/\/www.greenpeace.org\/slovenia\/Templates\/Planet3\/Pages\/dejan.savic@greenpeace\">dejan.savic@greenpeace<\/a>, T: 040 165 195<\/p>\n<\/div>\n","protected":false},"excerpt":{"rendered":"<div>\n\tSporo\u010dilo za javnost, 13.4.2014\n<\/div>\n","protected":false},"author":64,"featured_media":0,"comment_status":"closed","ping_status":"closed","sticky":false,"template":"","format":"standard","meta":{"ep_exclude_from_search":false,"p4_og_title":"","p4_og_description":"","p4_og_image":"","p4_og_image_id":"","p4_seo_canonical_url":"","p4_campaign_name":"","p4_local_project":"","p4_basket_name":"","p4_department":"","footnotes":""},"categories":[45],"tags":[29,23],"p4-page-type":[46],"class_list":["post-1155","post","type-post","status-publish","format-standard","hentry","category-podnebje","tag-energetskeskupnosti","tag-podnebje","p4-page-type-sporocilo-za-javnost"],"_links":{"self":[{"href":"https:\/\/www.greenpeace.org\/slovenia\/wp-json\/wp\/v2\/posts\/1155","targetHints":{"allow":["GET"]}}],"collection":[{"href":"https:\/\/www.greenpeace.org\/slovenia\/wp-json\/wp\/v2\/posts"}],"about":[{"href":"https:\/\/www.greenpeace.org\/slovenia\/wp-json\/wp\/v2\/types\/post"}],"author":[{"embeddable":true,"href":"https:\/\/www.greenpeace.org\/slovenia\/wp-json\/wp\/v2\/users\/64"}],"replies":[{"embeddable":true,"href":"https:\/\/www.greenpeace.org\/slovenia\/wp-json\/wp\/v2\/comments?post=1155"}],"version-history":[{"count":1,"href":"https:\/\/www.greenpeace.org\/slovenia\/wp-json\/wp\/v2\/posts\/1155\/revisions"}],"predecessor-version":[{"id":1156,"href":"https:\/\/www.greenpeace.org\/slovenia\/wp-json\/wp\/v2\/posts\/1155\/revisions\/1156"}],"wp:attachment":[{"href":"https:\/\/www.greenpeace.org\/slovenia\/wp-json\/wp\/v2\/media?parent=1155"}],"wp:term":[{"taxonomy":"category","embeddable":true,"href":"https:\/\/www.greenpeace.org\/slovenia\/wp-json\/wp\/v2\/categories?post=1155"},{"taxonomy":"post_tag","embeddable":true,"href":"https:\/\/www.greenpeace.org\/slovenia\/wp-json\/wp\/v2\/tags?post=1155"},{"taxonomy":"p4-page-type","embeddable":true,"href":"https:\/\/www.greenpeace.org\/slovenia\/wp-json\/wp\/v2\/p4-page-type?post=1155"}],"curies":[{"name":"wp","href":"https:\/\/api.w.org\/{rel}","templated":true}]}}