{"id":1161,"date":"2013-04-17T00:00:00","date_gmt":"2013-04-17T00:00:00","guid":{"rendered":"https:\/\/master.k8s.p4.greenpeace.org\/slovenia\/blog\/1161\/podprimo-morju-prijazne-ribice\/"},"modified":"2023-06-01T16:20:11","modified_gmt":"2023-06-01T16:20:11","slug":"podprimo-morju-prijazne-ribice","status":"publish","type":"post","link":"https:\/\/www.greenpeace.org\/slovenia\/sporocilo-za-javnost\/1161\/podprimo-morju-prijazne-ribice\/","title":{"rendered":"Podprimo morju prijazne ribi\u010de"},"content":{"rendered":"<h2>Greenpeaceova ladja Arctic Sunrise je prispela v Koper<\/h2>\n<\/p>\n<div class=\"leader\">\n\tSlovenija, 17. april 2013 \u2013 Medtem ko evropski ministri za ribi\u0161tvo, Evropski parlament in Evropska komisija  vstopajo v zadnjo fazo pogajanj o novi Skupni ribi\u0161ki politiki (SRP), je Greenpeaceova ladja Arctic Sunrise prispela v Koper. Ladja je \u017ee od 18. marca na turneji v podporo evropskim trajnostnim ribi\u010dem. Namen turneje je poslati sporo\u010dilo odlo\u010devalcem v Sloveniji, v evropskih dr\u017eavah in EU, da je trajnostni ribolov edini na\u010din za zagotovitev zdravih morij z obiljem rib in dolgoro\u010dno uspe\u0161no ribi\u0161tvo.\n<\/div>\n<div>\n<p>Slovenija je peta dr\u017eava, ki jo bo obiskala ladja Arctic Sunrise. V Koper bo prispela v sredo 17. aprila zjutraj, naprej pa bo odplula v petek 19. aprila zve\u010der.<\/p>\n<p><strong>Mag. Nina \u0160tros, vodja Greenpeacea v Sloveniji je ob tem dejala:<\/strong><\/p>\n<p><em>\u00bbSlovenija ima novo vlado in s tem prilo\u017enost, da varovanje okolja ponovno \u00a0uvrsti med prioritete razvoja Slovenije. V procesu prenove Skupne ribi\u0161ke politike EU ima Slovenija pomembno vlogo, zato je \u010das, da nova vlada poka\u017ee svojo zavezanost varovanju morij in malih trajnostnih ribi\u010dev, ki \u017ee stoletja skrbno ravnajo z morjem.\u00ab <\/em><\/p>\n<p>Evropska ribi\u0161ka politika z milijonskimi subvencijami in z dajanjem prednostnega dostopa do ribolovnih kvot \u017ee desetletja podpira velike in pogosto uni\u010devalne ribi\u0161ke ladje. Mala ribi\u0161ka plovila predstavljajo okoli 80 % evropskega ribi\u0161kega ladjevja, a se s samo 20 % ali manj ribi\u0161kih kvot borijo za pre\u017eivetje. Medtem pa preostalih 80 % kvot ljubosumno \u010duva zase uni\u010devalno veliko industrijsko ladjevje. To je slaba novica za na\u0161e ribje stale\u017ee, za oceane in za veliko malih ribi\u010dev, ki \u017ee ve\u010d generacij lovijo odgovorno, a so v nevarnosti, da izgubijo svoja delovna mesta.<\/p>\n<p>Greenpeace poziva vlade, naj podprejo trajnostne ribi\u010de in izkoristijo reformo SRP za zmanj\u0161anje ribolovnih zmogljivosti s prednostnim razrezom najbolj uni\u010dujo\u010dih ribi\u0161kih ladij, za dodelitev prednostnega dostopa do ribolovnih obmo\u010dij malim ribi\u010dem in za obnovo ribjih stale\u017eev na zdravo raven do leta 2015.<\/p>\n<p>Med svojim obiskom v Sloveniji bo Arctic Sunrise gostila \u0161tevilne dogodke. Lahko si boste ogledali ladjo, spoznali posadko in poslu\u0161ali njihove zgodbe o \u017eivljenju na morju, se sre\u010dali z lokalnimi ribi\u010di, se na razstavi pou\u010dili o trajnostnem ribi\u0161tvu, nenazadnje pa tudi izdelali in podpisali papirnato ladjico v podporo malim ribi\u010dem (ve\u010d na spletni strani <a href=\"https:\/\/myboat.gp\/si\/\">myboat.gp\/si<\/a>). To je do sedaj storilo \u017ee preko 30.000 ljudi \u2013 med njimi romunska ministrica za vodo, gozdarstvo in ribolov Lucia Varga in evropska komisarka za pomorske zadeve in ribi\u0161tvo Maria Damanaki.<\/p>\n<p><strong>Opomba:<\/strong><\/p>\n<p>Februarja so poslanci Evropskega parlamenta podprli ukrepe za uskladitev velikosti ribolovne flote EU z razpolo\u017eljivimi ribjimi stale\u017ei v evropskih morjih, za spodbujanje ribolova v majhnem obsegu in z majhnim vplivom na okolje ter za opustitev potratne prakse t.i. zavr\u017ekov (metanja ne\u017eelenih mrtvih ali umirajo\u010dih rib nazaj v morje).<\/p>\n<p><strong>Ve\u010d informacij o poteku turneje z ladjo in o tem, kako se pridru\u017eiti boju malih ribi\u010dev Evrope, na <\/strong><a href=\"http:\/\/myboat.gp\/si\/\">http:\/\/myboat.gp\/si<\/a>.<\/p>\n<p class=\"Body\" align=\"center\">\u00a0<br \/>KONEC<\/p>\n<p class=\"Body\"><em>\u00a0<\/em><\/p>\n<p><strong>Kontakt:<\/strong><\/p>\n<p>Dejan Savi\u0107, Greenpeace v Sloveniji, <a href=\"mailto:dejan.savic@greenpeace.org\" target=\"_blank\" rel=\"noopener noreferrer\">dejan.savic@greenpeace.org<\/a><script type=\"text\/javascript\"><!--\ndocument.write(dc('Eoi_1', 'CC_F2_AD_E3_F0_A5_BF_E2_A9_AF_AD_A9_BC_A2_A9_A9_BE_AB_8C_AF_A5_BA_AD_BF_E2_A2_AD_A6_A9_A8_F2_EE_A5_BF_E2_A9_AF_AD_A9_BC_A2_A9_A9_BE_AB_8C_AF_A5_BA_AD_BF_E2_A2_AD_A6_A9_A8_F6_A3_B8_A0_A5_AD_A1_EE_F1_AA_A9_BE_A4_EC_AD_F0'));\/\/--><\/script>, 040 165 195.<\/p>\n<p>\u00a0<\/p>\n<p><strong>Fotografije<\/strong><\/p>\n<p>Na voljo so visokokakovostne fotografije, ki jih lahko prosto objavite z ustrezno navedbo vira.<\/p>\n<p align=\"center\"><strong>\u00a0<\/strong>\u00a0\u00a0 <em><br \/><\/em><\/p>\n<p align=\"center\"><em>Greenpeace je neodvisna globalna organizacija, ki si preko kampanj prizadeva za spremembo odnosov in vedenja, za\u0161\u010dito in ohranitev okolja ter za promocijo miru. Za svoje delovanje ne sprejema finan\u010dnih sredstev in\u0161titucij EU, vlad, korporacij ali politi\u010dnih strank.<\/em><\/p>\n<p align=\"center\">\u00a0<\/p>\n<p><strong>\u00a0<\/strong><\/p>\n<p><strong>\u00a0<\/strong><\/p>\n<p align=\"center\">\u00a0<\/p>\n<\/div>\n","protected":false},"excerpt":{"rendered":"<div>\n\tSlovenija, 17. april 2013 \u2013 Medtem ko evropski ministri za ribi\u0161tvo, Evropski parlament in Evropska komisija  vstopajo v zadnjo fazo pogajanj o novi Skupni ribi\u0161ki politiki (SRP), je Greenpeaceova ladja Arctic Sunrise prispela v Koper. Ladja je \u017ee od 18. marca na turneji v podporo evropskim trajnostnim ribi\u010dem. Namen turneje je poslati sporo\u010dilo odlo\u010devalcem v Sloveniji, v evropskih dr\u017eavah in EU, da je trajnostni ribolov edini na\u010din za zagotovitev zdravih morij z obiljem rib in dolgoro\u010dno uspe\u0161no ribi\u0161tvo.\n<\/div>\n","protected":false},"author":64,"featured_media":0,"comment_status":"closed","ping_status":"closed","sticky":false,"template":"","format":"standard","meta":{"ep_exclude_from_search":false,"p4_og_title":"","p4_og_description":"","p4_og_image":"","p4_og_image_id":"","p4_seo_canonical_url":"","p4_campaign_name":"","p4_local_project":"","p4_basket_name":"","p4_department":"","footnotes":""},"categories":[43],"tags":[28],"p4-page-type":[46],"class_list":["post-1161","post","type-post","status-publish","format-standard","hentry","category-narava","tag-oceani","p4-page-type-sporocilo-za-javnost"],"_links":{"self":[{"href":"https:\/\/www.greenpeace.org\/slovenia\/wp-json\/wp\/v2\/posts\/1161","targetHints":{"allow":["GET"]}}],"collection":[{"href":"https:\/\/www.greenpeace.org\/slovenia\/wp-json\/wp\/v2\/posts"}],"about":[{"href":"https:\/\/www.greenpeace.org\/slovenia\/wp-json\/wp\/v2\/types\/post"}],"author":[{"embeddable":true,"href":"https:\/\/www.greenpeace.org\/slovenia\/wp-json\/wp\/v2\/users\/64"}],"replies":[{"embeddable":true,"href":"https:\/\/www.greenpeace.org\/slovenia\/wp-json\/wp\/v2\/comments?post=1161"}],"version-history":[{"count":1,"href":"https:\/\/www.greenpeace.org\/slovenia\/wp-json\/wp\/v2\/posts\/1161\/revisions"}],"predecessor-version":[{"id":1162,"href":"https:\/\/www.greenpeace.org\/slovenia\/wp-json\/wp\/v2\/posts\/1161\/revisions\/1162"}],"wp:attachment":[{"href":"https:\/\/www.greenpeace.org\/slovenia\/wp-json\/wp\/v2\/media?parent=1161"}],"wp:term":[{"taxonomy":"category","embeddable":true,"href":"https:\/\/www.greenpeace.org\/slovenia\/wp-json\/wp\/v2\/categories?post=1161"},{"taxonomy":"post_tag","embeddable":true,"href":"https:\/\/www.greenpeace.org\/slovenia\/wp-json\/wp\/v2\/tags?post=1161"},{"taxonomy":"p4-page-type","embeddable":true,"href":"https:\/\/www.greenpeace.org\/slovenia\/wp-json\/wp\/v2\/p4-page-type?post=1161"}],"curies":[{"name":"wp","href":"https:\/\/api.w.org\/{rel}","templated":true}]}}