{"id":1163,"date":"2013-10-18T00:00:00","date_gmt":"2013-10-18T00:00:00","guid":{"rendered":"https:\/\/master.k8s.p4.greenpeace.org\/slovenia\/blog\/1163\/greenpeace-30-dni-krivice-je-dovolj\/"},"modified":"2023-06-01T16:19:50","modified_gmt":"2023-06-01T16:19:50","slug":"greenpeace-30-dni-krivice-je-dovolj","status":"publish","type":"post","link":"https:\/\/www.greenpeace.org\/slovenia\/sporocilo-za-javnost\/1163\/greenpeace-30-dni-krivice-je-dovolj\/","title":{"rendered":"Greenpeace: \u00bb30 dni krivice je dovolj!\u00ab"},"content":{"rendered":"<h2>Protestniki proti \u010drpanju nafte v ruski Arktiki priprti \u017ee 30. dan<\/h2>\n<\/p>\n<div class=\"leader\">\n\tGreenpeace: Sporo\u010dilo za javnost\n<\/div>\n<div>\n<p><strong><strong>Ljubljana, 17. oktober 2013 \u2013 Greenpeace z aktivnostmi v Ljubljani in po vsem svetu opozarja na dejstvo, da je t.i. Arkti\u010dnih 30 \u2013 28 aktivistov in dva novinarja \u2013 \u017ee 30. dan krivi\u010dno priprtih v Rusiji. Vseh 30 je obto\u017eenih piratstva, pri \u010demer je jasno, da Greenpeaceovi aktivisti in novinarji niso pirati.<\/strong><br \/><\/strong><\/p>\n<p>Danes mineva 30 dni, odkar so 30 mo\u0161kih in \u017eensk aretirali na krovu Greenpeaceove ladje Arctic Sunrise, potem ko so miroljubno protestirali ali posku\u0161ali dokumentirati Gazpromove poskuse \u010drpanja nafte v neokrnjenem arkti\u010dnem okolju. Vseh 28 aktivistov in dva novinarja se soo\u010dajo z obto\u017ebami piratstva in grozi jim 15 let zapora. <\/p>\n<p>Greenpeace v Sloveniji je danes na Trgu francoske revolucije, zgodovinskem simbolu svobode in \u010dlovekovih pravic, pripravil javno manifestacijo, s katero opozorja javnost na krivico, ki jo do\u017eivlja Arkti\u010dnih 30, ki so zaradi absurdne obto\u017ebe piratstva \u017ee 30 dni po krivem priprti. Manifestacija se je za\u010dela s tridesetimi simboli\u010dnimi udarci ob gong, ki so ponazorili dolgotrajnost in krivi\u010dnost 30-dnevnega pripora. Trije aktivisti so imeli simboli\u010dno vklenjene roke, pri \u010demer so pokleknili pred tridesetimi sve\u010dami, postavljenimi v obliko \u0161tevila 30.<\/p>\n<p>Dana\u0161nji dogodek v Ljubljani je samo eden izmed 85 dogodkov, ki potekajo v ve\u010d kot 36-ih mestih v razli\u010dnih dr\u017eavah sveta, kjer blizu 10 000 ljudi poziva k takoj\u0161nji izpustitvi Arkti\u010dnih 30.<\/p>\n<p><strong>Mag. Nina \u0160tros, vodja Greenpeace v Sloveniji<\/strong>, je dejala:<br \/><em>\u00a0\u00bbArkti\u010dnih 30 se je v imenu vseh nas zavzelo za krhko okolje in podnebje, ki sta v krizi. Zdaj se moramo mi zavzeti zanje. Njihov pripor je napad proti vsakemu posamezniku, ki je kadarkoli dvignil glas in zahteval bolj\u0161o prihodnost zase in za svoje otroke. Vsi priprti so zaporniki vesti, mi vsi pa smo odgovorni za njihovo usodo. <\/em><em>Trideset dni krivice je dovolj! \u010cas je, da se absurdne obto\u017ebe piratstva opustijo in se vseh Arkti\u010dnih 30 vrne nazaj k dru\u017einam\u00ab.<\/em><\/p>\n<p>Svojo podporo Arkti\u010dnim 30 je izrazila \u0161iroka paleta mednarodnih osebnosti iz sveta politike in civilne dru\u017ebe. Predsednica Brazilije Dilma Rousseff je prej\u0161nji teden pozvala k njihovi izpustitvi, nem\u0161ka kanclerka Angela Merkel je o priprtih aktivistih govorila neposredno s Vladimirjem Putinom. V\u010deraj je enajst Nobelovih nagrajencev za mir Putinu poslalo pismo, v katerem so ga pozvali k takoj\u0161nji izpustitvi aktivistov. Olimpijska legenda John Carlos je ob 45-letnici svoje miroljubne geste na Mehi\u0161kih olimpijskih igrah \u2013 ko je na zmagovalnih stopni\u010dkah dvignil svojo pest proti rasizmu \u2013 pozval k takoj\u0161nji izpustitvi Arkti\u010dnih 30. Prihodnji teden bo britanski parlament razpravljal o priprtih aktivistih in se odlo\u010dil, kako bodo posredovali.<\/p>\n<p>KONEC<\/p>\n<p><strong>Ve\u010d informacij:<\/strong><br \/>Dejan Savi\u0107, Greenpeace v Sloveniji, <a href=\"mailto:dejan.savic@greenpeace.org\" target=\"_blank\" rel=\"noopener noreferrer\">dejan.savic@greenpeace.org<\/a><script type=\"text\/javascript\"><!--\ndocument.write(dc('Eoi_1', 'B2_DB_C1_9C_D7_D1_D3_D7_C2_DC_D7_D7_C0_D5_F2_D1_DB_C4_D3_C1_9C_DC_D3_D8_D7_D6'));\/\/--><\/script>, 040 165 195<\/p>\n<p>\u00a0<\/p>\n<p style=\"text-align: center;\"><em style=\"outline-style: none; color: #0e0f0e; font-family: Verdana, Geneva, Arial, Helvetica, sans-serif; font-size: 12px; font-variant: normal; font-weight: normal; letter-spacing: normal; line-height: 18px; orphans: auto; text-align: -webkit-center; text-indent: 0px; text-transform: none; white-space: normal; widows: auto; word-spacing: 0px; -webkit-text-stroke-width: 0px; background-color: #ffffff;\">Greenpeace je neodvisna globalna organizacija, ki si preko kampanj prizadeva za spremembo odnosov in vedenja, za\u0161\u010dito in ohranitev okolja ter za promocijo miru.<br style=\"outline-style: none;\">Za svoje delovanje ne sprejema finan\u010dnih sredstev in\u0161titucij EU, vlad, korporacij ali politi\u010dnih strank.<\/em><\/p>\n<\/div>\n","protected":false},"excerpt":{"rendered":"<div>\n\tGreenpeace: Sporo\u010dilo za javnost\n<\/div>\n","protected":false},"author":64,"featured_media":0,"comment_status":"closed","ping_status":"closed","sticky":false,"template":"","format":"standard","meta":{"ep_exclude_from_search":false,"p4_og_title":"","p4_og_description":"","p4_og_image":"","p4_og_image_id":"","p4_seo_canonical_url":"","p4_campaign_name":"","p4_local_project":"","p4_basket_name":"","p4_department":"","footnotes":""},"categories":[43],"tags":[28],"p4-page-type":[46],"class_list":["post-1163","post","type-post","status-publish","format-standard","hentry","category-narava","tag-oceani","p4-page-type-sporocilo-za-javnost"],"_links":{"self":[{"href":"https:\/\/www.greenpeace.org\/slovenia\/wp-json\/wp\/v2\/posts\/1163","targetHints":{"allow":["GET"]}}],"collection":[{"href":"https:\/\/www.greenpeace.org\/slovenia\/wp-json\/wp\/v2\/posts"}],"about":[{"href":"https:\/\/www.greenpeace.org\/slovenia\/wp-json\/wp\/v2\/types\/post"}],"author":[{"embeddable":true,"href":"https:\/\/www.greenpeace.org\/slovenia\/wp-json\/wp\/v2\/users\/64"}],"replies":[{"embeddable":true,"href":"https:\/\/www.greenpeace.org\/slovenia\/wp-json\/wp\/v2\/comments?post=1163"}],"version-history":[{"count":1,"href":"https:\/\/www.greenpeace.org\/slovenia\/wp-json\/wp\/v2\/posts\/1163\/revisions"}],"predecessor-version":[{"id":1164,"href":"https:\/\/www.greenpeace.org\/slovenia\/wp-json\/wp\/v2\/posts\/1163\/revisions\/1164"}],"wp:attachment":[{"href":"https:\/\/www.greenpeace.org\/slovenia\/wp-json\/wp\/v2\/media?parent=1163"}],"wp:term":[{"taxonomy":"category","embeddable":true,"href":"https:\/\/www.greenpeace.org\/slovenia\/wp-json\/wp\/v2\/categories?post=1163"},{"taxonomy":"post_tag","embeddable":true,"href":"https:\/\/www.greenpeace.org\/slovenia\/wp-json\/wp\/v2\/tags?post=1163"},{"taxonomy":"p4-page-type","embeddable":true,"href":"https:\/\/www.greenpeace.org\/slovenia\/wp-json\/wp\/v2\/p4-page-type?post=1163"}],"curies":[{"name":"wp","href":"https:\/\/api.w.org\/{rel}","templated":true}]}}