{"id":1172,"date":"2013-10-05T00:00:00","date_gmt":"2013-10-05T00:00:00","guid":{"rendered":"https:\/\/master.k8s.p4.greenpeace.org\/slovenia\/blog\/1172\/izredni-solidarnostni-shod-v-ljubljani-za-izpustitev-greenpeaceovih-aktivistov-priprtih-v-rusiji\/"},"modified":"2023-06-01T16:19:52","modified_gmt":"2023-06-01T16:19:52","slug":"izredni-solidarnostni-shod-v-ljubljani-za-izpustitev-greenpeaceovih-aktivistov-priprtih-v-rusiji","status":"publish","type":"post","link":"https:\/\/www.greenpeace.org\/slovenia\/sporocilo-za-javnost\/1172\/izredni-solidarnostni-shod-v-ljubljani-za-izpustitev-greenpeaceovih-aktivistov-priprtih-v-rusiji\/","title":{"rendered":"Izredni solidarnostni shod v Ljubljani za izpustitev Greenpeaceovih aktivistov, priprtih v Rusiji"},"content":{"rendered":"<div class=\"leader\">\n\tSporo\u010dilo za javnost\n<\/div>\n<div>\n<p><strong>Ljubljana, 5. oktober, 2013<\/strong> \u2013 Danes po vsem svetu potekajo izredni solidarnostni shodi z zahtevo po izpustitvi 28 Greenpeaceovih aktivistov in 2 novinarjev. Trideseterica je priprta v Rusiji po tem, ko so jih aretirali na Greenpeaceovi ladji na Arktiki.<\/p>\n<p>Na shodu v Ljubljani so protestniki v rokah dr\u017eali fotografije priprtih aktivistov in novinarjev, sve\u010de ter podobe belih golobic. Solidarnost s priprto trideseterico je izrazila tudi civilna dru\u017eba, med drugim so se shoda udele\u017eili predstavniki Amnesty International Slovenije, dru\u0161tva Focus in Umanotere. Zbrani so poslu\u0161ali ganljivo pismo priprte nizozemske aktivistke Faize Oulahsen. Izjavo podpore sta podala predstavnik Amensty International, ki je pozval k takoj\u0161nji izpustitvi vseh priprtih in dr. Luka Omladi\u010d, ki je opozoril na juna\u0161tvo aktivistov, ki so se zoperstavili naftnim dru\u017ebam, ki nameravajo \u010drpati nafto na Arktiki.<\/p>\n<p>Dana\u0161nji dogodek v Ljubljani je samo eden izmed dogodkov, ki potekajo na vseh kontinentih, v ve\u010d kot 140. mestih v 47 dr\u017eavah, od Nove Zelandije do Mehike, od Tajske do Finske in Zdru\u017eenih dr\u017eav Amerike. Protesti vsakodnevno potekajo tudi v Rusiji pred sede\u017eem podjetja Gazprom.<\/p>\n<p><strong>Dejan Savi\u0107, predstavnik Greenpeace v Sloveniji, je dejal:<\/strong><\/p>\n<p><em>\u00bbIzredno pomembno je, da na\u0161i pogumni kolegi, ki so za re\u0161etkami v Rusiji, vedo, da niso sami. Danes dokazujemo, da nas milijone ljudi misli nanje, da stojimo skupaj z njimi in da po\u010dnemo vse, kar je v na\u0161ih mo\u010deh, da jim zagotovimo svobodo.\u00ab<\/em><\/p>\n<p>V sredo in \u010detrtek ta teden je rusko sodi\u0161\u010de 28 Greenpeaceovih aktivistov ter dva pogodbena sodelavca, svobodnega fotografa in svobodnega video-snemalca, obto\u017eilo piratstva, po tem ko so na naftni plo\u0161\u010dadi v Pe\u010dorskem morju protestirali proti Gazpromovem vrtanju nafte na Arktiki. \u010ce bodo obsojeni, jim grozi 15 let zapora. Murmansk-Leninovo okro\u017eno sodi\u0161\u010de je dolo\u010dilo pridr\u017eanje &#8216;Arkti\u010dnih 30&#8217; do 24. novembra, medtem ko naj bi dr\u017eavne oblasti raziskale obto\u017ebe proti njim. Odvetniki, ki branijo trideseterico, so se prito\u017eili na odlo\u010ditev o pridr\u017eanju.<\/p>\n<p>Od nezakonitega vkrcanja na ladjo Arctic Sunrise v mednarodnih vodah pred dvema tednoma je \u017ee milijon ljudi poslalo pismo Ruskim ambasadam z zahtevo po takoj\u0161nji izpustitvi vseh priprtih.<\/p>\n<p><strong>Kumi Naidoo, izvr\u0161ni direktor Greenpeace International<\/strong>, je ozna\u010dil dogodke v Rusiji za najve\u010dji napad na Greenpeaceov okoljevarstveni aktivizem po bombnem napadu na znamenito ladjo Rainbow Warrior leta 1985.<\/p>\n<p>Danes je Kumi Naidoo dejal:<\/p>\n<p><em>\u00bbAktivisti so se pogumno postavili za vse nas, da bi nas ubranili pred podnebnimi spremembami in nevarnostmi brezbri\u017enega \u010drpanja nafte na Arktiki. Zato je nujno, da se nas milijone postavi zanje v bran Arktiki in da zahtevamo njihov takoj\u0161njo izpustitev. Gazprom, Shell in druge naftne dru\u017ebe, ki hitijo razkosati Arktiko in uni\u010diti njeno krhko okolje, naj vidijo, da nas je milijone ter da se ne bomo pustili ustrahovati in uti\u0161ati. Danes povsod po svetu stojimo skupaj v zahtevi po takoj\u0161nji izpustitvi teh tridesetih pogumnih mo\u0161kih in \u017eensk<\/em>.&#8221;<\/p>\n<p><img loading=\"lazy\" decoding=\"async\" src=\"https:\/\/www.greenpeace.org\/static\/planet4-slovenia-stateless\/2019\/03\/ddad6158-ddad6158-1375914_708796289148697_861868932_n.jpg\" alt=\"Solidarnostni shod v Ljubljani\" width=\"800\" height=\"493\"><\/p>\n<p>KONEC<\/p>\n<\/div>\n","protected":false},"excerpt":{"rendered":"<div>\n\tSporo\u010dilo za javnost\n<\/div>\n","protected":false},"author":64,"featured_media":1173,"comment_status":"closed","ping_status":"closed","sticky":false,"template":"","format":"standard","meta":{"ep_exclude_from_search":false,"p4_og_title":"","p4_og_description":"","p4_og_image":"","p4_og_image_id":"","p4_seo_canonical_url":"","p4_campaign_name":"","p4_local_project":"","p4_basket_name":"","p4_department":"","footnotes":""},"categories":[43],"tags":[28],"p4-page-type":[46],"class_list":["post-1172","post","type-post","status-publish","format-standard","has-post-thumbnail","hentry","category-narava","tag-oceani","p4-page-type-sporocilo-za-javnost"],"_links":{"self":[{"href":"https:\/\/www.greenpeace.org\/slovenia\/wp-json\/wp\/v2\/posts\/1172","targetHints":{"allow":["GET"]}}],"collection":[{"href":"https:\/\/www.greenpeace.org\/slovenia\/wp-json\/wp\/v2\/posts"}],"about":[{"href":"https:\/\/www.greenpeace.org\/slovenia\/wp-json\/wp\/v2\/types\/post"}],"author":[{"embeddable":true,"href":"https:\/\/www.greenpeace.org\/slovenia\/wp-json\/wp\/v2\/users\/64"}],"replies":[{"embeddable":true,"href":"https:\/\/www.greenpeace.org\/slovenia\/wp-json\/wp\/v2\/comments?post=1172"}],"version-history":[{"count":1,"href":"https:\/\/www.greenpeace.org\/slovenia\/wp-json\/wp\/v2\/posts\/1172\/revisions"}],"predecessor-version":[{"id":1174,"href":"https:\/\/www.greenpeace.org\/slovenia\/wp-json\/wp\/v2\/posts\/1172\/revisions\/1174"}],"wp:featuredmedia":[{"embeddable":true,"href":"https:\/\/www.greenpeace.org\/slovenia\/wp-json\/wp\/v2\/media\/1173"}],"wp:attachment":[{"href":"https:\/\/www.greenpeace.org\/slovenia\/wp-json\/wp\/v2\/media?parent=1172"}],"wp:term":[{"taxonomy":"category","embeddable":true,"href":"https:\/\/www.greenpeace.org\/slovenia\/wp-json\/wp\/v2\/categories?post=1172"},{"taxonomy":"post_tag","embeddable":true,"href":"https:\/\/www.greenpeace.org\/slovenia\/wp-json\/wp\/v2\/tags?post=1172"},{"taxonomy":"p4-page-type","embeddable":true,"href":"https:\/\/www.greenpeace.org\/slovenia\/wp-json\/wp\/v2\/p4-page-type?post=1172"}],"curies":[{"name":"wp","href":"https:\/\/api.w.org\/{rel}","templated":true}]}}