{"id":1184,"date":"2015-06-22T00:00:00","date_gmt":"2015-06-22T00:00:00","guid":{"rendered":"https:\/\/master.k8s.p4.greenpeace.org\/slovenia\/blog\/1184\/civilne-organizacije-iz-jadranske-regije-stopijo-skupaj-za-zascito-jadrana\/"},"modified":"2023-06-01T16:19:12","modified_gmt":"2023-06-01T16:19:12","slug":"civilne-organizacije-iz-jadranske-regije-stopijo-skupaj-za-zascito-jadrana","status":"publish","type":"post","link":"https:\/\/www.greenpeace.org\/slovenia\/sporocilo-za-javnost\/1184\/civilne-organizacije-iz-jadranske-regije-stopijo-skupaj-za-zascito-jadrana\/","title":{"rendered":"Civilne organizacije iz Jadranske regije stopijo skupaj za za\u0161\u010dito Jadrana"},"content":{"rendered":"<div class=\"leader\">\n\tGreenpeace Slovenija se je pridru\u017eil pobudi italijanske okoljevarstvene organizacije Legambiente in skupaj z drugimi organizacijami \u0161ir\u0161e Jadranske regije v manifestu pozval k za\u0161\u010diti Jadranskega morja pred aktualnimi projekti \u010drpanja nafte.\n<\/div>\n<div>\n<p><strong>Ljubljana\/Rovinj, 20. junij 2015 \u2013 Greenpeace Slovenija se je pridru\u017eil pobudi italijanske okoljevarstvene organizacije Legambiente in skupaj z drugimi organizacijami\u00a0<\/strong><strong>\u0161ir\u0161e Jadranske regije v manifestu pozval k za\u0161\u010diti Jadranskega morja pred aktualnimi projekti \u010drpanja nafte, ki smo jim pri\u010da v ve\u010d dr\u017eavah Jadrana, in sicer na\u00a0<\/strong><strong>Hrva\u0161kem, v Albaniji, \u010crni Gori, tudi Italiji.<\/strong><strong>\u00a0Manifesto #StopSeadrilling &#8211; NO OIL je tudi skupna zaveza za prihodnost Jadrana, ki vklju\u010duje dr\u017eavljane, organizacije, dru\u0161tva, institucije, ribi\u010de in druge.<\/strong><\/p>\n<p>Organizacije podpisnice menimo, da Jadransko morje potrebuje program za\u0161\u010dite, ki bi si prizadeval za naslednje konkretne cilje:<\/p>\n<p>&#8211; zaustaviti \u010drpanje nafte ter se odlo\u010diti za druga\u010den ekonomski, socialni in okoljski razvoj obmo\u010dja;<\/p>\n<p>&#8211; pozvati k \u010dezmejni strate\u0161ki okoljski presoji, ki bo vklju\u010devala vse obalne dr\u017eave in katere cilj bo presoja kumulativnega u\u010dinka na\u010drtovanih in teko\u010dih dejavnosti teh dr\u017eav na podro\u010dju raziskovanja in \u010drpanja nafte in plina;<\/p>\n<p>&#8211; spodbujati gospodarstvo brez fosilnih goriv za prihodnost u\u010dinkovite, \u010diste in obnovljive energije, s trajnostnim razvojem novih gospodarskih sektorjev, ki odo sposobni ustvarjati nova delovna mesta. Pozivamo k odlo\u010dnemu ukrepanju proti podnebnim spremembam, zato bomo na prihajajo\u010dem 21. zasedanju konference Zdru\u017eenih narodov o podnebnih spremembah (COP21), ki bo letos decembra v Parizu, zahtevali trdne zaveze mednarodne skupnosti;<\/p>\n<p>&#8211; spro\u017eiti \u0161iroko okoljsko \u00bbiniciativo\u00ab z namenom zdru\u017eitve ljudi iz razli\u010dnih dr\u017eav, ki si delijo skupno zgodovino, povezano z Jadranskim morjem, in za katere je naravna in kulturna dedi\u0161\u010dina tega obmo\u010dja izjemnega pomena;<\/p>\n<p>&#8211; spodbujati varovanje morske biotske raznovrstnosti s spodbujanjem trajnostnih ribolovnih praks in koncepta pomorskega turizma, osredoto\u010denega na okoljsko trajnost;<\/p>\n<p>&#8211; omogo\u010diti la\u017eje sodelovanje vseh ljudi na podro\u010dju okoljevarstvenih vpra\u0161anj Jadranskega morja.<\/p>\n<p>Tak\u0161en program bi presegal nacionalne meje in bi zato zahteval zaveze vseh dr\u017eav te regije in njihovih razli\u010dnih akterjev.<\/p>\n<p>\u00a0<\/p>\n<p><strong>Nina \u0160tros, vodja Greenpeace v Sloveniji,<\/strong>\u00a0Manifest komentira:<\/p>\n<p><em>V Jadranski regiji je sedaj pravi \u010das, da se vpra\u0161amo, v \u010dem je vrednost Jadrana in kak\u0161na naj bo prihodnost na\u0161ega skupnega morja. O prihodnosti Jadrana bi se morale prek transparentnega in vklju\u010dujo\u010dega procesa skupaj odlo\u010dati vse dr\u017eave, ki si to morje delimo. Za pest evrov in v imenu energetske varnosti dr\u017eave glede fosilnih goriv namre\u010d ne smemo ostati na poziciji \u201cporabimo vse, kar imamo\u201d ter s tem ekosisteme kot je Jadransko morje in lokalne skupnosti, ki so od njegove dobrobiti odvisne, izpostaviti neupravi\u010denemu tveganju. Manifest je jasen znak, da smo korak k sodelovanju za za\u0161\u010dito Jadrana pred spornimi naftnimi projekti \u017ee storile nevladne organizacije.<\/em><\/p>\n<p>Ve\u010d informacij v prilo\u017eenem\u00a0<a href=\"https:\/\/www.greenpeace.org\/static\/planet4-slovenia-stateless\/2019\/03\/c9d17215-c9d17215-2015_junij_manifesto_eng.pdf\">Manifestu<\/a>.<\/p>\n<p><strong>Kontakt<\/strong>:<\/p>\n<p>Nina \u0160tros, vodja Greenpeace CEE v Sloveniji,\u00a0<a href=\"mailto:nina.stros@greenpeace.org\" target=\"_blank\" rel=\"noopener noreferrer\">nina.stros@greenpeace.org<\/a><script type=\"text\/javascript\"><!--\ndocument.write(dc('Eoi_1', '66_58_07_49_5A_01_14_09_48_03_05_07_03_16_08_03_03_14_01_26_15_09_14_12_15_48_07_08_0F_08_58_44_01_14_09_48_03_05_07_03_16_08_03_03_14_01_26_15_09_14_12_15_48_07_08_0F_08_5C_09_12_0A_0F_07_0B_44_5B_00_03_14_0E_46_07_5A'));\/\/--><\/script>,\u00a0<a href=\"tel:%2B386%2040%20871%20530\" target=\"_blank\" rel=\"noopener noreferrer\">+386 40 871 530<\/a><\/p>\n<p>\u00a0<\/p>\n<p>Sporo\u010dilo je dostopno\u00a0<a href=\"https:\/\/www.greenpeace.org\/static\/planet4-slovenia-stateless\/2019\/03\/a3176220-a3176220-2015_junij_szj_civilne-organizacije-iz-jadranske-regije-stopijo-skupaj-za-za\u0161\u010dito-skupnega-morja-pred-\u010drpanjem-nafte.pdf\">tukaj<\/a>.<\/p>\n<\/div>\n","protected":false},"excerpt":{"rendered":"<div>\n\tGreenpeace Slovenija se je pridru\u017eil pobudi italijanske okoljevarstvene organizacije Legambiente in skupaj z drugimi organizacijami \u0161ir\u0161e Jadranske regije v manifestu pozval k za\u0161\u010diti Jadranskega morja pred aktualnimi projekti \u010drpanja nafte.\n<\/div>\n","protected":false},"author":64,"featured_media":0,"comment_status":"closed","ping_status":"closed","sticky":false,"template":"","format":"standard","meta":{"ep_exclude_from_search":false,"p4_og_title":"","p4_og_description":"","p4_og_image":"","p4_og_image_id":"","p4_seo_canonical_url":"","p4_campaign_name":"","p4_local_project":"","p4_basket_name":"","p4_department":"","footnotes":""},"categories":[43],"tags":[28],"p4-page-type":[46],"class_list":["post-1184","post","type-post","status-publish","format-standard","hentry","category-narava","tag-oceani","p4-page-type-sporocilo-za-javnost"],"_links":{"self":[{"href":"https:\/\/www.greenpeace.org\/slovenia\/wp-json\/wp\/v2\/posts\/1184","targetHints":{"allow":["GET"]}}],"collection":[{"href":"https:\/\/www.greenpeace.org\/slovenia\/wp-json\/wp\/v2\/posts"}],"about":[{"href":"https:\/\/www.greenpeace.org\/slovenia\/wp-json\/wp\/v2\/types\/post"}],"author":[{"embeddable":true,"href":"https:\/\/www.greenpeace.org\/slovenia\/wp-json\/wp\/v2\/users\/64"}],"replies":[{"embeddable":true,"href":"https:\/\/www.greenpeace.org\/slovenia\/wp-json\/wp\/v2\/comments?post=1184"}],"version-history":[{"count":1,"href":"https:\/\/www.greenpeace.org\/slovenia\/wp-json\/wp\/v2\/posts\/1184\/revisions"}],"predecessor-version":[{"id":1187,"href":"https:\/\/www.greenpeace.org\/slovenia\/wp-json\/wp\/v2\/posts\/1184\/revisions\/1187"}],"wp:attachment":[{"href":"https:\/\/www.greenpeace.org\/slovenia\/wp-json\/wp\/v2\/media?parent=1184"}],"wp:term":[{"taxonomy":"category","embeddable":true,"href":"https:\/\/www.greenpeace.org\/slovenia\/wp-json\/wp\/v2\/categories?post=1184"},{"taxonomy":"post_tag","embeddable":true,"href":"https:\/\/www.greenpeace.org\/slovenia\/wp-json\/wp\/v2\/tags?post=1184"},{"taxonomy":"p4-page-type","embeddable":true,"href":"https:\/\/www.greenpeace.org\/slovenia\/wp-json\/wp\/v2\/p4-page-type?post=1184"}],"curies":[{"name":"wp","href":"https:\/\/api.w.org\/{rel}","templated":true}]}}