{"id":1188,"date":"2014-03-24T00:00:00","date_gmt":"2014-03-24T00:00:00","guid":{"rendered":"https:\/\/master.k8s.p4.greenpeace.org\/slovenia\/blog\/1188\/pismo-predsednici-vlade-republike-slovenije\/"},"modified":"2023-06-01T16:19:47","modified_gmt":"2023-06-01T16:19:47","slug":"pismo-predsednici-vlade-republike-slovenije","status":"publish","type":"post","link":"https:\/\/www.greenpeace.org\/slovenia\/sporocilo-za-javnost\/1188\/pismo-predsednici-vlade-republike-slovenije\/","title":{"rendered":"Pismo predsednici vlade Republike Slovenije"},"content":{"rendered":"<div class=\"leader\">\n\tLjubljana, 26. 2. 2014\n<\/div>\n<div>\n<p>Spo\u0161tovana predsednica Vlade, mag. Alenka Bratu\u0161ek,<\/p>\n<p>januarja letos je Evropska komisija izdala paket predlogov podnebno-energetske politike EU, ki je premalo ambiciozen in zelo pomanjkljivo naslavlja podnebne spremembe. Dr\u017eave \u010dlanice morajo sedaj pokazati odlo\u010dnost ter oblikovati svoja stali\u0161\u010da tako, da bodo nadgradila nezadostne cilje Komisije. Slovenija, ki jo bodo podnebne spremembe prizadele bolj, kot nekatere druge \u010dlanice EU, mora biti pri svojem stali\u0161\u010du ambiciozna in za\u0161\u010dititi podnebje s spodbujanjem \u010diste energije.<\/p>\n<p>Podnebne spremembe niso te\u017eava, ki nas bo doletela \u010dez nekaj desetletij, saj njihove posledice \u010dutimo \u017ee danes. V Sloveniji se ka\u017eejo kot vse pogostej\u0161i ekstremni pojavi. Pred dvema letoma so bile v Sloveniji stoletne poplave, lansko poletje smo izmerili nov temperaturni rekord &#8211; 40,6 \u00b0C v Cerkljah ob Krki. Leto\u0161nji januar je bil najtoplej\u0161i, odkar merimo temperaturo, posledi\u010dno pa smo pred nekaj tedni do\u017eiveli do zdaj najobse\u017enej\u0161i \u017eled. To so stanja, ki se bodo vse pogosteje ponavljala in podnebne spremembe niso nekaj, s \u010dimer bi se ukvarjali kot posamezniki, ampak moramo odlo\u010dno ukrepati kot dr\u017eava.<\/p>\n<p>Slovenija se je v okviru naporov mednarodne skupnosti zavezala k zaustavitvi globalnega segrevanja pod 2 stopinji Celzij v primerjavi s predindustrijsko dobo. Skladno s priporo\u010dili svetovne znanstvene skupnosti je potrebno izpuste v razvitih dr\u017eavah do leta 2050 zmanj\u0161ati za 80-95% v primerjavi z letom 1990. Slovenija se je skupaj z drugimi \u010dlanicami EU zavezala, da bo v skladu s svojo odgovornostjo in zmo\u017enostmi prispevala k doseganju tega cilja. K temu jo obvezuje tudi sprejeta Deklaracija DZ o aktivni vlogi Slovenije pri oblikovanju nove svetovne politike do podnebnih sprememb.<\/p>\n<p>Slovenija spada med dr\u017eave, ki jo bodo podnebne spremembe bolj prizadele, kot nekatere druge \u010dlanice EU. Zato imamo toliko ve\u010djo odgovornost, da naslovimo to vpra\u0161anje in podpremo skupno podnebno-energetsko politiko EU, ki temelji na treh obvezujo\u010dih ciljih do leta 2030. \u010ce ho\u010demo imeti suverenost ukrepanja \u0161e vedno v svojih rokah, potem bo vlada prevzela odgovornost in se odlo\u010dno zavzela za izbolj\u0161anje predloga, ki ga je predstavila Komisija.<br \/>Vlada se je v novi koalicijski pogodbi zavezala k soustvarjanju evropske podnebne politike s ciljem, da prispevamo k omejitvi dviga temperature pod 2 stopinji Celzij, zavezala pa se je tudi, da bo zagovarjala zavezujo\u010de podnebno energetske cilje EU za leto 2030 in u\u010dinkovit zakonodajni okvir (Vir: Koalicijska pogodba str. 28).<\/p>\n<p>Samo verodostojen cilj za zagotovitev ustreznega dele\u017ea obnovljivih virov energije, skupaj z ambicioznim ciljem za zmanj\u0161anje emisij toplogrednih plinov, lahko zagotovi preoblikovanje energetskega sistema EU, kot ga potrebujemo.<\/p>\n<p><strong>Vlado zato pozivamo, da se v evropskih pogajanjih aktivno zavzema za:<\/strong><\/p>\n<p>&#8211;\u00a0 tri obvezujo\u010de cilje na podro\u010dju zmanj\u0161anja izpustov toplogrednih plinov, pove\u010devanja dele\u017ea obnovljivih virov energije in zagotavljanja energetskih prihrankov, ter<br \/>&#8211; cilj za obnovljive vire, ki mora biti dolo\u010den na evropski ravni in obvezujo\u010d za vsako dr\u017eavo \u010dlanico EU.<\/p>\n<p>\u010ce bomo ustrezno ukrepali zdaj, imamo \u0161e vedno vse mo\u017enosti, da globalno segrevanje omejimo na za \u010dlove\u0161ko civilizacijo sprejemljivo raven. <\/p>\n<p>S spo\u0161tovanjem, <\/p>\n<p>v.d. vodje Greenpeace v Sloveniji<br \/>Tina Peternel<\/p>\n<\/div>\n","protected":false},"excerpt":{"rendered":"<div>\n\tLjubljana, 26. 2. 2014\n<\/div>\n","protected":false},"author":64,"featured_media":0,"comment_status":"closed","ping_status":"closed","sticky":false,"template":"","format":"standard","meta":{"ep_exclude_from_search":false,"p4_og_title":"","p4_og_description":"","p4_og_image":"","p4_og_image_id":"","p4_seo_canonical_url":"","p4_campaign_name":"","p4_local_project":"","p4_basket_name":"","p4_department":"","footnotes":""},"categories":[45],"tags":[23],"p4-page-type":[46],"class_list":["post-1188","post","type-post","status-publish","format-standard","hentry","category-podnebje","tag-podnebje","p4-page-type-sporocilo-za-javnost"],"_links":{"self":[{"href":"https:\/\/www.greenpeace.org\/slovenia\/wp-json\/wp\/v2\/posts\/1188","targetHints":{"allow":["GET"]}}],"collection":[{"href":"https:\/\/www.greenpeace.org\/slovenia\/wp-json\/wp\/v2\/posts"}],"about":[{"href":"https:\/\/www.greenpeace.org\/slovenia\/wp-json\/wp\/v2\/types\/post"}],"author":[{"embeddable":true,"href":"https:\/\/www.greenpeace.org\/slovenia\/wp-json\/wp\/v2\/users\/64"}],"replies":[{"embeddable":true,"href":"https:\/\/www.greenpeace.org\/slovenia\/wp-json\/wp\/v2\/comments?post=1188"}],"version-history":[{"count":1,"href":"https:\/\/www.greenpeace.org\/slovenia\/wp-json\/wp\/v2\/posts\/1188\/revisions"}],"predecessor-version":[{"id":1189,"href":"https:\/\/www.greenpeace.org\/slovenia\/wp-json\/wp\/v2\/posts\/1188\/revisions\/1189"}],"wp:attachment":[{"href":"https:\/\/www.greenpeace.org\/slovenia\/wp-json\/wp\/v2\/media?parent=1188"}],"wp:term":[{"taxonomy":"category","embeddable":true,"href":"https:\/\/www.greenpeace.org\/slovenia\/wp-json\/wp\/v2\/categories?post=1188"},{"taxonomy":"post_tag","embeddable":true,"href":"https:\/\/www.greenpeace.org\/slovenia\/wp-json\/wp\/v2\/tags?post=1188"},{"taxonomy":"p4-page-type","embeddable":true,"href":"https:\/\/www.greenpeace.org\/slovenia\/wp-json\/wp\/v2\/p4-page-type?post=1188"}],"curies":[{"name":"wp","href":"https:\/\/api.w.org\/{rel}","templated":true}]}}