{"id":1236,"date":"2012-07-26T00:00:00","date_gmt":"2012-07-26T00:00:00","guid":{"rendered":"https:\/\/master.k8s.p4.greenpeace.org\/slovenia\/blog\/1236\/nocemo-morja-brez-rib-ustavimo-prekomeren-ribolov\/"},"modified":"2023-06-01T16:20:23","modified_gmt":"2023-06-01T16:20:23","slug":"nocemo-morja-brez-rib-ustavimo-prekomeren-ribolov","status":"publish","type":"post","link":"https:\/\/www.greenpeace.org\/slovenia\/sporocilo-za-javnost\/1236\/nocemo-morja-brez-rib-ustavimo-prekomeren-ribolov\/","title":{"rendered":"No\u010demo morja brez rib.  Ustavimo prekomeren ribolov!"},"content":{"rendered":"<h2>Greenpeaceova prireditev v sredi\u0161\u010du Ljubljane<\/h2>\n<div class=\"leader\">Ljubljana, 26. julij \u2013 Greenpeace v Sloveniji med 25. in 28. julijem v sredi\u0161\u010du Ljubljane organizira prireditev, ki opozarja na pomen varovanja morij in oceanov. Z namenom osve\u0161\u010danja javnosti o gro\u017enji prekomernega ribolova za obstoj \u017eivljenja v morjih, je Greenpeace pripeljal v Ljubljano 25-metrsko napihljivo ladjo, ki sporo\u010dila: \u00bbSpo\u0161tovani minister Bogovi\u010d, ne \u017eelimo morja brez rib. Ustavite financiranje prekomernega ribolova!\u00ab<\/div>\n<div>\n<p><!-- END DYNAMIC CONTENT --><\/p>\n<p class=\"Body\">Vodja Greenpeace v Sloveniji, <strong>mag. Nina \u0160tros<\/strong>, komentira:<\/p>\n<p class=\"Body\"><em>\u00bbV vsakdanjem \u017eivljenju pogosto pozabljamo na dejstvo, da je Zemlja modri planet, saj kar 70 % njene povr\u0161ine predstavljajo morja in oceani. S prireditvijo na kopnem v sredi\u0161\u010du Ljubljane \u017eelimo ljudi opozoriti, da z morji ne ravnamo primerno in da potrebujemo spremembe.\u00ab<\/em><\/p>\n<p class=\"Body\">Na\u0161a morja so ogro\u017eena. V Sredozemskem morju smo prekomerno izlovili kar 82 % ribjih vrst, v Atlantskem oceanu pa 62 %. Celotno ribi\u0161ko ladjevje dr\u017eav EU lahko namre\u010d ulovi dva- do trikrat ve\u010d rib, kot jih lahko ribji stale\u017ei naravno nadomestijo. Ribi\u010di nemalokrat tudi do 60 % ulovljenih rib (mrtvih ali umirajo\u010dih) odvr\u017eejo nazaj v morje, ker njihova prodajna cena na trgu ni zelo visoka ali pa ker so presegli njim dolo\u010deno kvoto ulovljenih rib. V njihovih mre\u017eah se velikokrat znajdejo tudi \u017eivali, ki tja ne sodijo.<\/p>\n<p class=\"Body\">Evropska unija je v postopku spreminjanja skupne ribi\u0161ke politike, s \u010dimer lahko kon\u010da iztrebljanje \u017eivljenj a v na\u0161ih morjih in sprejme ukrepe za ribi\u0161tvo, ki bo skladno z naravno zmo\u017enostjo obnavljanja ribjih stale\u017eev in ugla\u0161eno s priporo\u010dili znanstvenikov na tem podro\u010dju. Mag. \u0160tros ob tem dodaja:<\/p>\n<p class=\"Body\"><em>\u00bbV Sloveniji lovimo predvsem selitvene vrste, katerih koli\u010dine niso dolo\u010dene s kvotami, zato dejansko ni razloga, zakaj se ne bi zavzeli za tak\u0161no skupno ribi\u0161ko politiko, ki na\u0161e skupno dobro \u0161\u010diti in ne ogro\u017ea, kot je temu praksa sedaj. Prav zaradi tega je nejasno, zakaj Slovenija vztraja na stali\u0161\u010du dr\u017eav, kot so \u0160panija in Francija, ki branijo interese pe\u0161\u010dice svojih najve\u010djih ribi\u0161kih gigantov zaslu\u017enih za najve\u010dje ropanje na\u0161ih morij. \u00a0Namesto tega bi se Slovenija morala postaviti na stran majhnih ribi\u010dev in za\u00a0 ribi\u0161ko politiko, ki bo omogo\u010dila varovanja na\u0161ih morij ter s tem zagotavljanja prihodnosti tudi za majhne, priobalne ribi\u010de, ki sedaj v boju z velikimi plavajo\u010dimi industrijskimi obrati najve\u010d izgubljajo.<\/em><\/p>\n<p class=\"Body\"><em>Zdi se kot da smo pripravljeni svoje glasove prodati za ribo ali dve, medtem ko s tem omogo\u010damo velikim, da \u0161e naprej z na\u0161im skupnim denarjem iz morij vle\u010dejo na tiso\u010de ton rib. Pri\u010dakujemo, da bo Slovenija v nadaljevanju sprejemanja skupne ribi\u0161ke politike prestopila na pravo stran. Na stran trajnostnega upravljanja z na\u0161im skupnim dobrim. Smo majhni, vseeno pa soustvarjamo skupno ribi\u0161ko politiko EU, zato je prav, da Slovenija zastopa glas majhnih ribi\u010dev, dobrih praks in glas zdravega ter \u017eivljenja polnega morja.\u00ab<\/em><\/p>\n<p class=\"Body\"><strong>Opomba:<\/strong><\/p>\n<p class=\"Body\">K ozave\u0161\u010danju ljudi o pomenu varovanja morij in oceanov lahko prispevamo tudi z video vsebinami. Na spodnji povezavi so trije video posnetki (s slovenskimi podnapisi), ki lahko pomagajo \u0161iriti sporo\u010dilo o potrebnih spremembah. Dodajte povezave pod \u010dlanke na spletu ali pa bralce usmerite na na\u0161o spletno stran: <a href=\"http:\/\/www.greenpeace.si\/\">www.greenpeace.si<\/a>, kjer si lahko ogledajo te posnetke.<\/p>\n<p class=\"Body\">\u2013 <strong>\u00bbPrekomeren ribolov\u00ab<\/strong>: <a href=\"http:\/\/www.youtube.com\/watch?v=-CepmB1rFzI\">http:\/\/www.youtube.com\/watch?v=-CepmB1rFzI<\/a><\/p>\n<p class=\"Body\">\u2013 <strong>\u00bbKaplja v morje\u00ab<\/strong>: <a href=\"http:\/\/www.youtube.com\/watch?v=olpcLUEd92g\">http:\/\/www.youtube.com\/watch?v=olpcLUEd92g<\/a><\/p>\n<p class=\"Body\">\u2013 <strong>\u00bbPoslednji ribi\u010di\u00ab<\/strong>: <a href=\"http:\/\/www.youtube.com\/watch?v=UtLUsQy0cYM&amp;feature=player_embedded\">http:\/\/www.youtube.com\/watch?v=UtLUsQy0cYM&amp;feature=player_embedded<\/a><\/p>\n<p><strong>Kontakt:<\/strong><\/p>\n<p><strong>Mag. Nina \u0160tros<\/strong>, vodja aktivnosti Greenpeace v Sloveniji, <a href=\"mailto:nina.stros@greenpeace.org\" target=\"_blank\" rel=\"noopener noreferrer\">nina.stros@greenpeace.org<\/a><script type=\"text\/javascript\"><!-- document.write(dc('Eoi_1', '77_1E_04_59_12_14_16_12_07_19_12_12_05_10_37_04_18_05_03_04_59_16_19_1E_19'));\/\/--><\/script>, 040 871 530.<\/p>\n<p><strong>\u00a0 \u00a0 \u00a0 \u00a0 \u00a0 \u00a0 \u00a0 \u00a0 \u00a0 \u00a0 \u00a0 \u00a0 \u00a0 \u00a0 \u00a0 \u00a0 \u00a0 \u00a0 \u00a0 \u00a0 \u00a0 \u00a0 \u00a0 \u00a0 \u00a0 \u00a0 \u00a0 \u00a0 \u00a0 \u00a0 \u00a0 \u00a0 \u00a0 \u00a0 \u00a0 \u00a0 \u00a0 \u00a0 \u00a0 \u00a0 \u00a0 \u00a0 \u00a0 \u00a0 \u00a0 \u00a0 \u00a0 \u00a0 \u00a0 \u00a0 \u00a0 \u00a0 \u00a0 \u00a0 \u00a0 \u00a0 \u00a0 \u00a0 \u00a0 \u00a0 \u00a0 \u00a0 \u00a0 \u00a0 \u00a0 \u00a0 \u00a0 \u00a0<\/strong>Greenpeace je neodvisna globalna organizacija, ki si preko kampanj prizadeva za spremembo odnosov in vedenja, za\u0161\u010dito in ohranitev okolja ter za promocijo miru. Za svoje delovanje ne sprejema finan\u010dnih sredstev in\u0161titucij EU, vlad, korporacij ali politi\u010dnih strank.<\/p>\n<\/div>\n","protected":false},"excerpt":{"rendered":"<div>\n\tLjubljana, 26. julij \u2013 Greenpeace v Sloveniji med 25. in 28. julijem v sredi\u0161\u010du Ljubljane organizira prireditev, ki opozarja na pomen varovanja morij in oceanov. Z namenom osve\u0161\u010danja javnosti o gro\u017enji prekomernega ribolova za obstoj \u017eivljenja v morjih, je Greenpeace pripeljal v Ljubljano 25-metrsko napihljivo ladjo, ki sporo\u010dila: \u00bbSpo\u0161tovani minister Bogovi\u010d, ne \u017eelimo morja brez rib. Ustavite financiranje prekomernega ribolova!\u00ab\n<\/div>\n","protected":false},"author":64,"featured_media":0,"comment_status":"closed","ping_status":"closed","sticky":false,"template":"","format":"standard","meta":{"ep_exclude_from_search":false,"p4_og_title":"","p4_og_description":"","p4_og_image":"","p4_og_image_id":"","p4_seo_canonical_url":"","p4_campaign_name":"","p4_local_project":"","p4_basket_name":"","p4_department":"","footnotes":""},"categories":[43],"tags":[28],"p4-page-type":[46],"class_list":["post-1236","post","type-post","status-publish","format-standard","hentry","category-narava","tag-oceani","p4-page-type-sporocilo-za-javnost"],"_links":{"self":[{"href":"https:\/\/www.greenpeace.org\/slovenia\/wp-json\/wp\/v2\/posts\/1236","targetHints":{"allow":["GET"]}}],"collection":[{"href":"https:\/\/www.greenpeace.org\/slovenia\/wp-json\/wp\/v2\/posts"}],"about":[{"href":"https:\/\/www.greenpeace.org\/slovenia\/wp-json\/wp\/v2\/types\/post"}],"author":[{"embeddable":true,"href":"https:\/\/www.greenpeace.org\/slovenia\/wp-json\/wp\/v2\/users\/64"}],"replies":[{"embeddable":true,"href":"https:\/\/www.greenpeace.org\/slovenia\/wp-json\/wp\/v2\/comments?post=1236"}],"version-history":[{"count":3,"href":"https:\/\/www.greenpeace.org\/slovenia\/wp-json\/wp\/v2\/posts\/1236\/revisions"}],"predecessor-version":[{"id":1344,"href":"https:\/\/www.greenpeace.org\/slovenia\/wp-json\/wp\/v2\/posts\/1236\/revisions\/1344"}],"wp:attachment":[{"href":"https:\/\/www.greenpeace.org\/slovenia\/wp-json\/wp\/v2\/media?parent=1236"}],"wp:term":[{"taxonomy":"category","embeddable":true,"href":"https:\/\/www.greenpeace.org\/slovenia\/wp-json\/wp\/v2\/categories?post=1236"},{"taxonomy":"post_tag","embeddable":true,"href":"https:\/\/www.greenpeace.org\/slovenia\/wp-json\/wp\/v2\/tags?post=1236"},{"taxonomy":"p4-page-type","embeddable":true,"href":"https:\/\/www.greenpeace.org\/slovenia\/wp-json\/wp\/v2\/p4-page-type?post=1236"}],"curies":[{"name":"wp","href":"https:\/\/api.w.org\/{rel}","templated":true}]}}