{"id":1238,"date":"2012-02-16T00:00:00","date_gmt":"2012-02-16T00:00:00","guid":{"rendered":"https:\/\/master.k8s.p4.greenpeace.org\/slovenia\/blog\/1238\/odziv-koalicije-ustavimo-tes-6-na-danasnjo-odlocitev-vlade-glede-drzavnega-porostva\/"},"modified":"2023-06-01T16:20:32","modified_gmt":"2023-06-01T16:20:32","slug":"odziv-koalicije-ustavimo-tes-6-na-danasnjo-odlocitev-vlade-glede-drzavnega-porostva","status":"publish","type":"post","link":"https:\/\/www.greenpeace.org\/slovenia\/sporocilo-za-javnost\/1238\/odziv-koalicije-ustavimo-tes-6-na-danasnjo-odlocitev-vlade-glede-drzavnega-porostva\/","title":{"rendered":"Odziv koalicije Ustavimo TE\u0160 6 na dana\u0161njo odlo\u010ditev vlade glede dr\u017eavnega poro\u0161tva"},"content":{"rendered":"<div class=\"leader\">\n\tLjubljana, 16. Februar 2012 \u2013\n<\/div>\n<div>\n<p>Na dana\u0161njem rednem zasedanju Vlade RS je potekala razprava o morebitni dodelitvi dr\u017eavnega poro\u0161tva za projekt TE\u0160 6 v vi\u0161ini 440 milijonov EUR. Vlada naj bi odlo\u010ditev o podpori zakonu sprejela na prihodnji seji, do takrat pa naj bi resorni minister pripravil poro\u010dilo, ki bi slu\u017eilo kot podlaga za odlo\u010danje o poro\u0161tvu.<\/p>\n<p><strong><em>Dobro je, da odlo\u010ditev o poro\u0161tvu ni bila sprejeta \u017ee danes, vendar smo v koaliciji <a href=\"http:\/\/www.ustavimotes6.si\/\">Ustavimo TE\u0160 6<\/a> prepri\u010dani, da je en teden za revizijo tako obse\u017enega projekta, kot je TE\u0160 6, odlo\u010dno premalo. Zato ponovno pozivamo k dalj\u0161emu, vsaj \u0161est mese\u010dnemu moratoriju in k ustanovitvi neodvisnega eti\u010dnega razsodi\u0161\u010da. Na ta na\u010din naj se jasno odgovori na vsa odprta ekonomska, okoljska in medgeneracijska vpra\u0161anja.<\/em><\/strong><\/p>\n<p><strong><em><\/em><\/strong>Vlada se je v koalicijski pogodbi zavezala, da bo vsak zakon ali drug predpis, ki pomembno posega v javne finance ali uresni\u010devanje ciljev ekonomske politike, lahko sprejet le, \u010de ga spremljajo simulacije pri\u010dakovanih u\u010dinkov tako na javne finance kot na gospodarstvo. TE\u0160 6 predstavlja potencialno tveganje tako za gospodarstvo kot za javne finance, zato je tovrstno presojo potrebno opraviti tudi v tem primeru. Simulacije pri\u010dakovanih u\u010dinkov ni mo\u017eno pripraviti v enem tednu, zato je nujno, da si Vlada dovolj \u010dasa, preden prevzame odgovornost za tveganje, ki ji ga TE\u0160 6 prina\u0161a.<\/p>\n<p>Ve\u010d o koaliciji na www.ustavimotes6.si<\/p>\n<ul>\n<li><a href=\"https:\/\/www.greenpeace.org\/static\/planet4-slovenia-stateless\/2019\/03\/R351329383142.pdf\" target=\"_blank\" rel=\"noopener noreferrer\">Pismo Vladi: Odprta vpra\u0161anja v zvezi s TE\u0160 6 je treba razre\u0161iti<\/a>\n<\/li>\n<li><a href=\"http:\/\/www.greenpeace.org\/slovenia\/si\/Medijsko-sredisce\/zadnje-objave\/_odprto_pismo\/\" target=\"_blank\" rel=\"noopener noreferrer\">Poziv  strankam k sprejetju moratorija na odlo\u010danje, ustanovitvi eti\u010dnega  razsodi\u0161\u010da ter oblikovanju trajnostnega energetskega scenarija<\/a><\/li>\n<\/ul>\n<\/div>\n","protected":false},"excerpt":{"rendered":"<div>\n\tLjubljana, 16. Februar 2012 \u2013\n<\/div>\n","protected":false},"author":64,"featured_media":0,"comment_status":"closed","ping_status":"closed","sticky":false,"template":"","format":"standard","meta":{"ep_exclude_from_search":false,"p4_og_title":"","p4_og_description":"","p4_og_image":"","p4_og_image_id":"","p4_seo_canonical_url":"","p4_campaign_name":"","p4_local_project":"","p4_basket_name":"","p4_department":"","footnotes":""},"categories":[45],"tags":[32,33],"p4-page-type":[46],"class_list":["post-1238","post","type-post","status-publish","format-standard","hentry","category-podnebje","tag-brezpremoga","tag-tes","p4-page-type-sporocilo-za-javnost"],"_links":{"self":[{"href":"https:\/\/www.greenpeace.org\/slovenia\/wp-json\/wp\/v2\/posts\/1238","targetHints":{"allow":["GET"]}}],"collection":[{"href":"https:\/\/www.greenpeace.org\/slovenia\/wp-json\/wp\/v2\/posts"}],"about":[{"href":"https:\/\/www.greenpeace.org\/slovenia\/wp-json\/wp\/v2\/types\/post"}],"author":[{"embeddable":true,"href":"https:\/\/www.greenpeace.org\/slovenia\/wp-json\/wp\/v2\/users\/64"}],"replies":[{"embeddable":true,"href":"https:\/\/www.greenpeace.org\/slovenia\/wp-json\/wp\/v2\/comments?post=1238"}],"version-history":[{"count":1,"href":"https:\/\/www.greenpeace.org\/slovenia\/wp-json\/wp\/v2\/posts\/1238\/revisions"}],"predecessor-version":[{"id":1239,"href":"https:\/\/www.greenpeace.org\/slovenia\/wp-json\/wp\/v2\/posts\/1238\/revisions\/1239"}],"wp:attachment":[{"href":"https:\/\/www.greenpeace.org\/slovenia\/wp-json\/wp\/v2\/media?parent=1238"}],"wp:term":[{"taxonomy":"category","embeddable":true,"href":"https:\/\/www.greenpeace.org\/slovenia\/wp-json\/wp\/v2\/categories?post=1238"},{"taxonomy":"post_tag","embeddable":true,"href":"https:\/\/www.greenpeace.org\/slovenia\/wp-json\/wp\/v2\/tags?post=1238"},{"taxonomy":"p4-page-type","embeddable":true,"href":"https:\/\/www.greenpeace.org\/slovenia\/wp-json\/wp\/v2\/p4-page-type?post=1238"}],"curies":[{"name":"wp","href":"https:\/\/api.w.org\/{rel}","templated":true}]}}