{"id":1254,"date":"2007-11-15T00:00:00","date_gmt":"2007-11-15T00:00:00","guid":{"rendered":"https:\/\/master.k8s.p4.greenpeace.org\/slovenia\/blog\/1254\/greenpeace-in-umanotera-zacenjata-s-projektom-slovenian-eu-presidency-watch\/"},"modified":"2023-06-01T16:20:45","modified_gmt":"2023-06-01T16:20:45","slug":"greenpeace-in-umanotera-zacenjata-s-projektom-slovenian-eu-presidency-watch","status":"publish","type":"post","link":"https:\/\/www.greenpeace.org\/slovenia\/sporocilo-za-javnost\/1254\/greenpeace-in-umanotera-zacenjata-s-projektom-slovenian-eu-presidency-watch\/","title":{"rendered":"Greenpeace in Umanotera za\u010denjata s projektom \u00bbSlovenian EU Presidency Watch\u00ab"},"content":{"rendered":"<div class=\"leader\">\n\tLjubljana, 15 november 2007. Mednarodno okoljsko gibanje Greenpeace ter Umanotera, slovenska fundacija za trajnostni razvoj, sta danes pri\u010deli z izvajanjem skupnega projekta \u201cSlovenian EU Presidency Watch\u201d. Namen projekta je nadzirati ter podpirati Slovenijo v njenih okoljskih nalogah skozi \u0161est mese\u010dno predsedovanje Evropski uniji od januarja do julija 2008.\n<\/div>\n<div>\n<div style=\"text-align: justify\">\n<p>V prihajajo\u010dih mesecih bodo dr\u017eave \u010dlanice EU razpravljale o novih predlogih Evropske komisije na podro\u010dju energetske in podnebne politike, vklju\u010dujo\u010d zakone za spodbujanje obnovljivih virov energije ter njihove uporabe za doseganje 20% dele\u017ea le-teh v Evropi ter uveljavitev standardov glede u\u010dinkovitosti avtomobilov. Greenpeace in Umanotera sta mnenja, da ima Slovenija kot predsedujo\u010da EU prilo\u017enost in odgovornost usmeriti dr\u017eave \u010dalnice EU na pravo pot k hitri implementaciji potrebnih re\u0161itev, ki lahko u\u010dinkovito zmanj\u0161ajo emisije toplogrednih vplivov v Evropi.<\/p>\n<p>Jorgo Riss, direktor Greenpeace EU Enote v Bruslju, pravi: &#8220;Slovenija je soo\u010dena z edinstveno prilo\u017enostjo &#8211; okoljske zadeve so na vrhu javnega in politi\u010dnega dnevnega reda zaradi podnebnih sprememb. Ker Evropska unija dejansko prvi\u010d opredeljuje svojo skupno energetsko politiko, ima Slovenija mo\u017enost, da to razpravo usmeri v pravo smer. Glavna naloga slovenskega predsedovanja bo zagotoviti, da energetska politika EU postane u\u010dinkovito orodje v boju proti nevarnim podnebnim spremembam. V kolikor bo Slovenija v tem dejanju uspe\u0161na, se bo Evropa zna\u0161la na pravi poti k ve\u010dji energetski u\u010dinkovitosti ter k prehodu iz fosilnih goriv k sistemu uporabe obnovljive energije.\u00a0 V kolikor Slovenija v tem svojem dejanju ne bo uspe\u0161na, bo izgubljeno ve\u010d kot samo \u0161est mesecev &#8211; ena napa\u010dna odlo\u010ditev ter skrenitev iz prave poti lahko povzro\u010di nezadosten in prepozen odgovor na nevarnosti podnebnega spreminjanja. Dolgoro\u010dne posledice neuspe\u0161nega slovenskega predsedovanja so lahko zelo resne.&#8221;<\/p>\n<p>\u010casa za odziv ni na pretek: glede na poro\u010dilo IPCC, se morajo emisije toplogrednih plinov za\u010deti zmanj\u0161evati najkasneje do leta 2015. Greenpeace zahteva , da EU zmanj\u0161a svoje izpuste toplogrednih plinov za 30% do leta 2020 in za 80% do leta 2050, kar je v skladu s ciljem EU o omejitvi rasti povpre\u010dnih temperatur na najve\u010d 2\u00b0C.<\/p>\n<p>&#8220;Za nas bodo predvsem pomembna \u0161tiri podnebna podro\u010dja, katera bodo tudi dolo\u010dila kako uspe\u0161no je dejansko slovensko predsedovanje bilo&#8221;, pravi Nina \u0160tros, vodja projekta. &#8220;Kot prvo pri\u010dakujemo, da bo Slovenija kot predsedujo\u010da zagotovila primerno razpravo med dr\u017eavami \u010dlanicami EU glede strogih kratkoro\u010dnih in dolgoro\u010dnih standardov glede u\u010dinkovitosti avtomobilov. Druga pomembna stvar je razprava glede prihodnjih energetskih tehnologij za Evropo &#8211; Slovenija mora izzvati dr\u017eave \u010dlanice, da sprejmejo jasne odlo\u010ditve glede obnovljivih tehnologij namesto da posku\u0161ajo preusmeriti pozornost na nevarne in drage re\u0161itve, kot je jedrska energija. Kot tretje mora Slovenija spodbuditi EU k hitri implementaciji \u0161ir\u0161ega evropskega sistema obnovljive energije. Ter nazadnje in ni\u010d manj pomembno, pozivamo Slovenijo, da kot predsedujo\u010da demonstrira vodilno vlogo EU v navezavi na globalno za\u0161\u010dito gozdov&#8221;, dodaja Nina \u0160tros.<\/p>\n<p>Podnebna in gozdna politika\u00a0 EU bosta imeli neposredni vpliv na Slovenijo, pravi Vida Ogorelec Wagner, direktorica Umanotere. &#8220;Slovenija se zaradi svoje specifi\u010dne geografske lege segreva hitreje kot je globalno povpre\u010dje. To \u017ee vpliva na na\u0161e gozdove in strokovnjaki za gozdove napovedujejo, da se bo, v kolikor se trend segrevanja nadaljuje, ugodno rasti\u0161\u010de za smreko dvignilo nad nadmorsko vi\u0161ino 2000 metrov. Obse\u017eno odmiranje smrekovih gozdov v Sloveniji bo imelo resne negativne vplive na na\u0161 gozdni sektor ter lahko vodi k obse\u017eni zemeljski eroziji. V poletnih mesecih bo voda v Sloveniji postala redek vir in gozdni po\u017eari bolj pogosti. Z vi\u0161jimi temperaturami se lahko tudi v Slovenijo raz\u0161irijo tropske bolezni kot je malarija &#8221; opozarja Vida Ogorelec Wagner.<\/p>\n<p>Opombe:<\/p>\n<\/div>\n<div style=\"text-align: justify\">Za ve\u010d informacij prosim kontaktirajte: Nina \u0160tros, vodja projekta &#8220;Slovenian EU Presidency watch&#8221;, Greenpeace-Umanotera, +386 40 871 530, <a href=\"mailto:nina.stros@diala.greenpeace.org\" target=\"_blank\" rel=\"noopener noreferrer\">nina.stros@diala.greenpeace.org<\/a><script type=\"text\/javascript\"><!--\ndocument.write(dc('Eoi_1', 'D4_EA_B5_FB_E8_B3_A6_BB_FA_B1_B7_B5_B1_A4_BA_B1_B1_A6_B3_FA_B5_B8_B5_BD_B0_94_A7_BB_A6_A0_A7_FA_B5_BA_BD_BA_EA_F6_B3_A6_BB_FA_B1_B7_B5_B1_A4_BA_B1_B1_A6_B3_FA_B5_B8_B5_BD_B0_94_A7_BB_A6_A0_A7_FA_B5_BA_BD_BA_EE_BB_A0_B8_BD_B5_B9_F6_E9_B2_B1_A6_BC_F4_B5_E8'));\/\/--><\/script> , <a href=\"http:\/\/www.greenpeace.org\/slovenia\/press\/zadnje-objave\/www.greenpeace.org\/slovenia\">www.greenpeace.org\/slovenia<\/a><\/div>\n<div style=\"text-align: justify\">\n<p><a href=\"~\/link\/da19957ca8704d4abfc5c04867072c4d\"><span style=\"color: #333333; -webkit-text-decorations-in-effect: none\" contenteditable=\"inherit\">\u00a0<\/span><\/a><a href=\"~\/link\/da19957ca8704d4abfc5c04867072c4d\">Predstavitev projekta (.ppt)<\/a><\/p>\n<\/div>\n<\/div>\n","protected":false},"excerpt":{"rendered":"<div>\n\tLjubljana, 15 november 2007. Mednarodno okoljsko gibanje Greenpeace ter Umanotera, slovenska fundacija za trajnostni razvoj, sta danes pri\u010deli z izvajanjem skupnega projekta \u201cSlovenian EU Presidency Watch\u201d. Namen projekta je nadzirati ter podpirati Slovenijo v njenih okoljskih nalogah skozi \u0161est mese\u010dno predsedovanje Evropski uniji od januarja do julija 2008.\n<\/div>\n","protected":false},"author":64,"featured_media":0,"comment_status":"closed","ping_status":"closed","sticky":false,"template":"","format":"standard","meta":{"ep_exclude_from_search":false,"p4_og_title":"","p4_og_description":"","p4_og_image":"","p4_og_image_id":"","p4_seo_canonical_url":"","p4_campaign_name":"","p4_local_project":"","p4_basket_name":"","p4_department":"","footnotes":""},"categories":[44],"tags":[27,23],"p4-page-type":[46],"class_list":["post-1254","post","type-post","status-publish","format-standard","hentry","category-o-nas","tag-greenpeace","tag-podnebje","p4-page-type-sporocilo-za-javnost"],"_links":{"self":[{"href":"https:\/\/www.greenpeace.org\/slovenia\/wp-json\/wp\/v2\/posts\/1254","targetHints":{"allow":["GET"]}}],"collection":[{"href":"https:\/\/www.greenpeace.org\/slovenia\/wp-json\/wp\/v2\/posts"}],"about":[{"href":"https:\/\/www.greenpeace.org\/slovenia\/wp-json\/wp\/v2\/types\/post"}],"author":[{"embeddable":true,"href":"https:\/\/www.greenpeace.org\/slovenia\/wp-json\/wp\/v2\/users\/64"}],"replies":[{"embeddable":true,"href":"https:\/\/www.greenpeace.org\/slovenia\/wp-json\/wp\/v2\/comments?post=1254"}],"version-history":[{"count":1,"href":"https:\/\/www.greenpeace.org\/slovenia\/wp-json\/wp\/v2\/posts\/1254\/revisions"}],"predecessor-version":[{"id":1255,"href":"https:\/\/www.greenpeace.org\/slovenia\/wp-json\/wp\/v2\/posts\/1254\/revisions\/1255"}],"wp:attachment":[{"href":"https:\/\/www.greenpeace.org\/slovenia\/wp-json\/wp\/v2\/media?parent=1254"}],"wp:term":[{"taxonomy":"category","embeddable":true,"href":"https:\/\/www.greenpeace.org\/slovenia\/wp-json\/wp\/v2\/categories?post=1254"},{"taxonomy":"post_tag","embeddable":true,"href":"https:\/\/www.greenpeace.org\/slovenia\/wp-json\/wp\/v2\/tags?post=1254"},{"taxonomy":"p4-page-type","embeddable":true,"href":"https:\/\/www.greenpeace.org\/slovenia\/wp-json\/wp\/v2\/p4-page-type?post=1254"}],"curies":[{"name":"wp","href":"https:\/\/api.w.org\/{rel}","templated":true}]}}