{"id":1258,"date":"2012-03-01T00:00:00","date_gmt":"2012-03-01T00:00:00","guid":{"rendered":"https:\/\/master.k8s.p4.greenpeace.org\/slovenia\/blog\/1258\/lekcije-iz-fukusime\/"},"modified":"2023-06-01T16:20:30","modified_gmt":"2023-06-01T16:20:30","slug":"lekcije-iz-fukusime","status":"publish","type":"post","link":"https:\/\/www.greenpeace.org\/slovenia\/publikacije\/1258\/lekcije-iz-fukusime\/","title":{"rendered":"Lekcije iz Fuku\u0161ime"},"content":{"rendered":"<h2>Poro\u010dilo ob obletnici jedrske katastrofe v Fuku\u0161imi<\/h2>\n<div class=\"leader\">Ljubljana, marec 2012<\/div>\n<div>\n<p>Eno leto po jedrski katastrofi v Fuku\u0161imi na Japonskem je Greenpeace objavil novo poro\u010dilo, \u201cLessons from Fukushima\u201d \u2013 Lekcije iz Fuku\u0161ime.\u00a0Novo poro\u010dilo dokazuje, da jedrska katastrofa v Fuku\u0161imi ni bila posledica naravne nesre\u010de, temve\u010d pomanjkljivega vlaganja v varnostne ukrepe in odpovedi japonskih pristojnih institucij.<\/p>\n<p>Dodatne informacije:<br \/>\nDejan Savi\u0107, <a href=\"mailto:dejan.savic@greenpeace.org\" target=\"_blank\" rel=\"noopener noreferrer\">dejan.savic@greenpeace.org<\/a><script type=\"text\/javascript\"><!-- document.write(dc('Eoi_1', 'EF_86_9C_C1_8A_8C_8E_8A_9F_81_8A_8A_9D_88_AF_8C_86_99_8E_9C_C1_81_8E_85_8A_8B'));\/\/--><\/script>, 040 165 195<\/p>\n<\/div>\n<p><a href=\"https:\/\/www.greenpeace.org\/static\/planet4-slovenia-stateless\/2019\/03\/3b3f41cb-3b3f41cb-lessons-from-fukushima.pdf\" target=\"_blank\" rel=\"noopener noreferrer\">Poro\u010dilo &#8220;Lessons from Fukushima&#8221;<\/a> (v angle\u0161\u010dini)<\/p>\n<p><img loading=\"lazy\" decoding=\"async\" class=\"alignnone wp-image-1630 size-full\" src=\"https:\/\/www.greenpeace.org\/static\/planet4-slovenia-stateless\/2012\/03\/lessons-fukushima-full-cover.jpg\" alt=\"\" width=\"396\" height=\"564\" srcset=\"https:\/\/www.greenpeace.org\/static\/planet4-slovenia-stateless\/2012\/03\/lessons-fukushima-full-cover.jpg 396w, https:\/\/www.greenpeace.org\/static\/planet4-slovenia-stateless\/2012\/03\/lessons-fukushima-full-cover-211x300.jpg 211w, https:\/\/www.greenpeace.org\/static\/planet4-slovenia-stateless\/2012\/03\/lessons-fukushima-full-cover-239x340.jpg 239w\" sizes=\"auto, (max-width: 396px) 100vw, 396px\" \/><\/p>\n","protected":false},"excerpt":{"rendered":"<p>Novo poro\u010dilo dokazuje, da jedrska katastrofa v Fuku\u0161imi ni bila posledica naravne nesre\u010de, temve\u010d pomanjkljivega vlaganja v varnostne ukrepe in odpovedi japonskih pristojnih institucij.<\/p>\n","protected":false},"author":64,"featured_media":1626,"comment_status":"closed","ping_status":"closed","sticky":false,"template":"","format":"standard","meta":{"ep_exclude_from_search":false,"p4_og_title":"","p4_og_description":"","p4_og_image":"","p4_og_image_id":"","p4_seo_canonical_url":"","p4_campaign_name":"","p4_local_project":"","p4_basket_name":"","p4_department":"","footnotes":""},"categories":[45],"tags":[35],"p4-page-type":[52],"class_list":["post-1258","post","type-post","status-publish","format-standard","has-post-thumbnail","hentry","category-podnebje","tag-jedrska-energija","p4-page-type-publikacije"],"_links":{"self":[{"href":"https:\/\/www.greenpeace.org\/slovenia\/wp-json\/wp\/v2\/posts\/1258","targetHints":{"allow":["GET"]}}],"collection":[{"href":"https:\/\/www.greenpeace.org\/slovenia\/wp-json\/wp\/v2\/posts"}],"about":[{"href":"https:\/\/www.greenpeace.org\/slovenia\/wp-json\/wp\/v2\/types\/post"}],"author":[{"embeddable":true,"href":"https:\/\/www.greenpeace.org\/slovenia\/wp-json\/wp\/v2\/users\/64"}],"replies":[{"embeddable":true,"href":"https:\/\/www.greenpeace.org\/slovenia\/wp-json\/wp\/v2\/comments?post=1258"}],"version-history":[{"count":5,"href":"https:\/\/www.greenpeace.org\/slovenia\/wp-json\/wp\/v2\/posts\/1258\/revisions"}],"predecessor-version":[{"id":1631,"href":"https:\/\/www.greenpeace.org\/slovenia\/wp-json\/wp\/v2\/posts\/1258\/revisions\/1631"}],"wp:featuredmedia":[{"embeddable":true,"href":"https:\/\/www.greenpeace.org\/slovenia\/wp-json\/wp\/v2\/media\/1626"}],"wp:attachment":[{"href":"https:\/\/www.greenpeace.org\/slovenia\/wp-json\/wp\/v2\/media?parent=1258"}],"wp:term":[{"taxonomy":"category","embeddable":true,"href":"https:\/\/www.greenpeace.org\/slovenia\/wp-json\/wp\/v2\/categories?post=1258"},{"taxonomy":"post_tag","embeddable":true,"href":"https:\/\/www.greenpeace.org\/slovenia\/wp-json\/wp\/v2\/tags?post=1258"},{"taxonomy":"p4-page-type","embeddable":true,"href":"https:\/\/www.greenpeace.org\/slovenia\/wp-json\/wp\/v2\/p4-page-type?post=1258"}],"curies":[{"name":"wp","href":"https:\/\/api.w.org\/{rel}","templated":true}]}}