{"id":1286,"date":"2019-03-04T11:28:00","date_gmt":"2019-03-04T11:28:00","guid":{"rendered":"https:\/\/master.k8s.p4.greenpeace.org\/slovenia\/blog\/1286\/zakaj-se-pridruzujem-greenpeaceovima-ladjama-pri-boju-zoper-plasticno-onesnazevanje\/"},"modified":"2023-06-01T16:16:55","modified_gmt":"2023-06-01T16:16:55","slug":"zakaj-se-pridruzujem-greenpeaceovima-ladjama-pri-boju-zoper-plasticno-onesnazevanje","status":"publish","type":"post","link":"https:\/\/www.greenpeace.org\/slovenia\/blog\/1286\/zakaj-se-pridruzujem-greenpeaceovima-ladjama-pri-boju-zoper-plasticno-onesnazevanje\/","title":{"rendered":"Zakaj se pridru\u017eujem Greenpeaceovima ladjama pri boju zoper plasti\u010dno onesna\u017eevanje"},"content":{"rendered":"<div class=\"post-content\">\n<p>Onesna\u017eevanje s plastiko je morda zelo vidno na Filipinih in v drugih azijskih dr\u017eavah, vendar se je kriza za\u010dela drugje. Za\u010dela se je v sejnih sobah najve\u010djih multinacionalnih podjetij, ko so se le-ta odlo\u010dila, da bodo plastiko za enkratno uporabo, ki je ni mo\u017eno reciklirati, odvrgli na mesta, kjer ni primerne infrastrukture za njeno upravljanje.<\/p>\n<p>Guimaras je otok, kjer sem odra\u0161\u010dal in se nahaja v osrednjem delu Filipinov. Otok se pona\u0161a s turkizno vodo, belimi pe\u0161\u010denimi pla\u017eami, sladkimi mangi in najprijaznej\u0161imi ljudmi na planetu.<\/p>\n<p>Ko sem pri svojih 18-ih letih zapustil otok in \u0161el \u0161tudirati v Manilo, prestolnico Filipinov, sem bil \u0161okiran, ko sem videl Manilski zaliv \u2013 voda je bila skoraj \u010drna, namesto pisanih koral in rib pa je bila v morju vsepovsod prisotna le plastika. Globoko v meni se je pojavil neizmeren strah, da se to lahko zgodi tudi mojemu doma\u010demu otoku.<\/p>\n<p>Moja odlo\u010ditev, da za\u0161\u010ditim svoj dom me je naposled vodila do organizacije <a href=\"http:\/\/www.no-burn.org\/\">Global Alliance for Incinerator Alternatives (GAIA)<\/a>. Klju\u010dna komponenta na\u0161ega dela je nudenje pomo\u010di skupnostim pri njihovi implementaciji programov \u00bbZero Waste\u00ab. Z lo\u010devanjem odpadkov, lokalnim kompostiranjem in recikliranjem, skupnosti in mesta lahko zmanj\u0161ajo koli\u010dino svojih odpadkov za kar 80 %.<\/p>\n<p>A kljub na\u0161emu trudu, vse do 30 % odpadkov ne more biti kompostiranih ali recikliranih. Skupnosti nas pogosto vpra\u0161ajo: \u00bbZakaj na nas odlagate to odgovornost upravljanja s temi odpadki in ne na korporacije, ki so ta problem ustvarile? <a href=\"https:\/\/act.greenpeace.org\/page\/38777\/petition\/1?g4v45\">Povejte tem podjetjem naj prenehajo producirati plastiko in na\u0161 problem z odpadki bo odpravljen<\/a>.\u00ab<\/p>\n<p>Danes se z navdu\u0161enjem pridru\u017eujem organizaciji Greenpeace International in zagonu njihove globalne ladijske turneje, s katero bodo razkrinkali korporacije, ki so odgovorne za krizo z onesna\u017eevanjem s plastiko. Korporacije kot so Nestl\u00e9, Procter &amp; Gamble, PepsiCo, Unilever, Coca-Cola, Mars, Kraft Heinz, Mondelez, Colgate-Palmolive, Johnson and Johnson in Danone so ustvarile po\u0161ast in skupnosti iz celega sveta se zdru\u017eujejo v skupnem sporo\u010dilu, da smo kon\u010dali s prevzemanjem krivde za njihove neodgovorne odlo\u010ditve.<\/p>\n<p><img decoding=\"async\" title=\"Osvobodimo se plastike. (c) Greenpeace.\" src=\"https:\/\/www.greenpeace.org\/static\/planet4-slovenia-stateless\/2019\/03\/0dbc31ac-0dbc31ac-144740_263482.jpg\" alt=\"Osvobodimo se plastike. (c) Greenpeace.\" width=\"600\" \/><\/p>\n<p>Mesta in skupnosti, ki se trudijo za dru\u017ebo brez odpadkov so dokaz, da so re\u0161itve mo\u017ene in uresni\u010dljive.<a href=\"https:\/\/act.greenpeace.org\/page\/38777\/petition\/1?g4v45\"> Pridru\u017eite se nam in od korporacij zahtevajte, da naredijo korak naprej od svojih praznih obljub<\/a> in brez pomenskega recikliranja ter za\u010dnejo izvajati konkretna dejanja s katerimi bodo re\u0161ili krizo onesna\u017eevanja s plastiko. In spremljajte nas \u0161e naprej, saj \u0161e nismo rekli zadnje besede!<\/p>\n<p><span id=\"docs-internal-guid-47893767-7fff-cae4-ec4e-b605428099f0\"><a href=\"http:\/\/www.froilangrate.com\/\">Frolian Grate<\/a> je izvr\u0161ni direktor pri GAIA Azija Pacifik, ki ima sede\u017e v Manili, na Filipinih. GAIA je, skupaj z Greenpeaceom in drugimi organizacijami, temeljni \u010dlan globalnega Break Free From Plastic gibanja.<\/span><\/p>\n<\/div>\n","protected":false},"excerpt":{"rendered":"<p>Onesna\u017eevanje s plastiko je morda zelo vidno na Filipinih in v drugih azijskih dr\u017eavah, vendar se je kriza za\u010dela drugje. Za\u010dela se je v sejnih sobah najve\u010djih multinacionalnih podjetij, ko so se le-ta odlo\u010dila, da bodo plastiko za enkratno uporabo, ki je ni mo\u017eno reciklirati, odvrgli na mesta, kjer ni primerne infrastrukture za njeno upravljanje.<\/p>\n","protected":false},"author":64,"featured_media":1287,"comment_status":"closed","ping_status":"closed","sticky":false,"template":"","format":"standard","meta":{"ep_exclude_from_search":false,"p4_og_title":"","p4_og_description":"","p4_og_image":"","p4_og_image_id":"","p4_seo_canonical_url":"","p4_campaign_name":"","p4_local_project":"","p4_basket_name":"","p4_department":"","footnotes":""},"categories":[42],"tags":[22],"p4-page-type":[24],"class_list":["post-1286","post","type-post","status-publish","format-standard","has-post-thumbnail","hentry","category-prekomerna-potrosnja","tag-plastika","p4-page-type-blog"],"_links":{"self":[{"href":"https:\/\/www.greenpeace.org\/slovenia\/wp-json\/wp\/v2\/posts\/1286","targetHints":{"allow":["GET"]}}],"collection":[{"href":"https:\/\/www.greenpeace.org\/slovenia\/wp-json\/wp\/v2\/posts"}],"about":[{"href":"https:\/\/www.greenpeace.org\/slovenia\/wp-json\/wp\/v2\/types\/post"}],"author":[{"embeddable":true,"href":"https:\/\/www.greenpeace.org\/slovenia\/wp-json\/wp\/v2\/users\/64"}],"replies":[{"embeddable":true,"href":"https:\/\/www.greenpeace.org\/slovenia\/wp-json\/wp\/v2\/comments?post=1286"}],"version-history":[{"count":5,"href":"https:\/\/www.greenpeace.org\/slovenia\/wp-json\/wp\/v2\/posts\/1286\/revisions"}],"predecessor-version":[{"id":1663,"href":"https:\/\/www.greenpeace.org\/slovenia\/wp-json\/wp\/v2\/posts\/1286\/revisions\/1663"}],"wp:featuredmedia":[{"embeddable":true,"href":"https:\/\/www.greenpeace.org\/slovenia\/wp-json\/wp\/v2\/media\/1287"}],"wp:attachment":[{"href":"https:\/\/www.greenpeace.org\/slovenia\/wp-json\/wp\/v2\/media?parent=1286"}],"wp:term":[{"taxonomy":"category","embeddable":true,"href":"https:\/\/www.greenpeace.org\/slovenia\/wp-json\/wp\/v2\/categories?post=1286"},{"taxonomy":"post_tag","embeddable":true,"href":"https:\/\/www.greenpeace.org\/slovenia\/wp-json\/wp\/v2\/tags?post=1286"},{"taxonomy":"p4-page-type","embeddable":true,"href":"https:\/\/www.greenpeace.org\/slovenia\/wp-json\/wp\/v2\/p4-page-type?post=1286"}],"curies":[{"name":"wp","href":"https:\/\/api.w.org\/{rel}","templated":true}]}}