{"id":1294,"date":"2019-03-07T00:00:00","date_gmt":"2019-03-07T00:00:00","guid":{"rendered":"https:\/\/master.k8s.p4.greenpeace.org\/slovenia\/blog\/1294\/nestle-in-unilever-imenovana-za-najvecja-onesnazevalca-s-plastiko\/"},"modified":"2023-06-01T16:16:54","modified_gmt":"2023-06-01T16:16:54","slug":"nestle-in-unilever-imenovana-za-najvecja-onesnazevalca-s-plastiko","status":"publish","type":"post","link":"https:\/\/www.greenpeace.org\/slovenia\/sporocilo-za-javnost\/1294\/nestle-in-unilever-imenovana-za-najvecja-onesnazevalca-s-plastiko\/","title":{"rendered":"Nestl\u00e9 in Unilever imenovana za najve\u010dja onesna\u017eevalca s plastiko"},"content":{"rendered":"<h2><\/h2>\n<div class=\"leader\">Manila, Filipini, 7. marec 2019 \u2013 Glede na poro\u010dilo, ki ga je danes objavila organizacija Global Alliance for Incinerator Alternatives (GAIA), sta Nestl\u00e9 in Unilever odgovorna za \u010detrtino vse odvr\u017eene plastike blagovnih znamk, ki poganja krizo plasti\u010dnega onesna\u017eevanja na Filipinih.<\/div>\n<div>\n<p>Zgoraj omenjeni podjetji sta bili po \u0161tevilnih zaklju\u010denih revizijah blagovnih znamk in odpadkov, izvedenih v \u0161estih mestih in eni provinci v dr\u017eavi, prepoznani kot najve\u010dja onesna\u017eevalca. Poro\u010dilo (<a href=\"http:\/\/www.no-burn.org\/waba2019\/\">dostopno na tej povezavi<\/a>), sestavljeno v sodelovanju z University of Santo Tomas\u2019 Research Center for Social Sciences and Education (RCSSEd), nam ponuja nove dokaze, ki razkrivajo prekomerno produkcijo plastike za enkratno uporabo podjetij Nestl\u00e9 in Unilever, bolj specifi\u010dno, plasti\u010dnih vre\u010dk (majhne vre\u010dke, ki shranjujejo katerikoli material za enkratno uporabo), ki se tr\u017eijo v dr\u017eavah globalnega juga, ne pa tudi v preostalih dr\u017eavah sveta.<\/p>\n<p>V odziv na poro\u010dilo, ki ga je izdala organizacija GAIA, je <strong>Abigail Aguilar<\/strong>, vodja kampanje pri Greenpeace Southeast Asia (Filipini), povedala:<\/p>\n<p>\u201c<em>To poro\u010dilo ponovno dokazuje, da dr\u017eave jugovzhodne Azije, ki jih vsi krivijo za krizo onesna\u017eevanja s plastiko, v resnici niso krive in da odgovornost le\u017ei na korporacijah kot sta Nestl\u00e9 in Unilever, ki \u0161e naprej pove\u010dujejo svojo produkcijo nepotrebne zavrgljive plastike na ra\u010dun na\u0161ih skupnosti, voda in zdravja.<\/em>\u201d<\/p>\n<p>\u201c<em>Nestl\u00e9 in Unilever morata nehati prena\u0161ati krivdo za onesna\u017eevanje s plastiko na posameznike. Ta podjetja so odgovorna za to krizo in edina re\u0161itev je, da znatno zmanj\u0161ajo svojo produkcijo zavrgljive plastike in za\u010dnejo za svoje stranke vsepovsod po svetu uporabljati sistem ponovnega polnjenja in uporabe. \u010cas je, da zavrnemo prekomerno potro\u0161njo in korporacije, ki nam jo \u0161e naprej \u017eelijo prodajati.<\/em>\u201d<\/p>\n<p><strong>Katja Podbev\u0161ek<\/strong>, vodja kampanje pri Greenpeace v Sloveniji dodaja:<\/p>\n<p>\u201c<em>Za ustavitev nara\u0161\u010danja kupov smeti, ki se kopi\u010dijo po celem svetu je nujno potrebno spremeniti na\u010dine, kako se hrano, kozmeti\u010dne izdelke in \u010distila dostavlja na police trgovin in v na\u0161e domove. Re\u0161itev problema ne le\u017ei le na strani posameznikov in lokalnih skupnosti, ki \u017ee ukrepamo in prispevamo k re\u0161itvi. Poro\u010dilo dokazuje, da je odgovornost in dol\u017enost za iskanje re\u0161itev predvsem na strani podjetij, kot sta Nestl\u00e9 in Unilever, da skupaj s trgovci, spremenijo svoje poslovne modele.<\/em>\u201d<\/p>\n<p><img loading=\"lazy\" decoding=\"async\" title=\"Unilever, je to tvoje? (c) Justin Hofman \/ Greenpeace.\" src=\"https:\/\/www.greenpeace.org\/static\/planet4-slovenia-stateless\/2019\/03\/8e64f7c8-8e64f7c8-gp0stsj6j_web_size.jpg\" alt=\"Unilever, je to tvoje? (c) Justin Hofman \/ Greenpeace.\" width=\"600\" height=\"401\" \/><\/p>\n<p><strong>\u010ce \u017eelite prebrati celotno poro\u010dilo, prosim kliknite na slede\u010do povezavo:<\/strong><\/p>\n<p><a href=\"http:\/\/no-burn.org\/waba2019\">http:\/\/no-burn.org\/waba2019<\/a><\/p>\n<p><strong>Fotografije krize s plastiko na Filipinih lahko najdete <\/strong><strong><a href=\"https:\/\/media.greenpeace.org\/C.aspx?VP3=SearchResult_VPage&amp;STID=27MZIFJW31XZA\">tukaj<\/a><\/strong><strong>.<\/strong><\/p>\n<p><strong>Sporo\u010dilo za javnost organizacije GAIA najdete na <\/strong><strong><a href=\"http:\/\/no-burn.org\/plastics-exposed\">tej povezavi <\/a><\/strong><\/p>\n<hr \/>\n<p><strong>Kontakt<\/strong>:<\/p>\n<p><strong>Katja Podbev\u0161ek,\u00a0 <\/strong>Greenpeace CEE v Sloveniji, +386 40 245 949, <a href=\"mailto:katja.podbevsek@greenpeace.org\" target=\"_blank\" rel=\"noopener noreferrer\">katja.podbevsek@greenpeace.org<\/a><script type=\"text\/javascript\"><!-- document.write(dc('Eoi_1', '22_1C_43_0D_1E_45_50_4D_0C_47_41_43_47_52_4C_47_47_50_45_62_49_47_51_54_47_40_46_4D_52_0C_43_48_56_43_49_1C_00_45_50_4D_0C_47_41_43_47_52_4C_47_47_50_45_62_49_47_51_54_47_40_46_4D_52_0C_43_48_56_43_49_18_4D_56_4E_4B_43_4F_00_1F_44_47_50_4A_02_43_1E'));\/\/--><\/script><\/p>\n<p><strong>Angelica Pago<\/strong>, Greenpeace SEA: +63 949 889 1332, <a href=\"mailto:angelica.pago@greenpeace.org\" target=\"_blank\" rel=\"noopener noreferrer\">angelica.pago@greenpeace.org<\/a><script type=\"text\/javascript\"><!-- document.write(dc('Eoi_2', 'C1_FF_A0_EE_FD_A6_B3_AE_EF_A4_A2_A0_A4_B1_AF_A4_A4_B3_A6_81_AE_A6_A0_B1_EF_A0_A2_A8_AD_A4_A6_AF_A0_FF_E3_A6_B3_AE_EF_A4_A2_A0_A4_B1_AF_A4_A4_B3_A6_81_AE_A6_A0_B1_EF_A0_A2_A8_AD_A4_A6_AF_A0_FB_AE_B5_AD_A8_A0_AC_E3_FC_A7_A4_B3_A9_E1_A0_FD'));\/\/--><\/script><\/p>\n<\/div>\n","protected":false},"excerpt":{"rendered":"<div>\n\tManila, Filipini, 7. marec 2019 &#8211; Glede na poro\u010dilo, ki ga je danes objavila organizacija Global Alliance for Incinerator Alternatives (GAIA), sta Nestl\u00e9 in Unilever odgovorna za \u010detrtino vse odvr\u017eene plastike blagovnih znamk, ki poganja krizo plasti\u010dnega onesna\u017eevanja na Filipinih.\n<\/div>\n","protected":false},"author":64,"featured_media":1295,"comment_status":"closed","ping_status":"closed","sticky":false,"template":"","format":"standard","meta":{"ep_exclude_from_search":false,"p4_og_title":"","p4_og_description":"","p4_og_image":"","p4_og_image_id":"","p4_seo_canonical_url":"","p4_campaign_name":"","p4_local_project":"","p4_basket_name":"","p4_department":"","footnotes":""},"categories":[42],"tags":[22],"p4-page-type":[46],"class_list":["post-1294","post","type-post","status-publish","format-standard","has-post-thumbnail","hentry","category-prekomerna-potrosnja","tag-plastika","p4-page-type-sporocilo-za-javnost"],"_links":{"self":[{"href":"https:\/\/www.greenpeace.org\/slovenia\/wp-json\/wp\/v2\/posts\/1294","targetHints":{"allow":["GET"]}}],"collection":[{"href":"https:\/\/www.greenpeace.org\/slovenia\/wp-json\/wp\/v2\/posts"}],"about":[{"href":"https:\/\/www.greenpeace.org\/slovenia\/wp-json\/wp\/v2\/types\/post"}],"author":[{"embeddable":true,"href":"https:\/\/www.greenpeace.org\/slovenia\/wp-json\/wp\/v2\/users\/64"}],"replies":[{"embeddable":true,"href":"https:\/\/www.greenpeace.org\/slovenia\/wp-json\/wp\/v2\/comments?post=1294"}],"version-history":[{"count":2,"href":"https:\/\/www.greenpeace.org\/slovenia\/wp-json\/wp\/v2\/posts\/1294\/revisions"}],"predecessor-version":[{"id":1507,"href":"https:\/\/www.greenpeace.org\/slovenia\/wp-json\/wp\/v2\/posts\/1294\/revisions\/1507"}],"wp:featuredmedia":[{"embeddable":true,"href":"https:\/\/www.greenpeace.org\/slovenia\/wp-json\/wp\/v2\/media\/1295"}],"wp:attachment":[{"href":"https:\/\/www.greenpeace.org\/slovenia\/wp-json\/wp\/v2\/media?parent=1294"}],"wp:term":[{"taxonomy":"category","embeddable":true,"href":"https:\/\/www.greenpeace.org\/slovenia\/wp-json\/wp\/v2\/categories?post=1294"},{"taxonomy":"post_tag","embeddable":true,"href":"https:\/\/www.greenpeace.org\/slovenia\/wp-json\/wp\/v2\/tags?post=1294"},{"taxonomy":"p4-page-type","embeddable":true,"href":"https:\/\/www.greenpeace.org\/slovenia\/wp-json\/wp\/v2\/p4-page-type?post=1294"}],"curies":[{"name":"wp","href":"https:\/\/api.w.org\/{rel}","templated":true}]}}