{"id":1305,"date":"2012-12-06T00:00:00","date_gmt":"2012-12-06T00:00:00","guid":{"rendered":"https:\/\/master.k8s.p4.greenpeace.org\/slovenia\/blog\/1305\/z-vodstvom-hse-smo-vzpostavili-dialog\/"},"modified":"2023-06-01T16:20:19","modified_gmt":"2023-06-01T16:20:19","slug":"z-vodstvom-hse-smo-vzpostavili-dialog","status":"publish","type":"post","link":"https:\/\/www.greenpeace.org\/slovenia\/sporocilo-za-javnost\/1305\/z-vodstvom-hse-smo-vzpostavili-dialog\/","title":{"rendered":"Z vodstvom HSE smo vzpostavili dialog"},"content":{"rendered":"<h2>Greenpeaceova akcija na stavbi HSE uspe\u0161na<\/h2>\n<\/p>\n<div class=\"leader\">\n\tLjubljana, 6. december 2012 \u2013 Potem, ko je petnajst Greenpeacovih aktivistov danes pred in na stavbi sede\u017ea dru\u017ebe Holding Slovenske elektrarne (HSE) izvedlo opozorilno akcijo, se je ta uspe\u0161no kon\u010dala. Greenpeace je vodstvu HSE predal svoje zahteve (1), HSE pa je predstavnico Greenpeace sprejel na pogovor.\n<\/div>\n<div>\n<p><!-- END DYNAMIC CONTENT --><\/p>\n<p>Mag. Nina \u0160tros, vodja Greenpeace v Sloveniji, dose\u017eek akcije komentira:<\/p>\n<p><em>\u00bbZadovoljni smo, da je akcija naletela na pozitivni odziv vodstva HSE in njegovega generalnega direktorja Bla\u017ea Ko\u0161oroka. Dosegli smo pomemben prvi korak, in to je zavezo, da nadaljujemo z medsebojnim dialogom. Verjamemo da gre za pomemben premik k transparentnemu in odgovornemu odlo\u010danju in upamo, da bo vodstvo svojo obljubo tudi izpolnilo.\u00ab <\/em><\/p>\n<p><em>\u00bbEnergetska politika in njeni projekti lahko usodno zaznamujejo tako razvojne prilo\u017enosti na\u0161e dr\u017eave, kot tudi kakovost \u017eivljenja njenih dr\u017eavljanov. Odlo\u010ditve, ki v veliki meri dolo\u010dajo na\u0161o prihodnost, se morajo sprejemati transparentov in v dialogu z vsemi zainteresiranimi dele\u017eniki. V na\u0161i energetiki je bilo vse preve\u010d odlo\u010ditev sprejetih brez tehtnega premisleka in temu moramo narediti konec. Obnova kotla v TET in nadaljevanje s kurjenjem premoga v Zasavju je napa\u010dna usmeritev, ki \u017ee tako prizadeti regiji ne prina\u0161a svetle prihodnosti,\u00ab <\/em>\u0161e dodaja \u0160tros.<\/p>\n<p class=\"Body\">Medije smo ob za\u010detku akcije v \u017eivo obvestili o poteku dogajanja. Sporo\u010dilo, ki smo ga poslali, najdete na na\u0161i spletni strani <a href=\"http:\/\/www.greenpeace.si\/\">www.greenpeace.si<\/a>.<\/p>\n<p class=\"Body\">KONEC<em>\u00a0<\/em><\/p>\n<p class=\"Body\">\u00a0<\/p>\n<p class=\"Body\"><strong>Opomba:<\/strong><\/p>\n<p class=\"Default\">(1)\u00a0 Od vodstva HSE zahtevamo, da:<\/p>\n<p class=\"Default\">1. Nemudoma opustite vse na\u010drte, ki so povezani z obnovo 125 megavatnega bloka v TE Trbovlje, ki bi kot energent uporabljala doma\u010di oz. uvo\u017eeni premog!<\/p>\n<p class=\"Default\">2. Svojo odlo\u010ditev javnosti predstavite do najkasneje 10. januarja 2013. V primeru neodzivanja bomo smatrali, da HSE projekt podpira.<\/p>\n<p class=\"Default\">3. Se obve\u017eete k politiki transparentnega in odgovornega sprejemanja odlo\u010ditev o novih investicijah, ki bodo v svoji stro\u0161kovni oceni vklju\u010devale tudi eksterne oz. dru\u017ebene stro\u0161ke predvidene investicije.<\/p>\n<p class=\"Default\">4. Se obve\u017eete, da boste pri pripravi investicijskih programov upo\u0161tevali sektorsko politiko na podro\u010dju energetike, da bodo ti na\u010drti revidirani s strani zunanje neodvisne in\u0161titucije in pred dokon\u010dno odlo\u010ditvijo predstavljeni zainteresirani javnosti, kamor se uvr\u0161\u010damo tudi nevladne organizacije.<\/p>\n<p class=\"Default\">5. Se obve\u017eete k politiki prioritetnega vlaganja v obnovljive vire energije in vse prihodke, ki jih ustvarjajo elektrarne na obnovljive vire v va\u0161em portfelju, prioritetno usmerite v nove projekte, ki kot energetski vir izkori\u0161\u010dajo trajnostne obnovljive vire.<\/p>\n<p class=\"Default\">6. Nam v najkraj\u0161em mo\u017enem \u010dasu sporo\u010dite termin, ko bi se lahko sestali z generalnih direktorjem dru\u017ebe HSE in z njim izmenjali mnenja o predlagani investiciji v TET ter zgoraj navedenih zahtevah.<\/p>\n<p class=\"Default\">7. Nam do 10. januarja 2013, skupaj z odgovorom o usodi projekta TET sporo\u010dite va\u0161a mnenje glede zgoraj navedenih zahtev.\u00ab<\/p>\n<p class=\"Body\">\u00a0<\/p>\n<p class=\"Body\">(2) Fotografije akcije prilagamo sporo\u010dilu, kasneje bodo na voljo na na\u0161i spletni strani. Foto: Greenpeace\/Risti\u010d. <a href=\"http:\/\/www.greenpeace.si\/\">www.greenpeace.si<\/a><\/p>\n<p class=\"Body\">\u00a0<\/p>\n<p><strong>Kontakt:<\/strong><\/p>\n<p>Dejan Savi\u0107, zastopnik za energetsko politiko, Greenpeace v Sloveniji, <a href=\"mailto:dejan.savic@greenpeace.org\" target=\"_blank\" rel=\"noopener noreferrer\">dejan.savic@greenpeace.org<\/a><script type=\"text\/javascript\"><!--\ndocument.write(dc('Eoi_1', '23_1D_42_0C_1F_4A_50_0D_46_40_42_46_53_4D_46_46_51_44_63_40_4A_55_42_50_0D_4D_42_49_46_47_1D_01_4A_50_0D_46_40_42_46_53_4D_46_46_51_44_63_40_4A_55_42_50_0D_4D_42_49_46_47_19_4C_57_4F_4A_42_4E_01_1E_45_46_51_4B_03_42_1F'));\/\/--><\/script>, 040 165 195.<\/p>\n<p class=\"Body\"><strong>Ve\u010d informacij: <\/strong><\/p>\n<p class=\"Body\">Nina \u0160tros, vodja Greenpeace v Sloveniji, <a href=\"mailto:nina.stros@greenpeace.org\" target=\"_blank\" rel=\"noopener noreferrer\">nina.stros@greenpeace.org<\/a><script type=\"text\/javascript\"><!--\ndocument.write(dc('Eoi_2', '23_1D_42_0C_1F_4A_50_0D_46_40_42_46_53_4D_46_46_51_44_63_50_4C_51_57_50_0D_42_4D_4A_4D_1D_01_4A_50_0D_46_40_42_46_53_4D_46_46_51_44_63_50_4C_51_57_50_0D_42_4D_4A_4D_19_4C_57_4F_4A_42_4E_01_1E_45_46_51_4B_03_42_1F'));\/\/--><\/script> \u00a0040 871 530.<\/p>\n<p>\u00a0<\/p>\n<p style=\"text-align: center;\">Greenpeace je neodvisna globalna organizacija, ki si preko kampanj prizadeva za spremembo odnosov in vedenja, za\u0161\u010dito in ohranitev okolja ter za promocijo miru. Za svoje delovanje ne sprejema finan\u010dnih sredstev in\u0161titucij EU, vlad, korporacij ali politi\u010dnih strank.<\/p>\n<\/div>\n","protected":false},"excerpt":{"rendered":"<div>\n\tLjubljana, 6. december 2012 \u2013 Potem, ko je petnajst Greenpeacovih aktivistov danes pred in na stavbi sede\u017ea dru\u017ebe Holding Slovenske elektrarne (HSE) izvedlo opozorilno akcijo, se je ta uspe\u0161no kon\u010dala. Greenpeace je vodstvu HSE predal svoje zahteve (1), HSE pa je predstavnico Greenpeace sprejel na pogovor.\n<\/div>\n","protected":false},"author":64,"featured_media":0,"comment_status":"closed","ping_status":"closed","sticky":false,"template":"","format":"standard","meta":{"ep_exclude_from_search":false,"p4_og_title":"","p4_og_description":"","p4_og_image":"","p4_og_image_id":"","p4_seo_canonical_url":"","p4_campaign_name":"","p4_local_project":"","p4_basket_name":"","p4_department":"","footnotes":""},"categories":[45],"tags":[32,26],"p4-page-type":[46],"class_list":["post-1305","post","type-post","status-publish","format-standard","hentry","category-podnebje","tag-brezpremoga","tag-aktivizem","p4-page-type-sporocilo-za-javnost"],"_links":{"self":[{"href":"https:\/\/www.greenpeace.org\/slovenia\/wp-json\/wp\/v2\/posts\/1305","targetHints":{"allow":["GET"]}}],"collection":[{"href":"https:\/\/www.greenpeace.org\/slovenia\/wp-json\/wp\/v2\/posts"}],"about":[{"href":"https:\/\/www.greenpeace.org\/slovenia\/wp-json\/wp\/v2\/types\/post"}],"author":[{"embeddable":true,"href":"https:\/\/www.greenpeace.org\/slovenia\/wp-json\/wp\/v2\/users\/64"}],"replies":[{"embeddable":true,"href":"https:\/\/www.greenpeace.org\/slovenia\/wp-json\/wp\/v2\/comments?post=1305"}],"version-history":[{"count":1,"href":"https:\/\/www.greenpeace.org\/slovenia\/wp-json\/wp\/v2\/posts\/1305\/revisions"}],"predecessor-version":[{"id":1306,"href":"https:\/\/www.greenpeace.org\/slovenia\/wp-json\/wp\/v2\/posts\/1305\/revisions\/1306"}],"wp:attachment":[{"href":"https:\/\/www.greenpeace.org\/slovenia\/wp-json\/wp\/v2\/media?parent=1305"}],"wp:term":[{"taxonomy":"category","embeddable":true,"href":"https:\/\/www.greenpeace.org\/slovenia\/wp-json\/wp\/v2\/categories?post=1305"},{"taxonomy":"post_tag","embeddable":true,"href":"https:\/\/www.greenpeace.org\/slovenia\/wp-json\/wp\/v2\/tags?post=1305"},{"taxonomy":"p4-page-type","embeddable":true,"href":"https:\/\/www.greenpeace.org\/slovenia\/wp-json\/wp\/v2\/p4-page-type?post=1305"}],"curies":[{"name":"wp","href":"https:\/\/api.w.org\/{rel}","templated":true}]}}