{"id":1450,"date":"2019-03-25T11:52:51","date_gmt":"2019-03-25T11:52:51","guid":{"rendered":"https:\/\/master.k8s.p4.greenpeace.org\/slovenia\/?p=1450"},"modified":"2023-06-01T16:16:52","modified_gmt":"2023-06-01T16:16:52","slug":"nestle-unicite-plasticno-posast-ki-ste-jo-ustvarili","status":"publish","type":"post","link":"https:\/\/www.greenpeace.org\/slovenia\/blog\/1450\/nestle-unicite-plasticno-posast-ki-ste-jo-ustvarili\/","title":{"rendered":"Nestl\u00e9: Uni\u010dite plasti\u010dno po\u0161ast, ki ste jo ustvarili"},"content":{"rendered":"<p dir=\"ltr\">Ko je ladja Rainbow Warrior pred kratkim raziskovala vode okoli\u00a0<a href=\"https:\/\/www.facebook.com\/greenpeacesi\/videos\/2231851873743492\/\" target=\"_blank\" rel=\"noopener noreferrer\">otokov Verde<\/a>\u00a0na Filipinih, gre za enega izmed najbolj neokrnjenih morskih ekosistemov na svetu, smo odkrili, da so celo najmanj\u0161i prebivalci tega obmo\u010dja prizadeti zaradi plasti\u010dnega onesna\u017eevanja.<\/p>\n<p><img loading=\"lazy\" decoding=\"async\" class=\"aligncenter\" title=\"Plasti\u010dno onesna\u017eenje vpliva na morske organizme. (c) Greenpeace.\" src=\"http:\/\/www.greenpeace.org\/slovenia\/community_images\/15\/397415\/144822_263647.jpg\" alt=\"Plasti\u010dno onesna\u017eenje vpliva na morske organizme. (c) Greenpeace.\" width=\"600\" height=\"531\" \/><\/p>\n<p dir=\"ltr\">Vsakemu, ki pozna jugovzhodno Azijo, se zdi, da je onesna\u017eevanje s plastiko prisotno vsepovsod, a problem se je v resnici za\u010del nekje drugje\u2014 za\u010del se je\u00a0<a href=\"https:\/\/www.greenpeace.org\/international\/story\/21107\/why-im-joining-the-greenpeace-ships-to-fight-plastic-pollution\/\">v sejnih dvoranah najvplivnej\u0161ih multinacionalnih podjetij<\/a>, ko so se le-ta odlo\u010dila, da bodo produkte zapakirane v plastiko za enkratno uporabo, ki je ni mogo\u010de reciklirati, odvrgla na mesta, kjer ni primerne infrastrukture za njihovo upravljanje. Preprosto povedano, ta podjetja so ustvarila\u00a0<a href=\"https:\/\/www.facebook.com\/hashtag\/plasticmonster?source=feed_text&amp;epa=HASHTAG\">#PlasticMonster<\/a>.<\/p>\n<p dir=\"ltr\"><img loading=\"lazy\" decoding=\"async\" class=\"aligncenter wp-image-1463\" src=\"https:\/\/www.greenpeace.org\/static\/planet4-slovenia-stateless\/2019\/03\/58fcc459-nestle-1024x1024.jpg\" alt=\"\" width=\"613\" height=\"613\" srcset=\"https:\/\/www.greenpeace.org\/static\/planet4-slovenia-stateless\/2019\/03\/58fcc459-nestle-1024x1024.jpg 1024w, https:\/\/www.greenpeace.org\/static\/planet4-slovenia-stateless\/2019\/03\/58fcc459-nestle-150x150.jpg 150w, https:\/\/www.greenpeace.org\/static\/planet4-slovenia-stateless\/2019\/03\/58fcc459-nestle-300x300.jpg 300w, https:\/\/www.greenpeace.org\/static\/planet4-slovenia-stateless\/2019\/03\/58fcc459-nestle-768x768.jpg 768w, https:\/\/www.greenpeace.org\/static\/planet4-slovenia-stateless\/2019\/03\/58fcc459-nestle-340x340.jpg 340w, https:\/\/www.greenpeace.org\/static\/planet4-slovenia-stateless\/2019\/03\/58fcc459-nestle.jpg 1200w\" sizes=\"auto, (max-width: 613px) 100vw, 613px\" \/><\/p>\n<p dir=\"ltr\">Zato bomo\u00a0<a href=\"https:\/\/www.greenpeace.org\/international\/story\/20554\/our-ships-are-setting-sail-to-tackle-the-global-plastic-pollution-crisis\/\">plasti\u010dno po\u0161ast poslali nazaj tja,<\/a>\u00a0kjer je bila ustvarjena. V sklopu globalnega gibanja\u00a0<a class=\"zoom\" href=\"http:\/\/www.breakfreefromplastic.org\/\" target=\"_blank\" rel=\"noopener noreferrer\">#BreakFreeFromPlastic<\/a>\u00a0zahtevamo, da korporacije za\u010dnejo z uresni\u010devanjem konkretnih, drznih ukrepov, s katerimi bodo prenehale producirati zavrgljivo plastiko.<\/p>\n<p dir=\"ltr\">Nestl\u00e9 in Unilever sta bila poimenovana za najve\u010dja onesna\u017eevalca s plastiko\u00a0na Filipinih, temelje\u010d na seriji revizij odpadkov izvedenih na tem obmo\u010dju, ki so jih izvedli pri\u00a0<a class=\"zoom\" href=\"http:\/\/www.no-burn.org\/waba2019\/\" target=\"_blank\" rel=\"noopener noreferrer\">Global Alliance for Incinerator Alternatives (GAIA)<\/a>.<\/p>\n<p dir=\"ltr\">Pretekli konec tedna so Greenpeaceovi aktivisti in prostovoljci obiskali podjetje Unilever. Priplesali smo do sede\u017ea podjetja v Rotterdamu na Nizozemskem in jim dostavili velikansko plasti\u010dno po\u0161ast.<\/p>\n<p dir=\"ltr\">Sedaj \u017eelimo, da tudi podjetje\u00a0Nestl\u00e9\u00a0prejme to sporo\u010dilo: ustvarili ste plasti\u010dno po\u0161ast in zadnji \u010das je, da zanjo prevzamete odgovornost.<\/p>\n<p dir=\"ltr\">Na krovu Greenpeaceove ladje Beluga potujemo po evropski reki Ren, skozi Nizozemsko, Nem\u010dijo in Francijo, s seboj pa nosimo plasti\u010dno po\u0161ast s katero \u017eelimo podjetju Nestl\u00e9 poslati sporo\u010dilo, ki ga ne more ignorirati: \u010das je, da prenehate onesna\u017eevati na\u0161 planet s plastiko za enkratno uporabo.<\/p>\n<p dir=\"ltr\">Podjetje\u00a0Nestl\u00e9\u00a0je kon\u010dno priznalo, da zgolj recikliranje ne bo re\u0161ilo te krize.\u00a0Ampak \u0161e vedno ne ukrepa z nujnostjo in zadostnim obsegom, ki sta potrebna, da se spopademo s plasti\u010dnim onesna\u017eevanjem ter zmanj\u0161amo produkcijo zavrgljive plastike.<\/p>\n<p dir=\"ltr\">Nestl\u00e9\u00a0porabi\u00a0<a href=\"https:\/\/www.greenpeace.org\/usa\/news\/ellen-macarthur-foundation-report-shows-progress-on-throwaway-plastic-reductions-but-more-work-to-be-done\/\">1,7 milijonov ton plastike letno<\/a>. V zadnjih petih letih je podjetje svojo uporabo plasti\u010dnega pakiranja pove\u010dalo za 5 %. Neverjetnih 98 % produktov podjetja\u00a0Nestl\u00e9\u00a0se proda v zavrgljivi embala\u017ei in\u00a0Nestl\u00e9\u00a0zaseda tretje mesto na seznamu najve\u010djih globalnih onesna\u017eevalcev, po podatkih\u00a0<a href=\"https:\/\/www.breakfreefromplastic.org\/globalbrandauditreport2018\/\">revizij globalnih blagovnih znamk<\/a>\u00a0onesna\u017eevanja s plastiko.<\/p>\n<p dir=\"ltr\">Podjetje\u00a0Nestl\u00e9\u00a0mora preiti od besed k dejanjem: postopno mora za\u010deti opu\u0161\u010dati uporabo plastike za enkratno uporabo v svoji celotni oskrbovalni verigi in, kar je klju\u010dnega pomena, investirati v nove sisteme ponovnega pakiranja in ponovne uporabe. Da bi problem preprosto prenesli in za\u010deli namesto enega zavrgljivega materiala uporabljati drugega, ni re\u0161itev.<\/p>\n<p dir=\"ltr\">Nestl\u00e9, \u010das je, da prevzamete odgovornost za plasti\u010dno po\u0161ast, ki ste jo ustvarili.\u00a0\u010cas je, da naredite korak naprej od dvoumnih izjav in majhnih poskusov izbolj\u0161av ter kon\u010dno poka\u017eete, kak\u0161no je pravo vodstvo.<\/p>\n","protected":false},"excerpt":{"rendered":"<p>Ko je ladja Rainbow Warrior pred kratkim raziskovala vode okoli\u00a0otokov Verde\u00a0na Filipinih, gre za enega izmed najbolj neokrnjenih morskih ekosistemov na svetu, smo odkrili, da so celo najmanj\u0161i prebivalci tega&hellip;<\/p>\n","protected":false},"author":23,"featured_media":1452,"comment_status":"closed","ping_status":"open","sticky":false,"template":"","format":"standard","meta":{"ep_exclude_from_search":false,"p4_og_title":"","p4_og_description":"","p4_og_image":"","p4_og_image_id":"","p4_seo_canonical_url":"","p4_campaign_name":"","p4_local_project":"","p4_basket_name":"","p4_department":"","footnotes":""},"categories":[42],"tags":[22],"p4-page-type":[24],"class_list":["post-1450","post","type-post","status-publish","format-standard","has-post-thumbnail","hentry","category-prekomerna-potrosnja","tag-plastika","p4-page-type-blog"],"_links":{"self":[{"href":"https:\/\/www.greenpeace.org\/slovenia\/wp-json\/wp\/v2\/posts\/1450","targetHints":{"allow":["GET"]}}],"collection":[{"href":"https:\/\/www.greenpeace.org\/slovenia\/wp-json\/wp\/v2\/posts"}],"about":[{"href":"https:\/\/www.greenpeace.org\/slovenia\/wp-json\/wp\/v2\/types\/post"}],"author":[{"embeddable":true,"href":"https:\/\/www.greenpeace.org\/slovenia\/wp-json\/wp\/v2\/users\/23"}],"replies":[{"embeddable":true,"href":"https:\/\/www.greenpeace.org\/slovenia\/wp-json\/wp\/v2\/comments?post=1450"}],"version-history":[{"count":5,"href":"https:\/\/www.greenpeace.org\/slovenia\/wp-json\/wp\/v2\/posts\/1450\/revisions"}],"predecessor-version":[{"id":1464,"href":"https:\/\/www.greenpeace.org\/slovenia\/wp-json\/wp\/v2\/posts\/1450\/revisions\/1464"}],"wp:featuredmedia":[{"embeddable":true,"href":"https:\/\/www.greenpeace.org\/slovenia\/wp-json\/wp\/v2\/media\/1452"}],"wp:attachment":[{"href":"https:\/\/www.greenpeace.org\/slovenia\/wp-json\/wp\/v2\/media?parent=1450"}],"wp:term":[{"taxonomy":"category","embeddable":true,"href":"https:\/\/www.greenpeace.org\/slovenia\/wp-json\/wp\/v2\/categories?post=1450"},{"taxonomy":"post_tag","embeddable":true,"href":"https:\/\/www.greenpeace.org\/slovenia\/wp-json\/wp\/v2\/tags?post=1450"},{"taxonomy":"p4-page-type","embeddable":true,"href":"https:\/\/www.greenpeace.org\/slovenia\/wp-json\/wp\/v2\/p4-page-type?post=1450"}],"curies":[{"name":"wp","href":"https:\/\/api.w.org\/{rel}","templated":true}]}}