{"id":1457,"date":"2019-03-26T11:57:54","date_gmt":"2019-03-26T11:57:54","guid":{"rendered":"https:\/\/master.k8s.p4.greenpeace.org\/slovenia\/?p=1457"},"modified":"2023-06-01T16:16:51","modified_gmt":"2023-06-01T16:16:51","slug":"zmaga-sosedske-soncne-elektrarne-sedaj-realnost-tudi-v-sloveniji","status":"publish","type":"post","link":"https:\/\/www.greenpeace.org\/slovenia\/sporocilo-za-javnost\/1457\/zmaga-sosedske-soncne-elektrarne-sedaj-realnost-tudi-v-sloveniji\/","title":{"rendered":"ZMAGA! Sosedske son\u010dne elektrarne sedaj realnost tudi v Sloveniji"},"content":{"rendered":"<div class=\"leader\">\n<div><strong>Ljubljana, 26. 3. 2019 &#8211; Vlada RS je na seji prej\u0161nji teden sprejela prenovljeno\u00a0<a class=\"zoom\" href=\"http:\/\/www.energetika-portal.si\/nc\/novica\/n\/izdana-prenovljena-uredba-o-samooskrbi-z-elektricno-energijo-iz-obnovljivih-virov-energije-4178\/\" target=\"_blank\" rel=\"noopener noreferrer\">Uredbo o samooskrbi z elektri\u010dno energijo\u00a0 iz obnovljivih virov energije<\/a>, ki ve\u010djemu \u0161tevilu ljudi omogo\u010dajo, da sodelujejo pri proizvajanju \u010distej\u0161e energije. Skupina ljudi (odjemalcev) znotraj iste transformatorske postaje (TP) se bo namre\u010d lahko povezala in recimo postavila skupno son\u010dno elektrarno na strehi bli\u017enjega ob\u010dinskega vrtca, pri \u010demer se jim bo njihov dele\u017e proizvedene elektri\u010dne energije na oddaljenem mestu od\u0161tel od njihove porabe v lastnem domu. Organizaciji Focus, dru\u0161tvo za sonaraven razvoj, in Greenpeace Slovenija, ki sta si skupaj s Skupnostjo ob\u010din Slovenije zadnji dve leti prizadevali za te spremembe, pozdravljajo novo uredbo in pozivajo Vlado RS, da spremembe sedaj podpre z nacionalno kampanjo, ki bo dejansko spodbudila razcvet skupnostih projektov v slovenskih krajih.<\/strong><\/div>\n<\/div>\n<div>\n<p><strong>Tomislav Tkalec<\/strong>, strokovni sodelavec Focus, dru\u0161tva za sonaraven razvoj, je novico komentiral:<\/p>\n<p><em>V dru\u0161tvu Focus smo sprejetja uredbe veseli. Gre sicer za majhen, a pomemben korak v smeri trajnostnega energetskega prehoda, ki lahko obnovljivim virom energije dejansko vrne pozitivno podobo. Upamo, da bo uredba pripomogla k o\u017eivljanju sektorja obnovljivih virov energije, ki je v zadnjih letih stagniral. Zagotovo pa ta korak ni dovolj, zato bo morala vlada sprejeti precej bolj aktivno vlogo pri spodbujanju rabe obnovljivih virov energije. Dr\u017eavljane in skupnosti pozivamo, da izkoristijo prilo\u017enost, ki se jim ponuja: proizvodnja elektri\u010dne energije za lastne potrebe iz \u010distih virov, ki se izpla\u010da.<\/em><\/p>\n<p><strong>Katja Hu\u0161<\/strong>, vodja projektov na podro\u010dju podnebja in energije pri Greenpeace Slovenija, dodaja:<\/p>\n<p><em>Vlada RS je kon\u010dno prepoznala, da bomo imeli ljudje pomembno vlogo v energetskih sistemih prihodnosti, ki ne bodo ve\u010d sloneli na fosilnih gorivih. A ni\u010d ne bo pomagalo, \u010de bodo to ostale \u010drke na papirju. Pred kratkim je premier \u0160arec sprejel skupino mladih, ki so organizirali podnebni \u0161trajk v Sloveniji. \u010ce njegove besede o podpori podnebnemu boju niso le floskule, bo Vlada RS pospremila tudi ta novi ukrep s \u0161iroko (promocijsko) kampanjo, ki bo dejansko spodbudila ljudi in ob\u010dine, da postavljajo skupne elektrarne. Zakaj ne bi bili poleg nacionalnih kampanj o zdravju, prehrani, varnosti v prometu, ljudje obve\u0161\u010deni tudi o mo\u017enosti sosedske son\u010dne elektrarne?<\/em><\/p>\n<p>Do leta 2050 bi lahko\u00a0<strong>lastno elektri\u010dno energijo iz sonca in vetra proizvajalo ve\u010d kot 900.000 prebivalcev Slovenije<\/strong>, kar predstavlja skoraj polovico celotne populacije. Ti energetski dr\u017eavljani bi lahko do leta 2030 proizvajali 1,5 TWh, do leta 2050 pa 4 TWh elektri\u010dne energije.\u00a0<strong>Do sredine stoletja bi lahko tako energetski dr\u017eavljani pokrili \u010detrtino potreb Slovenije po elektri\u010dni energiji<a title=\"\" href=\"file:\/\/\/C:\/Users\/Matjaz%20Dovecar\/Downloads\/ZMAGA_Sosedske%20son%C4%8Dne%20elektrarne%20realnost%20tudi%20v%20Sloveniji.doc#_ftn1\" name=\"_ftnref1\">[1]<\/a><\/strong>.<\/p>\n<p><img loading=\"lazy\" decoding=\"async\" class=\"aligncenter\" title=\"Virtualni net metering (c) Greenpeace\" src=\"http:\/\/www.greenpeace.org\/slovenia\/Global\/slovenia\/Fotke\/teaser%20pics\/VNM.png\" alt=\"Virtualni net metering (c) Greenpeace\" width=\"600\" height=\"503\" \/><\/p>\n<hr \/>\n<p>&nbsp;<\/p>\n<p><strong>Kontakt<\/strong><\/p>\n<p>Dr. Tomislav Tkalec, Focus, dru\u0161tvo za sonaraven razvoj, 01 515 40 80,\u00a0tomi@focus.si;<\/p>\n<p>Katja Hu\u0161, Greenpeace v Sloveniji, 040 981 621,\u00a0katja.hus@greenpeace.org<\/p>\n<div>\n<p>&nbsp;<\/p>\n<hr align=\"left\" size=\"1\" width=\"33%\" \/>\n<div id=\"ftn1\">\n<p><a title=\"\" href=\"file:\/\/\/C:\/Users\/Matjaz%20Dovecar\/Downloads\/ZMAGA_Sosedske%20son%C4%8Dne%20elektrarne%20realnost%20tudi%20v%20Sloveniji.doc#_ftnref1\" name=\"_ftn1\">[1]<\/a>\u00a0Poro\u010dilo z naslovom\u00a0<a href=\"http:\/\/www.greenpeace.org\/slovenia\/si\/Medijsko-sredisce\/zadnje-objave\/Prebivalci-kot-steber-energetske-tranzicije\/\"><em>Potencial za energetske dr\u017eavljane v Evropski uniji<\/em><\/a>je izvedel okoljski raziskovalni in\u0161titut CE Delft po naro\u010dilu Evropske zveze za obnovljivo energijo (EREF) ter organizacij Friends of the Earth Europe, Greenpeace in REScoop.eu.<\/p>\n<\/div>\n<\/div>\n<\/div>\n","protected":false},"excerpt":{"rendered":"<p>Ljubljana, 26. 3. 2019 Vlada RS je na seji prej\u0161nji teden sprejela prenovljeno\u00a0Uredbo o samooskrbi z elektri\u010dno energijo\u00a0 iz obnovljivih virov energije, ki ve\u010djemu \u0161tevilu ljudi omogo\u010dajo, da sodelujejo pri&hellip;<\/p>\n","protected":false},"author":23,"featured_media":950,"comment_status":"closed","ping_status":"open","sticky":false,"template":"","format":"standard","meta":{"ep_exclude_from_search":false,"p4_og_title":"","p4_og_description":"","p4_og_image":"","p4_og_image_id":"","p4_seo_canonical_url":"","p4_campaign_name":"","p4_local_project":"","p4_basket_name":"","p4_department":"","footnotes":""},"categories":[45],"tags":[23,29,41],"p4-page-type":[46],"class_list":["post-1457","post","type-post","status-publish","format-standard","has-post-thumbnail","hentry","category-podnebje","tag-podnebje","tag-energetskeskupnosti","tag-obnovljivivirienergije","p4-page-type-sporocilo-za-javnost"],"_links":{"self":[{"href":"https:\/\/www.greenpeace.org\/slovenia\/wp-json\/wp\/v2\/posts\/1457","targetHints":{"allow":["GET"]}}],"collection":[{"href":"https:\/\/www.greenpeace.org\/slovenia\/wp-json\/wp\/v2\/posts"}],"about":[{"href":"https:\/\/www.greenpeace.org\/slovenia\/wp-json\/wp\/v2\/types\/post"}],"author":[{"embeddable":true,"href":"https:\/\/www.greenpeace.org\/slovenia\/wp-json\/wp\/v2\/users\/23"}],"replies":[{"embeddable":true,"href":"https:\/\/www.greenpeace.org\/slovenia\/wp-json\/wp\/v2\/comments?post=1457"}],"version-history":[{"count":5,"href":"https:\/\/www.greenpeace.org\/slovenia\/wp-json\/wp\/v2\/posts\/1457\/revisions"}],"predecessor-version":[{"id":1462,"href":"https:\/\/www.greenpeace.org\/slovenia\/wp-json\/wp\/v2\/posts\/1457\/revisions\/1462"}],"wp:featuredmedia":[{"embeddable":true,"href":"https:\/\/www.greenpeace.org\/slovenia\/wp-json\/wp\/v2\/media\/950"}],"wp:attachment":[{"href":"https:\/\/www.greenpeace.org\/slovenia\/wp-json\/wp\/v2\/media?parent=1457"}],"wp:term":[{"taxonomy":"category","embeddable":true,"href":"https:\/\/www.greenpeace.org\/slovenia\/wp-json\/wp\/v2\/categories?post=1457"},{"taxonomy":"post_tag","embeddable":true,"href":"https:\/\/www.greenpeace.org\/slovenia\/wp-json\/wp\/v2\/tags?post=1457"},{"taxonomy":"p4-page-type","embeddable":true,"href":"https:\/\/www.greenpeace.org\/slovenia\/wp-json\/wp\/v2\/p4-page-type?post=1457"}],"curies":[{"name":"wp","href":"https:\/\/api.w.org\/{rel}","templated":true}]}}