{"id":1495,"date":"2019-04-12T08:30:13","date_gmt":"2019-04-12T08:30:13","guid":{"rendered":"https:\/\/master.k8s.p4.greenpeace.org\/slovenia\/?p=1495"},"modified":"2023-06-01T16:16:50","modified_gmt":"2023-06-01T16:16:50","slug":"greenpeaceovi-aktivisti-so-vpadli-na-letni-sestanek-skupscine-nestle-ter-vse-pozvali-naj-prenehajo-z-onesnazevanjem-s-plastiko","status":"publish","type":"post","link":"https:\/\/www.greenpeace.org\/slovenia\/sporocilo-za-javnost\/1495\/greenpeaceovi-aktivisti-so-vpadli-na-letni-sestanek-skupscine-nestle-ter-vse-pozvali-naj-prenehajo-z-onesnazevanjem-s-plastiko\/","title":{"rendered":"Greenpeaceovi aktivisti so vpadli na letni sestanek skup\u0161\u010dine Nestl\u00e9 ter vse pozvali, naj prenehajo z onesna\u017eevanjem s plastiko"},"content":{"rendered":"<h5>Mednarodno sporo\u010dilo za javnost<\/h5>\n<p><span style=\"font-weight: 400;\"><strong>Lausanne, \u0160vica, 11. april 2019<\/strong> &#8212; Greenpeacovi aktivisti iz \u0160vice so danes prekinili Nestl\u00e9jev letni sestanek skup\u0161\u010dine (AGM) ter lastnike podjetja soo\u010dili z odpadno plastiko, ki jo proizvajajo in ki onesna\u017euje na\u0161 planet<\/span><span style=\"font-weight: 400;\">. <\/span><\/p>\n<p><span style=\"font-weight: 400;\">Greenpeace in zavezniki iz globalnega gibanja <strong>Break Free From Plastic<\/strong> so v svojih govorih na dogodku zahtevali, da Nestl\u00e9 preneha s svojo odvisnostjo od plastike za enkratno uporabo in takoj investira v alternativne sisteme dostavljanja svojih produktov, ki temeljijo na ponovnem polnjenju in ponovni uporabi in so sistemi, s katerimi bi lahko Nestl\u00e9 kon\u010dal to \u201ckatastrofo za okolje in socialno pravi\u010dnost.\u201d <\/span><\/p>\n<p><span style=\"font-weight: 400;\">Izvr\u0161na direktorica Greenpeace International <strong>Jennifer Morgan<\/strong>, je pozvala direktorje in delni\u010darje podjetja Nestl\u00e9, da poka\u017eejo pravo vodenje, s katerim lahko re\u0161ijo krizo onesna\u017eevanja s plastiko:<\/span><\/p>\n<p><span style=\"font-weight: 400;\">\u201c<em>Sem smo prispeli s svoji zavezniki, z globalnim gibanjem Break Free From Plastic, ki ga napajajo ljudje in ki raste vsak dan, da povemo podjetju Nestl\u00e9, da imamo dovolj. Ljudje lahko na lastne o\u010di vidimo vso \u0161kodo, ki jo onesna\u017eevanje s plastiko povzro\u010da na\u0161im oceanom, vodam in skupnostim. Vsi smo bili pri\u010de na\u010dinom, na katere plastika zastruplja na\u0161o dragoceno biodiverziteto in \u0161ele za\u010deli smo razumeti, kako plastika zastruplja nas vse.<\/em>\u201d<\/span><\/p>\n<p><img loading=\"lazy\" decoding=\"async\" class=\"alignright wp-image-1496\" src=\"https:\/\/www.greenpeace.org\/static\/planet4-slovenia-stateless\/2019\/04\/ead2477e-56675270_2557032200991754_8786318758974062592_n-300x300.jpg\" alt=\"\" width=\"350\" height=\"350\" srcset=\"https:\/\/www.greenpeace.org\/static\/planet4-slovenia-stateless\/2019\/04\/ead2477e-56675270_2557032200991754_8786318758974062592_n-300x300.jpg 300w, https:\/\/www.greenpeace.org\/static\/planet4-slovenia-stateless\/2019\/04\/ead2477e-56675270_2557032200991754_8786318758974062592_n-150x150.jpg 150w, https:\/\/www.greenpeace.org\/static\/planet4-slovenia-stateless\/2019\/04\/ead2477e-56675270_2557032200991754_8786318758974062592_n-768x768.jpg 768w, https:\/\/www.greenpeace.org\/static\/planet4-slovenia-stateless\/2019\/04\/ead2477e-56675270_2557032200991754_8786318758974062592_n-340x340.jpg 340w, https:\/\/www.greenpeace.org\/static\/planet4-slovenia-stateless\/2019\/04\/ead2477e-56675270_2557032200991754_8786318758974062592_n.jpg 960w\" sizes=\"auto, (max-width: 350px) 100vw, 350px\" \/><\/p>\n<p><span style=\"font-weight: 400;\">\u201c<em>Onesna\u017eevanje s plastiko je okoljska katastro<\/em><\/span><em>fa in je viden simptom svetovne bolezni, ki jo je povzro\u010dila ekonomija, temelje\u010da na neskon\u010dni porabi in dostopnosti za vsako ceno. V preteklem letu je podjetje Nestl\u00e9 proizvedlo 1,7 milijonov ton plastike &#8212; to je 13% ve\u010d kot leto poprej &#8212; medtem ko so pri podjetju zatrjevali, da se<\/em><em>\u00a0resno ukvarjajo s problemom plasti\u010dnega onesna\u017eevanja. Za podjetje Nestl\u00e9 je nastopil \u010das, da prevzame nekaj odgovornosti za svoj obse\u017een doprinos k temu problemu: podjetje mora postati transparentno, predstaviti mora konkreten na\u010drt ukrepov, z ambicioznimi \u010dasovnimi roki ter skr\u010diti svojo produkcijo zavrgljive plastike in investirati v resni\u010dno trajnostne sisteme ponovnega polnjenja in ponovne uporabe.<\/em>\u201d<\/p>\n<p><a href=\"http:\/\/www.no-burn.org\/waba2019\"><span style=\"font-weight: 400;\">Nedavno objavljeno poro\u010dilo<\/span><\/a><span style=\"font-weight: 400;\"> s strani organizacije <strong>Global Alliance for Incinerator Alternatives<\/strong> (<strong>GAIA<\/strong>), je odkrilo, da je podjetje Nestl\u00e9 ena izmed blagovnih znamk, ki povzro\u010da najve\u010d onesna\u017eevanja s plastiko, po podatkih revizij odpadkov, ki so bile izvedene na Filipinih, kjer so skupnosti postale smeti\u0161\u010da zaradi globalnega trgovanja z odpadki<\/span><span style=\"font-weight: 400;\">. <\/span><span style=\"font-weight: 400;\"><strong>Froilan Grate<\/strong>, izvr\u0161ni direktor pri GAIA Philippines, je na AGM prav tako povedal nekaj besed, s katerimi je opisal onesna\u017eevanje s plastiko, ki mu je v svoji skupnosti pri\u010da vsak dan: <\/span><\/p>\n<p><span style=\"font-weight: 400;\">\u201c<em>Onesna\u017eevanje s plastiko je morda zelo vidno na Filipinih in v drugih azijskih dr\u017eavah, vendar se je kriza za\u010dela v va\u0161ih sejnih sobah, ko ste se odlo\u010dili, da boste va\u0161e izdelke prodajali v plasti\u010dni embala\u017ei za enkratno uporabo, ki je ni mogo\u010de reciklirati ter jo nato odvrgli na podro\u010djih, kjer ni primerne infrastrukture za njeno upravljanje. Tukaj sem v imenu svoje skupnosti, da vam povem, da no\u010demo ve\u010d va\u0161e strupene plasti\u010dne embala\u017ee. Le-ta du\u0161i na\u0161e vode, polni na\u0161a smeti\u0161\u010da, uni\u010duje na\u0161e skupnosti in \u0161koduje na\u0161emu zdravju. \u010cas je, da tudi vi za\u010dnete to krizo jemati resno, se prenehate osredoto\u010dati na la\u017ene re\u0161itve in investirate v nove sisteme pakiranja, s katerimi lahko ustavite to krizo.<\/em>\u201d<\/span><\/p>\n<p><span style=\"font-weight: 400;\">Greenpeace od podjetja Nestl\u00e9 in ostalih multinacionalnih korporacij zahteva, naj nemudoma postanejo transparentne o svoji celotni uporabi plastike in da predlo\u017eijo konkretne ukrepe z ambicioznimi \u010dasovnimi okvirji, znotraj katerih bodo zmanj\u0161ale svojo odvisnost od plastike za enkratno uporabo in prerasle trenutno kulturo zavrgljivih odpadkov.<\/span><\/p>\n<div id=\"attachment_1498\" style=\"width: 1034px\" class=\"wp-caption alignnone\"><img loading=\"lazy\" decoding=\"async\" aria-describedby=\"caption-attachment-1498\" class=\"wp-image-1498 size-large\" src=\"https:\/\/www.greenpeace.org\/static\/planet4-slovenia-stateless\/2019\/04\/8c0a88ed-57125751_10157155038082766_6983393399097262080_o-1024x498.jpg\" alt=\"\" width=\"1024\" height=\"498\" srcset=\"https:\/\/www.greenpeace.org\/static\/planet4-slovenia-stateless\/2019\/04\/8c0a88ed-57125751_10157155038082766_6983393399097262080_o-1024x498.jpg 1024w, https:\/\/www.greenpeace.org\/static\/planet4-slovenia-stateless\/2019\/04\/8c0a88ed-57125751_10157155038082766_6983393399097262080_o-300x146.jpg 300w, https:\/\/www.greenpeace.org\/static\/planet4-slovenia-stateless\/2019\/04\/8c0a88ed-57125751_10157155038082766_6983393399097262080_o-768x373.jpg 768w, https:\/\/www.greenpeace.org\/static\/planet4-slovenia-stateless\/2019\/04\/8c0a88ed-57125751_10157155038082766_6983393399097262080_o-510x248.jpg 510w, https:\/\/www.greenpeace.org\/static\/planet4-slovenia-stateless\/2019\/04\/8c0a88ed-57125751_10157155038082766_6983393399097262080_o.jpg 1152w\" sizes=\"auto, (max-width: 1024px) 100vw, 1024px\" \/><p id=\"caption-attachment-1498\" class=\"wp-caption-text\">Govor Jeniffer Morgan in akcija Greenpeaceovih aktivistov na skup\u0161\u010dini delni\u010darjev Nestl\u00e9ja. (c) Greenpeace.<\/p><\/div>\n<p>&nbsp;<\/p>\n<p><span style=\"font-weight: 400;\">KONEC<\/span><\/p>\n<p>&nbsp;<\/p>\n<p><b>Slike <\/b><span style=\"font-weight: 400;\">iz dogodka N<\/span><span style=\"font-weight: 400;\">estl\u00e9<\/span><span style=\"font-weight: 400;\"> AGM so dostopne <\/span><a href=\"https:\/\/media.greenpeace.org\/collection\/27MZIFJWGOL2A\"><span style=\"font-weight: 400;\">tukaj.<\/span><\/a><\/p>\n<p>&nbsp;<\/p>\n<p><b>Opombe:<\/b><\/p>\n<p><span style=\"font-weight: 400;\">[1] <\/span><a href=\"http:\/\/www.no-burn.org\/waba2019\"><span style=\"font-weight: 400;\">http:\/\/www.no-burn.org\/waba2019<\/span><\/a><span style=\"font-weight: 400;\"> \u00a0<\/span><\/p>\n<p><span style=\"font-weight: 400;\">[2] Podjetje Nestl\u00e9 je bilo eno izmed najve\u010djih korporativnih onesna\u017eevalcev s plastiko, identificiran v svetovnem \u010di\u0161\u010denju in reviziji blagovnih znamk, ki jih je prej\u0161nje leto izvedlo zavezni\u0161tvo Break Free From Plastic. Celotni rezultati so na voljo <\/span><a href=\"https:\/\/www.greenpeace.org\/international\/press-release\/18872\/coca-cola-pepsico-and-Nestl%C3%A9-found-to-be-worst-plastic-polluters-worldwide-in-global-cleanups-and-brand-audits\/\"><span style=\"font-weight: 400;\">tukaj<\/span><\/a><span style=\"font-weight: 400;\">. <\/span><\/p>\n<p><span style=\"font-weight: 400;\">[3] Celoten govor izvr\u0161ne direktorice Greenpeace International Jennifer Morgan na Nestl\u00e9jevem AGM-ju je dostopen <a href=\"https:\/\/www.facebook.com\/greenpeace.international\/videos\/304093957181337\/\">tukaj<\/a>.<\/span><\/p>\n<p><span style=\"font-weight: 400;\">[4] Informativno gradivo o podjetju Nestl<\/span><span style=\"font-weight: 400;\">\u00e9 in onesna\u017eevanju s plastiko je dostopno <a href=\"https:\/\/www.greenpeace.org\/international\/story\/21712\/were-going-after-nestle-heres-why\/\">tukaj<\/a>. <\/span><\/p>\n<p>&nbsp;<\/p>\n<p><b>Kontakti<\/b><span style=\"font-weight: 400;\">: <\/span><\/p>\n<p><span style=\"font-weight: 400;\"><strong>Katja Podbev\u0161ek<\/strong>, vodja Greenpeace Slovenija, <\/span><a href=\"mailto:katja.podbevsek@greenpeace.org\"><span style=\"font-weight: 400;\">katja.podbevsek@greenpeace.org<\/span><\/a>,<span style=\"font-weight: 400;\"> 040 235 949<\/span><\/p>\n<p><span style=\"font-weight: 400;\"><strong>Capucine Dayen<\/strong>, Greenpeace ZDA, vodja globalnih komunikacij za plastiko: +33 647 971 819, <\/span><a href=\"mailto:capucine.dayen@greenpeace.org\"><span style=\"font-weight: 400;\">capucine.dayen@greenpeace.org<\/span><\/a><\/p>\n","protected":false},"excerpt":{"rendered":"<p>Mednarodno sporo\u010dilo za javnost Lausanne, \u0160vica, 11. april 2019 &#8212; Greenpeacovi aktivisti iz \u0160vice so danes prekinili Nestl\u00e9jev letni sestanek skup\u0161\u010dine (AGM) ter [direktorje soo\u010dili z odpadno plastiko, ki jo&hellip;<\/p>\n","protected":false},"author":25,"featured_media":1503,"comment_status":"closed","ping_status":"open","sticky":false,"template":"","format":"standard","meta":{"ep_exclude_from_search":false,"p4_og_title":"","p4_og_description":"","p4_og_image":"","p4_og_image_id":"","p4_seo_canonical_url":"","p4_campaign_name":"","p4_local_project":"","p4_basket_name":"","p4_department":"","footnotes":""},"categories":[42],"tags":[22],"p4-page-type":[46],"class_list":["post-1495","post","type-post","status-publish","format-standard","has-post-thumbnail","hentry","category-prekomerna-potrosnja","tag-plastika","p4-page-type-sporocilo-za-javnost"],"_links":{"self":[{"href":"https:\/\/www.greenpeace.org\/slovenia\/wp-json\/wp\/v2\/posts\/1495","targetHints":{"allow":["GET"]}}],"collection":[{"href":"https:\/\/www.greenpeace.org\/slovenia\/wp-json\/wp\/v2\/posts"}],"about":[{"href":"https:\/\/www.greenpeace.org\/slovenia\/wp-json\/wp\/v2\/types\/post"}],"author":[{"embeddable":true,"href":"https:\/\/www.greenpeace.org\/slovenia\/wp-json\/wp\/v2\/users\/25"}],"replies":[{"embeddable":true,"href":"https:\/\/www.greenpeace.org\/slovenia\/wp-json\/wp\/v2\/comments?post=1495"}],"version-history":[{"count":6,"href":"https:\/\/www.greenpeace.org\/slovenia\/wp-json\/wp\/v2\/posts\/1495\/revisions"}],"predecessor-version":[{"id":1505,"href":"https:\/\/www.greenpeace.org\/slovenia\/wp-json\/wp\/v2\/posts\/1495\/revisions\/1505"}],"wp:featuredmedia":[{"embeddable":true,"href":"https:\/\/www.greenpeace.org\/slovenia\/wp-json\/wp\/v2\/media\/1503"}],"wp:attachment":[{"href":"https:\/\/www.greenpeace.org\/slovenia\/wp-json\/wp\/v2\/media?parent=1495"}],"wp:term":[{"taxonomy":"category","embeddable":true,"href":"https:\/\/www.greenpeace.org\/slovenia\/wp-json\/wp\/v2\/categories?post=1495"},{"taxonomy":"post_tag","embeddable":true,"href":"https:\/\/www.greenpeace.org\/slovenia\/wp-json\/wp\/v2\/tags?post=1495"},{"taxonomy":"p4-page-type","embeddable":true,"href":"https:\/\/www.greenpeace.org\/slovenia\/wp-json\/wp\/v2\/p4-page-type?post=1495"}],"curies":[{"name":"wp","href":"https:\/\/api.w.org\/{rel}","templated":true}]}}